{"id":32282,"date":"2019-10-02T11:03:46","date_gmt":"2019-10-02T11:03:46","guid":{"rendered":"http:\/\/diariodominicano.ddns.net\/?p=32282"},"modified":"2019-10-02T11:03:46","modified_gmt":"2019-10-02T11:03:46","slug":"una-posibilidad-unica-de-cambio-en-la-iglesia-catolica-romana","status":"publish","type":"post","link":"https:\/\/diariodominicano.com\/?p=32282","title":{"rendered":"\u00abUna posibilidad \u00fanica de cambio en la Iglesia Cat\u00f3lica Romana\u00bb"},"content":{"rendered":"<p><body><\/p>\n<p><img decoding=\"async\" src=\"img3\/boff2.jpg\" \/><br \/><img decoding=\"async\" src=\"img3\/boff3.jpg\" \/>  <\/p>\n<p><strong>Sergio Ferrari<\/strong><\/p>\n<\/p>\n<p>El Vaticano reunir\u00e1 entre el 6 y el 27 de octubre cerca de 300 personalidades ? entre las cuales 110 obispos latinoamericanos, de Bolivia, Brasil, Colombia, Ecuador, Per\u00fa y Venezuela- para participar en el S\u00ednodo \u00abAmazon\u00eda, Nuevos Caminos para la Iglesia y para una Ecolog\u00eda Integral\u00bb.  Una convocatoria trascendente para el futuro de la Iglesia, tal como lo se\u00f1ala el pensador y militante social brasilero Leonardo Boff, uno de los padres fundadores de la Teolog\u00eda de la Liberaci\u00f3n. Como lo analiza en esta entrevista exclusiva, Boff percibe la posibilidad, como resultado de este c\u00f3nclave, de un reforzamiento de la postura de la Iglesia frente al cada d\u00eda m\u00e1s vigente tema ecol\u00f3gico. Y, al mismo tiempo, la oportunidad para incorporar cambios importantes al interior mismo de la instituci\u00f3n.<\/p>\n<\/p>\n<p>P: Entre el 6 y el 26 de octubre se realizar\u00e1 en Roma, el S\u00ednodo para la Amazonia, \u00bfcu\u00e1l es su visi\u00f3n sobre la importancia que puede tener esta convocatoria vaticana?<\/p>\n<\/p>\n<p>Leonardo Boff:  La percibo como una oportunidad \u00fanica que tiene el Papa Francisco para hacer cambios. Los que desde el centro del poder religioso en el Vaticano no podr\u00eda hacer jam\u00e1s. En primer lugar, subraya el car\u00e1cter sinodal del encuentro, es decir, las decisiones dependen de todos los participantes, incluso de los pueblos originarios. El texto es claro:  no se trata de convertir a las culturas, sino de evangelizar en las culturas, de forma que pueda nacer una Iglesia nueva con rostro ind\u00edgena, con su sabidur\u00eda ancestral, con sus ritos y h\u00e1bitos. En este contexto promueve la discusi\u00f3n sobre la oportunidad de consagrar para el ministerio laico, a casados e ind\u00edgenas que van a convivir en esas comunidades lejanas. Y, tambi\u00e9n, sobre un ministerio oficial de las mujeres. Hay obispos que proponen no referirse a \u00abviri probati\u00bb (ndr. Hombres de car\u00e1cter probado) sino a \u00abpersonae probatae\u00bb (ndr. persona de car\u00e1cter probado), con la posibilidad de ampliar el sacerdocio a las mujeres.  <\/p>\n<\/p>\n<p>P: No faltan sectores en la iglesia jer\u00e1rquica conservadora que, desde antes de comenzar el S\u00ednodo, ya han comenzado a alzar sus voces contra ciertos contenidos propuestos para el debate&#8230;<\/p>\n<\/p>\n<p>LB: Aquellos que, en Europa y Estados Unidos, a ra\u00edz de las afirmaciones del texto b\u00e1sico, acusan al Papa de herej\u00eda, son los mismos que viven como rehenes del paradigma europeo, olvid\u00e1ndose que el cristianismo actual naci\u00f3 de la incorporaci\u00f3n de la cultura griega, romana y germ\u00e1nica. \u00bfPor qu\u00e9 no permitir que hoy nuestros pueblos puedan hacer lo mismo? Por detr\u00e1s de las acusaciones al Papa se esconde una cuesti\u00f3n de poder. Los que le acusan, no aceptan la emergencia de otro tipo de Iglesia, de iglesias m\u00e1s vitales y m\u00e1s numerosas, con sus teolog\u00edas y liturgias. Finalmente, es importante recordar que los cat\u00f3licos en las Am\u00e9ricas somos mayor\u00eda con 62%, mientras los europeos son solamente 25% de todos los cat\u00f3licos en el mundo.<\/p>\n<\/p>\n<p>Aqu\u00ed se da una verdadera eclesiogenesis (ndr: remite a su libro Eclesiogenesis, las comunidades de base reinventan la iglesia), el nacimiento de una verdadera Iglesia, cat\u00f3lica y con otro rostro. Hay algunos cardenales ? como los dos alemanes y un norteamericano que se pronunciaron p\u00fablicamente &#8211; que no aceptan tal visi\u00f3n, tal nacimiento. Quieren mantener la hegemon\u00eda del tipo de Iglesia romano-cat\u00f3lica, ahora ag\u00f3nica y con poca irradiaci\u00f3n en el mundo.<\/p>\n<\/p>\n<p>El Papa Francisco representa este tipo nuevo de Iglesia con otra visi\u00f3n del ejercicio del poder sagrado, sencillo, evang\u00e9lico, sin hacer hincapi\u00e9 en doctrinas y dogmas sino en el encuentro vivo con Jes\u00fas. Asumiendo su ejemplo porque, dijo, vino para ense\u00f1arnos a vivir el amor incondicional, la solidaridad, la compasi\u00f3n, la apertura total a Dios-Papa\u00edto (ndr: Dios Papi, Tata).<\/p>\n<\/p>\n<p>P: Visi\u00f3n de proximidad, de camino com\u00fan, que se refuerza adem\u00e1s en el hecho que este S\u00ednodo prioriza la Amazon\u00eda, una regi\u00f3n hoy muy sensible para todo el equilibrio ecol\u00f3gico planetario y hoy, sumamente amenazada&#8230;<\/p>\n<\/p>\n<p>LB: S\u00ed&#8230;El Papa eligi\u00f3 la Amazon\u00eda como tem\u00e1tica porque sabe de su importancia para el equilibrio de la Tierra y para el destino com\u00fan Tierra-Humanidad. Ella tiene un rol decisivo para el futuro de la vida. Por eso que quiso que el S\u00ednodo se celebrara en Roma, para que toda la humanidad pudiera acompa\u00f1ar las discusiones y tomar conciencia de la grave crisis por que pasa el sistema-Tierra y el sistema-vida.<\/p>\n<\/p>\n<p>P: \u00bfParticipar\u00e1 Usted en dicho S\u00ednodo?<\/p>\n<\/p>\n<p>LB: No fui invitado. Hay que reconocer que soy una figura pol\u00e9mica para muchos obispos, a pesar de todo el apoyo que le di al Papa Francisco y del apoyo que yo personalmente recib\u00ed de su parte. Pero colaboro con textos, algunos enviados directamente al Papa y otros al grupo Amerindia (una articulaci\u00f3n de muchos grupos de la Iglesia Latinoamericana) que estar\u00e1 presente en Roma.<\/p>\n<\/p>\n<p>P: \u00bfEl S\u00ednodo es un paso inteligente, *oportunista*, de la Iglesia Cat\u00f3lica Romana ante la gravedad de la situaci\u00f3n ambiental o, sobre todo, una manera de recuperar tiempo perdido en la defensa ecol\u00f3gica de la Tierra?<\/p>\n<\/p>\n<p>LB: La Iglesia Cat\u00f3lica, finalmente, despert\u00f3 para abrirse al problema ecol\u00f3gico integral, lo que ya el Consejo Mundial de Iglesias hab\u00eda asumido muchos a\u00f1os atr\u00e1s con el lema: Justicia, Paz y Preservaci\u00f3n de la Creaci\u00f3n. La Enc\u00edclica Laudato si del 2015 sobre el cuidado de la Casa Com\u00fan representa este viraje de la Iglesia Cat\u00f3lica. No se trata de un texto para los cristianos, sino para toda la humanidad. Ni se reduce a una ecolog\u00eda verde, sino integral, cubriendo lo ambiental, lo social, lo pol\u00edtico, lo cultural, lo cotidiano y lo espiritual. Con este texto el Papa se pone en la punta de la discusi\u00f3n mundial sobre la ecolog\u00eda. Hasta ahora la Iglesias eras m\u00e1s un problema que una soluci\u00f3n para la situaci\u00f3n de la Tierra. Ahora ofrecen, desde su riqueza espiritual, una contribuci\u00f3n de gran calidad.<\/p>\n<\/p>\n<p><strong>Fotos <\/strong><\/p>\n<p>La 1era a la izquierda. Leonardo Boff: Foto: Douglas Mansur<\/p>\n<p>La del medio y la de la derecha. Leonardo Boff: fotos Sergio Ferrari <\/p>\n<\/p>\n<p><strong>Sergio Ferrari<\/strong><\/p>\n<p>Journaliste RP\/periodista RP<\/p>\n<h6> 2019-10-02 11:03:46 <\/h6>\n<p><!--\n<link rel=\"stylesheet\" href=\"css\/bootstrap.min.css\">\n\n\n<ul class=\"pagination\">\n\t    \n\t\n\n<li >\n\t<a href='?page_no=1176'>Previous<\/a>\n\t<\/li>\n\n\n       \n    \n\n<li><a href='?page_no=1'>1<\/a><\/li>\n\n\n\n<li><a href='?page_no=2'>2<\/a><\/li>\n\n\n\n<li><a>...<\/a><\/li>\n\n\n\n<li><a href='?page_no=1175'>1175<\/a><\/li>\n\n\n\n<li><a href='?page_no=1176'>1176<\/a><\/li>\n\n\n\n<li class='active'><a>1177<\/a><\/li>\n\n\n\n<li><a href='?page_no=1178'>1178<\/a><\/li>\n\n\n\n<li><a href='?page_no=1179'>1179<\/a><\/li>\n\n\n\n<li><a>...<\/a><\/li>\n\n\n\n<li><a href='?page_no=1549'>1549<\/a><\/li>\n\n\n\n<li><a href='?page_no=1550'>1550<\/a><\/li>\n\n    \n\t\n\n<li >\n\t<a href='?page_no=1178'>Next<\/a>\n\t<\/li>\n\n\n    \n\n<li><a href='?page_no=1550'>Last &rsaquo;&rsaquo;<\/a><\/li>\n\n<\/ul>\n\n\n--><br \/>\n<\/body><\/p>\n","protected":false},"excerpt":{"rendered":"<p>Sergio Ferrari El Vaticano reunir\u00e1 entre el 6 y el 27 de octubre cerca de 300 personalidades ? entre las cuales 110 obispos latinoamericanos, de Bolivia, Brasil, Colombia, Ecuador, Per\u00fa y Venezuela- para participar en el S\u00ednodo \u00abAmazon\u00eda, Nuevos Caminos para la Iglesia y para una Ecolog\u00eda Integral\u00bb. Una convocatoria trascendente para el futuro de [&hellip;]<\/p>\n","protected":false},"author":3,"featured_media":0,"comment_status":"open","ping_status":"open","sticky":false,"template":"","format":"standard","meta":{"footnotes":""},"categories":[19],"tags":[],"class_list":["post-32282","post","type-post","status-publish","format-standard","hentry","category-mi-voz"],"_links":{"self":[{"href":"https:\/\/diariodominicano.com\/index.php?rest_route=\/wp\/v2\/posts\/32282","targetHints":{"allow":["GET"]}}],"collection":[{"href":"https:\/\/diariodominicano.com\/index.php?rest_route=\/wp\/v2\/posts"}],"about":[{"href":"https:\/\/diariodominicano.com\/index.php?rest_route=\/wp\/v2\/types\/post"}],"author":[{"embeddable":true,"href":"https:\/\/diariodominicano.com\/index.php?rest_route=\/wp\/v2\/users\/3"}],"replies":[{"embeddable":true,"href":"https:\/\/diariodominicano.com\/index.php?rest_route=%2Fwp%2Fv2%2Fcomments&post=32282"}],"version-history":[{"count":0,"href":"https:\/\/diariodominicano.com\/index.php?rest_route=\/wp\/v2\/posts\/32282\/revisions"}],"wp:attachment":[{"href":"https:\/\/diariodominicano.com\/index.php?rest_route=%2Fwp%2Fv2%2Fmedia&parent=32282"}],"wp:term":[{"taxonomy":"category","embeddable":true,"href":"https:\/\/diariodominicano.com\/index.php?rest_route=%2Fwp%2Fv2%2Fcategories&post=32282"},{"taxonomy":"post_tag","embeddable":true,"href":"https:\/\/diariodominicano.com\/index.php?rest_route=%2Fwp%2Fv2%2Ftags&post=32282"}],"curies":[{"name":"wp","href":"https:\/\/api.w.org\/{rel}","templated":true}]}}