{"id":32277,"date":"2019-10-10T00:10:05","date_gmt":"2019-10-10T00:10:05","guid":{"rendered":"http:\/\/diariodominicano.ddns.net\/?p=32277"},"modified":"2019-10-10T00:10:05","modified_gmt":"2019-10-10T00:10:05","slug":"economia-y-tecnologia-deshumanizantes","status":"publish","type":"post","link":"https:\/\/diariodominicano.com\/?p=32277","title":{"rendered":"Econom\u00eda y tecnolog\u00eda deshumanizantes"},"content":{"rendered":"<p><body><\/p>\n<p><img decoding=\"async\" src=\"img3\/javier00.jpg\" \/>  <\/p>\n<p><strong>Por: Javier Dar\u00edo Restrepo.<\/strong><\/p>\n<\/p>\n<p>\u00abHoy quiero dar a conocer, uno de varios trabajo in\u00e9dito de nuestro maestro Dr. Javier Dar\u00edo Restrepo, (reci\u00e9n fallecido el domingo 6 de octubre). Este trabajo es integro en reconocimiento en el segundo d\u00eda de duelo Internacional en todo Am\u00e9rica\u00bb. Am\u00edn Cruz.<\/p>\n<\/p>\n<p>(Comentario al informe de CEPAL sobre  econom\u00eda en A.L.)<\/p>\n<\/p>\n<p>Todas estas informaciones acumuladas y procesadas por CEPAL, (una entidad independiente caracterizada por no tragar entero) hacen evidente que la econom\u00eda est\u00e1 propiciando, como si fuera una condici\u00f3n necesaria para su desarrollo, la desigualdad, Unos atesoran mientras otros languidecen. Uno puede concluir, adem\u00e1s, que la humanidad en medio de todo su aparente esplendor, est\u00e1 en retroceso.<\/p>\n<\/p>\n<p>Se han abierto dos caminos por donde transcurre ese retroceso: la econom\u00eda misma y la tecnolog\u00eda.<\/p>\n<\/p>\n<p>De todo lo que acabamos de escuchar se puede concluir que se vive un movimiento sinf\u00edn de producir y producir para atesorar y acumular para producir, en un movimiento que se repite incesantemente, en un proceso de deshumanizaci\u00f3n.<\/p>\n<\/p>\n<p>Este movimiento est\u00e9ril vicia la relaci\u00f3n del hombre con la naturaleza de la que el hombre debe ser jardinero pero la enfrenta como amo y se\u00f1or para someterla al capricho de su ambici\u00f3n sin l\u00edmites ni medida. As\u00ed el hombre ha acabado por reproducir el eterno movimiento de las m\u00e1quinas. El hombre produce y produce, \u00bfpara qu\u00e9?<\/p>\n<\/p>\n<p> El sentido com\u00fan responde que la producci\u00f3n tiene el objetivo de servir al hombre y para hacer m\u00e1s digna y feliz su vida. Pero por sobre el sentido com\u00fan, las leyes de la econom\u00eda han acabado subordinando al hombre a su propia l\u00f3gica de producci\u00f3n y consumo, en que el hombre acaba incluido en la categor\u00eda de los excedentes.<\/p>\n<\/p>\n<p>Este mismo fen\u00f3meno est\u00e1 ocurriendo con la tecnolog\u00eda que, en vez de estar al servicio del hombre, acaba subordin\u00e1ndolo y reemplaz\u00e1ndolo. Cuando al hombre se lo reemplaza, primero se lo ha anulado y despu\u00e9s se lo ha convertido en elemento de deshecho.<\/p>\n<\/p>\n<p>El hecho elemental y aparentemente inofensivo de la p\u00e9rdida de facultades como la memoria, o su capacidad cr\u00edtica cuando la grabadora de voz registra las declaraciones de una fuente, da lugar al reportero que, confiado en el registro magnetof\u00f3nico deja en neutro su memoria y su capacidad cr\u00edtica que le podr\u00eda se\u00f1alar contradicciones, vac\u00edos, olvidos, errores de la fuente, pero estos desaparecen cuando a la m\u00e1quina se le deja la tarea de reemplazar al hombre. Y un reemplazo como ese lleva al eclipse del hombre.<\/p>\n<\/p>\n<p>Entre muchos episodios de la tecnolog\u00eda que suple al hombre pienso el de la inteligencia artificial que cuando es blanda (la etapa actual) es de ayuda, supera las habilidades humanas, pero no las duplica, como s\u00ed ocurre con la inteligencia artificial dura que duplica reemplaza y supera a los humanos. Hasta ahora la IA dura es solo un proyecto en el que los expertos trabajan en busca de la inteligencia aut\u00f3noma que reemplazar\u00e1 a los humanos y los dejar\u00e1 atr\u00e1s. Esta desaparici\u00f3n de lo humano nos enfrenta a un panorama m\u00e1s que apocal\u00edptico.<\/p>\n<\/p>\n<p>Cuando Julio Verne so\u00f1\u00f3 la llegada del hombre a la luna, dio por descontado que eso pudiera volverse real. Sin embargo pudimos celebrar en estos d\u00edas la realizaci\u00f3n de ese sue\u00f1o. Pero no suceder\u00e1 as\u00ed si el sue\u00f1o de los que trabajan por una inteligencia artificial dura, llega a ser real. No es de celebrar el eclipse total de lo humano.<\/p>\n<\/p>\n<p>El eclipse de lo humano por obra y refinamiento de la tecnolog\u00eda est\u00e1 haciendo cada vez menos humano el mundo de los humanos Los trabajadores despedidos porque una m\u00e1quina los reemplaza con ventaja, est\u00e1n haciendo ver que algo falla en el mundo en t\u00e9rminos de humanidad.<\/p>\n<\/p>\n<p>Y ante esto, \u00bflos periodistas qu\u00e9? \u00bfSeguimos ese proceso solo con curiosidad? Es posible que estos episodios de las habilidades de las m\u00e1quinas que cumplen con precisi\u00f3n las tareas que hasta ayer se cre\u00edan exclusivas de los humanos, sean para el periodista curiosidades  que se informan con despliegue en las p\u00e1ginas de tecnolog\u00eda y que como tales aparezcan y no como el drama de una progresiva aniquilaci\u00f3n de lo humano. La exigencia del momento va m\u00e1s all\u00e1. Para nosotros, periodistas, se trata de un proceso de recuperaci\u00f3n de lo humano, algo as\u00ed como la activaci\u00f3n de un nuevo humanismo que, como los que en la historia han arrojado luz sobre el esplendor de la condici\u00f3n humana, hoy se nos propone, ense\u00f1ar a verlo y  valorarlo con los medios que la tecnolog\u00eda nos provee, para erigir lo humano como el centro y factor orientador de la econom\u00eda y de las aplicaciones de la tecnolog\u00eda.<\/p>\n<\/p>\n<p>Esto significar\u00eda que lo econ\u00f3mico estar\u00eda al servicio del hombre y nunca, el hombre al servicio de la econom\u00eda. De la misma manera la tecnolog\u00eda servir\u00eda como instrumento de servicio y no de poder. Estos, que parecen delirios de un idealista, son tareas a nuestro alcance si el potencial pedag\u00f3gico de la informaci\u00f3n se aplica al servicio del desarrollo integral de las personas. Cada nueva aplicaci\u00f3n de lo digital, por ejemplo, tendr\u00eda que ser aceptada por su capacidad para comunicar, y no solamente para conectar.<\/p>\n<\/p>\n<p>La tecnolog\u00eda, hay que recordarlo, no es buena ni mala, habr\u00eda que mirarla como un medio inocente, que por su propia naturaleza no est\u00e1 hecha para hacer da\u00f1o. Su efecto positivo y enriquecedor para los humanos depender\u00eda del uso que los humanos le demos.<\/p>\n<\/p>\n<p>Dentro del deslumbramiento y euforia que los hacen aparecer como un descubrimiento, la acci\u00f3n pedag\u00f3gica de los medios tiene un papel de gu\u00eda y de inspiraci\u00f3n para la sociedad que, deslumbrada, se vuelve d\u00f3cil y pasiva, como ante un \u00eddolo. Ser\u00e1 una acci\u00f3n liberadora la que se\u00f1ale la tecnolog\u00eda digital como un medio poderoso, pero al servicio de la dignificaci\u00f3n humana y no de su eclipse. Porque ser\u00e1 un nuevo humanismo que rescate los valores de lo humano de las posibilidades deshumanizadoras de la tecnolog\u00eda y de la econom\u00eda. Es el reto para el periodismo de hoy y de ma\u00f1ana.<\/p>\n<\/p>\n<p>Nota: Esta fue la introducci\u00f3n del correo: (Mi querido presidente Am\u00edn Cruz, aqu\u00ed te env\u00edo, mi comentario expuesto en ese excelente evento del XV Congreso Hispanoamericano de Prensa y de Universidades en Nueva York. Sede de las Naciones Unidas, ONU, 23-08-2019. Am\u00edn debe seguir en la presidencia del congreso y de esa important\u00edsima instituci\u00f3n que f\u00f3rmate de universidades, reflexiona lo que hemos hablado, siempre cuenta conmigo, JDR).<\/p>\n<\/p>\n<h6> 2019-10-10 00:10:05 <\/h6>\n<p><!--\n<link rel=\"stylesheet\" href=\"css\/bootstrap.min.css\">\n\n\n<ul class=\"pagination\">\n\t    \n\t\n\n<li >\n\t<a href='?page_no=1171'>Previous<\/a>\n\t<\/li>\n\n\n       \n    \n\n<li><a href='?page_no=1'>1<\/a><\/li>\n\n\n\n<li><a href='?page_no=2'>2<\/a><\/li>\n\n\n\n<li><a>...<\/a><\/li>\n\n\n\n<li><a href='?page_no=1170'>1170<\/a><\/li>\n\n\n\n<li><a href='?page_no=1171'>1171<\/a><\/li>\n\n\n\n<li class='active'><a>1172<\/a><\/li>\n\n\n\n<li><a href='?page_no=1173'>1173<\/a><\/li>\n\n\n\n<li><a href='?page_no=1174'>1174<\/a><\/li>\n\n\n\n<li><a>...<\/a><\/li>\n\n\n\n<li><a href='?page_no=1549'>1549<\/a><\/li>\n\n\n\n<li><a href='?page_no=1550'>1550<\/a><\/li>\n\n    \n\t\n\n<li >\n\t<a href='?page_no=1173'>Next<\/a>\n\t<\/li>\n\n\n    \n\n<li><a href='?page_no=1550'>Last &rsaquo;&rsaquo;<\/a><\/li>\n\n<\/ul>\n\n\n--><br \/>\n<\/body><\/p>\n","protected":false},"excerpt":{"rendered":"<p>Por: Javier Dar\u00edo Restrepo. \u00abHoy quiero dar a conocer, uno de varios trabajo in\u00e9dito de nuestro maestro Dr. Javier Dar\u00edo Restrepo, (reci\u00e9n fallecido el domingo 6 de octubre). Este trabajo es integro en reconocimiento en el segundo d\u00eda de duelo Internacional en todo Am\u00e9rica\u00bb. Am\u00edn Cruz. (Comentario al informe de CEPAL sobre econom\u00eda en A.L.) [&hellip;]<\/p>\n","protected":false},"author":3,"featured_media":0,"comment_status":"open","ping_status":"open","sticky":false,"template":"","format":"standard","meta":{"footnotes":""},"categories":[19],"tags":[],"class_list":["post-32277","post","type-post","status-publish","format-standard","hentry","category-mi-voz"],"_links":{"self":[{"href":"https:\/\/diariodominicano.com\/index.php?rest_route=\/wp\/v2\/posts\/32277","targetHints":{"allow":["GET"]}}],"collection":[{"href":"https:\/\/diariodominicano.com\/index.php?rest_route=\/wp\/v2\/posts"}],"about":[{"href":"https:\/\/diariodominicano.com\/index.php?rest_route=\/wp\/v2\/types\/post"}],"author":[{"embeddable":true,"href":"https:\/\/diariodominicano.com\/index.php?rest_route=\/wp\/v2\/users\/3"}],"replies":[{"embeddable":true,"href":"https:\/\/diariodominicano.com\/index.php?rest_route=%2Fwp%2Fv2%2Fcomments&post=32277"}],"version-history":[{"count":0,"href":"https:\/\/diariodominicano.com\/index.php?rest_route=\/wp\/v2\/posts\/32277\/revisions"}],"wp:attachment":[{"href":"https:\/\/diariodominicano.com\/index.php?rest_route=%2Fwp%2Fv2%2Fmedia&parent=32277"}],"wp:term":[{"taxonomy":"category","embeddable":true,"href":"https:\/\/diariodominicano.com\/index.php?rest_route=%2Fwp%2Fv2%2Fcategories&post=32277"},{"taxonomy":"post_tag","embeddable":true,"href":"https:\/\/diariodominicano.com\/index.php?rest_route=%2Fwp%2Fv2%2Ftags&post=32277"}],"curies":[{"name":"wp","href":"https:\/\/api.w.org\/{rel}","templated":true}]}}