{"id":32276,"date":"2019-10-11T11:24:12","date_gmt":"2019-10-11T11:24:12","guid":{"rendered":"http:\/\/diariodominicano.ddns.net\/?p=32276"},"modified":"2019-10-11T11:24:12","modified_gmt":"2019-10-11T11:24:12","slug":"demandas-en-ee-uu-para-frenar-entre-en-vigencia-proximo-martes-regla-carga-publica","status":"publish","type":"post","link":"https:\/\/diariodominicano.com\/?p=32276","title":{"rendered":"Demandas en EE.UU para frenar entre en vigencia pr\u00f3ximo martes regla carga p\u00fablica"},"content":{"rendered":"<p><body><\/p>\n<p><img decoding=\"async\" src=\"img3\/demand1.jpg\" \/>  <\/p>\n<p>Por Ram\u00f3n Mercedes<\/p>\n<\/p>\n<p>NUEVA YORK.- Varias demandas se han interpuesto en todo los Estados Unidos para evitar que la nueva regla de \u00abcarga p\u00fablica\u00bb entre en vigor el pr\u00f3ximo martes d\u00eda 15.<\/p>\n<\/p>\n<p>Miles de dominicanos, entre otras etnias, en territorio estadounidense se benefician de la misma.<\/p>\n<\/p>\n<p>Las demandas solicitan un interdicto preliminar para evitar que se aplique la regulaci\u00f3n mientras contin\u00faan las apelaciones. Los jueces han indicado su disposici\u00f3n a emitir fallos antes de la fecha fijada para su aplicaci\u00f3n.<\/p>\n<\/p>\n<p>Actualmente, los inmigrantes legales que buscan convertirse en residentes permanentes deben demostrar que no ser\u00e1n una carga p\u00fablica para el gobierno.<\/p>\n<\/p>\n<p>La regla del presidente Donald Trump va m\u00e1s all\u00e1, ya que toma en cuenta el uso pasado y actual de asistencia como Medicaid, cupones de alimentos, asignaci\u00f3n de vivienda en housing, secci\u00f3n 8, factores como la edad del inmigrante, el estado laboral y la capacidad de hablar ingl\u00e9s para determinar si podr\u00edan convertirse en carga p\u00fablica en el futuro.<\/p>\n<\/p>\n<p>Est\u00e1n excluidos los refugiados y asilados, los menores de 21 a\u00f1os de edad, las mujeres embarazadas que reciben Medicaid y los miembros en activo del Ej\u00e9rcito de Estados Unidos. Asimismo, no se incluye en estas nuevas reglas la asistencia m\u00e9dica de urgencia.<\/p>\n<\/p>\n<p>Los funcionarios del Servicio de Inmigraci\u00f3n y Control de Aduanas (ICE) podr\u00e1n negarles la residencia si deciden que la respuesta es afirmativa.<\/p>\n<\/p>\n<p>La regla es un paso agresivo del gobierno de Trump para tratar de reescribir las pol\u00edticas de inmigraci\u00f3n de la naci\u00f3n, centr\u00e1ndose en negar el estatus de residente permanente a muchos inmigrantes legales a trav\u00e9s de lo que se considere \u00abcarga p\u00fablica\u00bb, dijo Liz Schott, del Centro de Prioridades de Presupuesto y Pol\u00edtica<\/p>\n<h6> 2019-10-11 11:24:12 <\/h6>\n<p><!--\n<link rel=\"stylesheet\" href=\"css\/bootstrap.min.css\">\n\n\n<ul class=\"pagination\">\n\t    \n\t\n\n<li >\n\t<a href='?page_no=1170'>Previous<\/a>\n\t<\/li>\n\n\n       \n    \n\n<li><a href='?page_no=1'>1<\/a><\/li>\n\n\n\n<li><a href='?page_no=2'>2<\/a><\/li>\n\n\n\n<li><a>...<\/a><\/li>\n\n\n\n<li><a href='?page_no=1169'>1169<\/a><\/li>\n\n\n\n<li><a href='?page_no=1170'>1170<\/a><\/li>\n\n\n\n<li class='active'><a>1171<\/a><\/li>\n\n\n\n<li><a href='?page_no=1172'>1172<\/a><\/li>\n\n\n\n<li><a href='?page_no=1173'>1173<\/a><\/li>\n\n\n\n<li><a>...<\/a><\/li>\n\n\n\n<li><a href='?page_no=1549'>1549<\/a><\/li>\n\n\n\n<li><a href='?page_no=1550'>1550<\/a><\/li>\n\n    \n\t\n\n<li >\n\t<a href='?page_no=1172'>Next<\/a>\n\t<\/li>\n\n\n    \n\n<li><a href='?page_no=1550'>Last &rsaquo;&rsaquo;<\/a><\/li>\n\n<\/ul>\n\n\n--><br \/>\n<\/body><\/p>\n","protected":false},"excerpt":{"rendered":"<p>Por Ram\u00f3n Mercedes NUEVA YORK.- Varias demandas se han interpuesto en todo los Estados Unidos para evitar que la nueva regla de \u00abcarga p\u00fablica\u00bb entre en vigor el pr\u00f3ximo martes d\u00eda 15. Miles de dominicanos, entre otras etnias, en territorio estadounidense se benefician de la misma. Las demandas solicitan un interdicto preliminar para evitar que [&hellip;]<\/p>\n","protected":false},"author":3,"featured_media":0,"comment_status":"open","ping_status":"open","sticky":false,"template":"","format":"standard","meta":{"footnotes":""},"categories":[19],"tags":[],"class_list":["post-32276","post","type-post","status-publish","format-standard","hentry","category-mi-voz"],"_links":{"self":[{"href":"https:\/\/diariodominicano.com\/index.php?rest_route=\/wp\/v2\/posts\/32276","targetHints":{"allow":["GET"]}}],"collection":[{"href":"https:\/\/diariodominicano.com\/index.php?rest_route=\/wp\/v2\/posts"}],"about":[{"href":"https:\/\/diariodominicano.com\/index.php?rest_route=\/wp\/v2\/types\/post"}],"author":[{"embeddable":true,"href":"https:\/\/diariodominicano.com\/index.php?rest_route=\/wp\/v2\/users\/3"}],"replies":[{"embeddable":true,"href":"https:\/\/diariodominicano.com\/index.php?rest_route=%2Fwp%2Fv2%2Fcomments&post=32276"}],"version-history":[{"count":0,"href":"https:\/\/diariodominicano.com\/index.php?rest_route=\/wp\/v2\/posts\/32276\/revisions"}],"wp:attachment":[{"href":"https:\/\/diariodominicano.com\/index.php?rest_route=%2Fwp%2Fv2%2Fmedia&parent=32276"}],"wp:term":[{"taxonomy":"category","embeddable":true,"href":"https:\/\/diariodominicano.com\/index.php?rest_route=%2Fwp%2Fv2%2Fcategories&post=32276"},{"taxonomy":"post_tag","embeddable":true,"href":"https:\/\/diariodominicano.com\/index.php?rest_route=%2Fwp%2Fv2%2Ftags&post=32276"}],"curies":[{"name":"wp","href":"https:\/\/api.w.org\/{rel}","templated":true}]}}