{"id":32272,"date":"2019-10-16T11:46:16","date_gmt":"2019-10-16T11:46:16","guid":{"rendered":"http:\/\/diariodominicano.ddns.net\/?p=32272"},"modified":"2019-10-16T11:46:16","modified_gmt":"2019-10-16T11:46:16","slug":"16octubre-llamado-de-accion-de-la-via-campesina","status":"publish","type":"post","link":"https:\/\/diariodominicano.com\/?p=32272","title":{"rendered":"#16Octubre: Llamado de Acci\u00f3n de la V\u00eda Campesina"},"content":{"rendered":"<p><body><\/p>\n<p><img decoding=\"async\" src=\"img3\/viac1.jpg\" \/>  <\/p>\n<p><strong>Minga Informativa de Movimientos Sociales<\/strong><\/p>\n<p>&#8212;&#8212;&#8212;&#8212;&#8212;&#8212;&#8212;&#8212;&#8212;&#8212;&#8212;&#8212;&#8212;&#8212;&#8212;<\/p>\n<\/p>\n<p>La V\u00eda Campesina y sus aliados en todo el mundo conmemoran, este 16 de Octubre, el D\u00eda Internacional de Acci\u00f3n por la Soberan\u00eda Alimentaria de los Pueblos y contra las transnacionales. Como cada a\u00f1o llaman a afirmar que es s\u00f3lo con Soberan\u00eda Alimentaria y Agroecolog\u00eda Campesina que se puede acabar con el hambre en el mundo.<\/p>\n<\/p>\n<p>Las pol\u00edticas econ\u00f3micas y agr\u00edcolas actuales s\u00f3lo perpet\u00faan la crisis alimentaria y la destrucci\u00f3n de la biodiversidad, promoviendo los agronegocios y expulsando a lxs campesinxs de sus territorios. Estas pol\u00edticas fomentan directamente el acaparamiento de tierras y el control de semillas por un pu\u00f1ado de transnacionales, las cuales inundan los mercados internacionales con productos alimenticios uniformes, llenos de toxinas y pobres desde el punto de vista nutricional, al tiempo que aumentan la pobreza en las zonas rurales.<\/p>\n<\/p>\n<p>La soberan\u00eda alimentaria permite a los pueblos del mundo dise\u00f1ar sus propias pol\u00edticas agroalimentarias, promoviendo la producci\u00f3n y distribuci\u00f3n de productos campesinos en los mercados locales, conforme a las exigencias y necesidades de las poblaciones, respetando el medio ambiente y los derechos de lxs campesinxs y consumidores.<\/p>\n<\/p>\n<p>Conmemoramos este d\u00eda a medida que el cambio clim\u00e1tico mundial se intensifica y se manifiesta cada vez m\u00e1s, el hambre vuelva a aumentar desde 2018 afectando a cientos de millones de personas, especialmente en las zonas rurales. Los perpetradores de esta crisis, es decir, las transnacionales, convierten el sufrimiento y las vidas humanas en dinero y llevan a las poblaciones rurales a la desesperaci\u00f3n.<\/p>\n<\/p>\n<p>El mundo entero est\u00e1 viendo las violaciones de los derechos humanos y campesinos que estas empresas cometen: despojo de tierras, contaminaci\u00f3n del agua, saqueo de recursos y tierras, envenenamiento de los alimentos con agrot\u00f3xicos, e incluso el asesinato de activistas y l\u00edderes campesinos e ind\u00edgenas. Los hemos visto quemar la Amazonia y los bosques en \u00c1frica. Hemos visto c\u00f3mo un tribunal privado anul\u00f3 la decisi\u00f3n del tribunal ecuatoriano contra el gigante petrolero Chevron, responsable de un desastre ambiental en la regi\u00f3n amaz\u00f3nica de este pa\u00eds. Y ahora el FMI acaba de imponer una pol\u00edtica de austeridad al pueblo ecuatoriano que se mantiene en lucha.<\/p>\n<\/p>\n<p>Nosotrxs, las campesinas y campesinos, los pueblos ind\u00edgenas, las poblaciones rurales, los trabajadores agr\u00edcolas, en las zonas urbanas y rurales, llevamos mucho tiempo afirmando que tenemos la soluci\u00f3n. La soberan\u00eda alimentaria puede enfriar el planeta y resolver la crisis clim\u00e1tica: la agroecolog\u00eda campesina es capaz de acabar con las hambrunas, alimentar a los habitantes urbanos y rurales con alimentos sanos, alimentar el suelo con materia org\u00e1nica y preservar la biodiversidad. El movimiento campesino internacional ha luchado durante casi dos d\u00e9cadas por la Declaraci\u00f3n de las Naciones Unidas sobre los Derechos de los Campesinos y de Otras Personas que Trabajan en Zonas Rurales, ya que el pleno respeto de los derechos de los campesinos elimina las condiciones que permiten la explotaci\u00f3n, represi\u00f3n y desplazamiento de cientos de millones de campesinos y poblaciones rurales y los salva de la pobreza.<\/p>\n<\/p>\n<p>En este mes tambi\u00e9n se est\u00e1n llevando a cabo en todo el mundo importantes movilizaciones de movimientos sociales y ciudadanos. Nos sumamos a todas las iniciativas contra el poder de las transnacionales y a favor de la Soberan\u00eda Alimentaria de los Pueblos. LVC estar\u00e1 en Ginebra en el proceso del Tratado vinculante de las Naciones Unidas sobre las transnacionales y los derechos humanos para exigir los derechos de los pueblos y poner fin a la impunidad de las transnacionales.<\/p>\n<\/p>\n<p>Tambi\u00e9n una delegaci\u00f3n estar\u00e1 en Roma para proponer nuestras soluciones al Comit\u00e9 de Seguridad Alimentaria. Y en Palestina realizamos el Seminario Internacional sobre Soberan\u00eda Alimentaria, Colonizaci\u00f3n y Frontera. Estaremos en todas partes con lxs j\u00f3venes movilizados contra el cambio clim\u00e1tico. En todas partes, diremos que la agroecolog\u00eda y la Soberan\u00eda Alimentaria son el camino no s\u00f3lo para resolver estas crisis, sino tambi\u00e9n el camino hacia la prosperidad en las ciudades y el campo.<\/p>\n<\/p>\n<p>Este 16 de octubre, llamamos a los movimientos sociales organizados, sindicatos, universidades, medios de comunicaci\u00f3n y gobiernos populares que priorizan a sus pueblos a realizar acciones descentralizadas en todo el mundo. Pedimos una mayor presi\u00f3n para hacer respetar los derechos de lxs campesinxsy pol\u00edticas p\u00fablicas basadas en la Soberan\u00eda Alimentaria y no en los intereses del mercado mundial y la agroindustria. No puede haber Soberan\u00eda Alimentaria si no se garantizan los derechos de lxs campesinxs. No puede haber Soberan\u00eda Alimentaria sin Reforma Agraria y Justicia Social: en este d\u00eda de acci\u00f3n te animamos a organizar acciones en los territorios, movilizaciones de denuncia, foros, seminarios, ferias campesinas, proyecciones de pel\u00edculas, todas las expresiones son importantes para exigir la implementaci\u00f3n de los derechos de lxs campesinxs.<\/p>\n<\/p>\n<p>Env\u00edanos informaci\u00f3n de todas las acciones previstas para este d\u00eda a nuestra direcci\u00f3n lvcweb@viacampesina.org, queremos hacerlas visibles en nuestros medios. Tambi\u00e9n env\u00edanos art\u00edculos, audio, fotos y videos para que los publiquemos en nuestra p\u00e1gina web y en ViaCampesinaTV.<\/p>\n<\/p>\n<p>(Harare, 14 de Octubre de 2019)<\/p>\n<\/p>\n<p>#Soberan\u00eda Alimentaria<\/p>\n<p>#DerechosCampesinosYa<\/p>\n<p>#LaViaCampesina<\/p>\n<\/p>\n<p>https:\/\/www.facebook.com\/viacampesinaOFFICIAL\/<\/p>\n<\/p>\n<p>@via_campesinaSP<\/p>\n<\/p>\n<p>\u00a1Globalicemos la lucha, globalicemos la esperanza!<\/p>\n<\/p>\n<p>\u00a1Alimentamos nuestros pueblos y construimos movimiento para cambiar el mundo!<\/p>\n<\/p>\n<p>Via-info-es@viacampesina.org<\/p>\n<\/p>\n<p>http:\/\/viacampesina.org\/Via-info-es\/<\/p>\n<\/p>\n<p>*************************************<\/p>\n<p>Minga Informativa de Movimientos Sociales<\/p>\n<p><strong>http:\/\/movimientos.org\/<\/strong><\/p>\n<h6> 2019-10-16 11:46:16 <\/h6>\n<p><!--\n<link rel=\"stylesheet\" href=\"css\/bootstrap.min.css\">\n\n\n<ul class=\"pagination\">\n\t    \n\t\n\n<li >\n\t<a href='?page_no=1167'>Previous<\/a>\n\t<\/li>\n\n\n       \n    \n\n<li><a href='?page_no=1'>1<\/a><\/li>\n\n\n\n<li><a href='?page_no=2'>2<\/a><\/li>\n\n\n\n<li><a>...<\/a><\/li>\n\n\n\n<li><a href='?page_no=1166'>1166<\/a><\/li>\n\n\n\n<li><a href='?page_no=1167'>1167<\/a><\/li>\n\n\n\n<li class='active'><a>1168<\/a><\/li>\n\n\n\n<li><a href='?page_no=1169'>1169<\/a><\/li>\n\n\n\n<li><a href='?page_no=1170'>1170<\/a><\/li>\n\n\n\n<li><a>...<\/a><\/li>\n\n\n\n<li><a href='?page_no=1549'>1549<\/a><\/li>\n\n\n\n<li><a href='?page_no=1550'>1550<\/a><\/li>\n\n    \n\t\n\n<li >\n\t<a href='?page_no=1169'>Next<\/a>\n\t<\/li>\n\n\n    \n\n<li><a href='?page_no=1550'>Last &rsaquo;&rsaquo;<\/a><\/li>\n\n<\/ul>\n\n\n--><br \/>\n<\/body><\/p>\n","protected":false},"excerpt":{"rendered":"<p>Minga Informativa de Movimientos Sociales &#8212;&#8212;&#8212;&#8212;&#8212;&#8212;&#8212;&#8212;&#8212;&#8212;&#8212;&#8212;&#8212;&#8212;&#8212; La V\u00eda Campesina y sus aliados en todo el mundo conmemoran, este 16 de Octubre, el D\u00eda Internacional de Acci\u00f3n por la Soberan\u00eda Alimentaria de los Pueblos y contra las transnacionales. Como cada a\u00f1o llaman a afirmar que es s\u00f3lo con Soberan\u00eda Alimentaria y Agroecolog\u00eda Campesina que se puede [&hellip;]<\/p>\n","protected":false},"author":3,"featured_media":0,"comment_status":"open","ping_status":"open","sticky":false,"template":"","format":"standard","meta":{"footnotes":""},"categories":[19],"tags":[],"class_list":["post-32272","post","type-post","status-publish","format-standard","hentry","category-mi-voz"],"_links":{"self":[{"href":"https:\/\/diariodominicano.com\/index.php?rest_route=\/wp\/v2\/posts\/32272","targetHints":{"allow":["GET"]}}],"collection":[{"href":"https:\/\/diariodominicano.com\/index.php?rest_route=\/wp\/v2\/posts"}],"about":[{"href":"https:\/\/diariodominicano.com\/index.php?rest_route=\/wp\/v2\/types\/post"}],"author":[{"embeddable":true,"href":"https:\/\/diariodominicano.com\/index.php?rest_route=\/wp\/v2\/users\/3"}],"replies":[{"embeddable":true,"href":"https:\/\/diariodominicano.com\/index.php?rest_route=%2Fwp%2Fv2%2Fcomments&post=32272"}],"version-history":[{"count":0,"href":"https:\/\/diariodominicano.com\/index.php?rest_route=\/wp\/v2\/posts\/32272\/revisions"}],"wp:attachment":[{"href":"https:\/\/diariodominicano.com\/index.php?rest_route=%2Fwp%2Fv2%2Fmedia&parent=32272"}],"wp:term":[{"taxonomy":"category","embeddable":true,"href":"https:\/\/diariodominicano.com\/index.php?rest_route=%2Fwp%2Fv2%2Fcategories&post=32272"},{"taxonomy":"post_tag","embeddable":true,"href":"https:\/\/diariodominicano.com\/index.php?rest_route=%2Fwp%2Fv2%2Ftags&post=32272"}],"curies":[{"name":"wp","href":"https:\/\/api.w.org\/{rel}","templated":true}]}}