{"id":32271,"date":"2019-10-16T20:00:36","date_gmt":"2019-10-16T20:00:36","guid":{"rendered":"http:\/\/diariodominicano.ddns.net\/?p=32271"},"modified":"2019-10-16T20:00:36","modified_gmt":"2019-10-16T20:00:36","slug":"informacion-veraz","status":"publish","type":"post","link":"https:\/\/diariodominicano.com\/?p=32271","title":{"rendered":"INFORMACION VERAZ"},"content":{"rendered":"<p><body><\/p>\n<p><img decoding=\"async\" src=\"img3\/oscar-lopez-reyes.jpg\" \/>  <\/p>\n<p><strong>                Oscar L\u00f3pez Reyes<\/strong><\/p>\n<\/p>\n<p>                La profusi\u00f3n de datos mendaces, alterados, sensacionalistas y tendenciosos, con m\u00e1s dramatismo a ra\u00edz de la  irrupci\u00f3n de las redes sociales y el seudoperiodismo ha acu\u00f1ado y hasta constitucionalizado, como ant\u00edtesis, la expresi\u00f3n \u00abinformaci\u00f3n veraz\u00bb. Esa concatenaci\u00f3n envuelve un concepto matem\u00e1tico-jur\u00eddico (difundir o a priori) y otro filos\u00f3fico (veracidad o a posteriori), que  desaf\u00edan y asolan  a la sociedad.<\/p>\n<\/p>\n<p>                El libertinaje informativo con la explosi\u00f3n de internet, que abre las puertas a las noticias falsas (fake news) y ampl\u00eda el radio de acci\u00f3n del amarillismo-sensacionalismo de anta\u00f1o y la desinformaci\u00f3n intencionada (clickbais), convida a una informaci\u00f3n veraz, que ha sido incluida en las constituciones de Espa\u00f1a, Brasil y otras naciones.<\/p>\n<\/p>\n<p>                Las redes sociales, como Facebook y  Google, han lanzado proyectos para detectar y desviar las noticias virtuales falsas, que deponen candidaturas presidenciales y derrumban la democracia y la econom\u00eda, en tanto que se legisla para imponer la  \u00abInformaci\u00f3n veraz\u00bb.  Pero se olvida que el mal no est\u00e1 en la s\u00e1bana.<\/p>\n<\/p>\n<p>                La Constituci\u00f3n dominicana est\u00e1 m\u00e1s avanzada que las de las naciones citadas. En su art\u00edculo 49 expresa que \u00abToda persona tiene derecho a la informaci\u00f3n\u00bb, sin el adjetivo veraz.  El periodismo informativo no busca la verdad, sino los hechos de inter\u00e9s colectivo, y determinar a priori su veracidad resulta un ejercicio intrincado.<\/p>\n<\/p>\n<p>                A priori, \u00bfest\u00e1 el periodista en capacidad de apreciar si una declaraci\u00f3n del jefe de Estado u otro funcionario es veraz o falaz?, \u00bfo la realidad de un acontecimiento?  En la redacci\u00f3n  se  utilizan las comillas porque existen realidades artificiales, diferenciales, cambiantes, confusas y judiciales.  Una supuesta veracidad informativa muchas veces en los tribunales termina en una mendacidad.<\/p>\n<\/p>\n<p>                El objetivo n\u00famero uno del periodismo es la b\u00fasqueda de la verdad. A priori  trata de ver si el hecho es verdadero, y  a posteriori  entra en juego el aspecto valorativo o interpretativo, que s\u00ed gira alrededor de la verdad.  Aqu\u00ed la Constituci\u00f3n dominicana tambi\u00e9n est\u00e1 di\u00e1fana, en virtud de que en su art\u00edculo 53 relativo a los derechos del consumidor, se\u00f1ala que \u00abToda persona tiene derecho a disponer de bienes y servicios de calidad, a una informaci\u00f3n objetiva, veraz y oportuna&#8230;\u00bb.<\/p>\n<\/p>\n<p>                Como ant\u00eddoto a esta epidemia prohijada por la improvisaci\u00f3n mercantilista, no bastan las plataformas tecnol\u00f3gicas.  La garant\u00eda para una informaci\u00f3n veraz est\u00e1 en el periodismo universitario y \u00e9tico, que se forja  con el dominio  del conocimiento humano, como  la  filosof\u00eda de la ciencia, la teor\u00e9tica,  los esquemas conceptuales y los modelos comunicacionales.<\/p>\n<\/p>\n<\/p>\n<p><strong>Oscar L\u00f3pez Reyes<\/strong><\/p>\n<p><strong>Periodista, escritor y columnista del peri\u00f3dico El Nacional,<\/strong><\/p>\n<p><strong>Director Escuela de Comunicaci\u00f3n Universidad O&amp;M,<\/strong><\/p>\n<p><strong>Ex Presidente del Colegio Dominicano de Periodistas<\/strong><\/p>\n<h6> 2019-10-16 20:00:36 <\/h6>\n<p><!--\n<link rel=\"stylesheet\" href=\"css\/bootstrap.min.css\">\n\n\n<ul class=\"pagination\">\n\t    \n\t\n\n<li >\n\t<a href='?page_no=1166'>Previous<\/a>\n\t<\/li>\n\n\n       \n    \n\n<li><a href='?page_no=1'>1<\/a><\/li>\n\n\n\n<li><a href='?page_no=2'>2<\/a><\/li>\n\n\n\n<li><a>...<\/a><\/li>\n\n\n\n<li><a href='?page_no=1165'>1165<\/a><\/li>\n\n\n\n<li><a href='?page_no=1166'>1166<\/a><\/li>\n\n\n\n<li class='active'><a>1167<\/a><\/li>\n\n\n\n<li><a href='?page_no=1168'>1168<\/a><\/li>\n\n\n\n<li><a href='?page_no=1169'>1169<\/a><\/li>\n\n\n\n<li><a>...<\/a><\/li>\n\n\n\n<li><a href='?page_no=1549'>1549<\/a><\/li>\n\n\n\n<li><a href='?page_no=1550'>1550<\/a><\/li>\n\n    \n\t\n\n<li >\n\t<a href='?page_no=1168'>Next<\/a>\n\t<\/li>\n\n\n    \n\n<li><a href='?page_no=1550'>Last &rsaquo;&rsaquo;<\/a><\/li>\n\n<\/ul>\n\n\n--><br \/>\n<\/body><\/p>\n","protected":false},"excerpt":{"rendered":"<p>Oscar L\u00f3pez Reyes La profusi\u00f3n de datos mendaces, alterados, sensacionalistas y tendenciosos, con m\u00e1s dramatismo a ra\u00edz de la irrupci\u00f3n de las redes sociales y el seudoperiodismo ha acu\u00f1ado y hasta constitucionalizado, como ant\u00edtesis, la expresi\u00f3n \u00abinformaci\u00f3n veraz\u00bb. Esa concatenaci\u00f3n envuelve un concepto matem\u00e1tico-jur\u00eddico (difundir o a priori) y otro filos\u00f3fico (veracidad o a posteriori), [&hellip;]<\/p>\n","protected":false},"author":3,"featured_media":0,"comment_status":"open","ping_status":"open","sticky":false,"template":"","format":"standard","meta":{"footnotes":""},"categories":[19],"tags":[],"class_list":["post-32271","post","type-post","status-publish","format-standard","hentry","category-mi-voz"],"_links":{"self":[{"href":"https:\/\/diariodominicano.com\/index.php?rest_route=\/wp\/v2\/posts\/32271","targetHints":{"allow":["GET"]}}],"collection":[{"href":"https:\/\/diariodominicano.com\/index.php?rest_route=\/wp\/v2\/posts"}],"about":[{"href":"https:\/\/diariodominicano.com\/index.php?rest_route=\/wp\/v2\/types\/post"}],"author":[{"embeddable":true,"href":"https:\/\/diariodominicano.com\/index.php?rest_route=\/wp\/v2\/users\/3"}],"replies":[{"embeddable":true,"href":"https:\/\/diariodominicano.com\/index.php?rest_route=%2Fwp%2Fv2%2Fcomments&post=32271"}],"version-history":[{"count":0,"href":"https:\/\/diariodominicano.com\/index.php?rest_route=\/wp\/v2\/posts\/32271\/revisions"}],"wp:attachment":[{"href":"https:\/\/diariodominicano.com\/index.php?rest_route=%2Fwp%2Fv2%2Fmedia&parent=32271"}],"wp:term":[{"taxonomy":"category","embeddable":true,"href":"https:\/\/diariodominicano.com\/index.php?rest_route=%2Fwp%2Fv2%2Fcategories&post=32271"},{"taxonomy":"post_tag","embeddable":true,"href":"https:\/\/diariodominicano.com\/index.php?rest_route=%2Fwp%2Fv2%2Ftags&post=32271"}],"curies":[{"name":"wp","href":"https:\/\/api.w.org\/{rel}","templated":true}]}}