{"id":322703,"date":"2022-01-08T22:07:48","date_gmt":"2022-01-09T02:07:48","guid":{"rendered":"http:\/\/diariodominicano.com\/?p=322703"},"modified":"2022-01-09T20:17:33","modified_gmt":"2022-01-10T00:17:33","slug":"murio-emiliano-tejera","status":"publish","type":"post","link":"https:\/\/diariodominicano.com\/?p=322703","title":{"rendered":"Muri\u00f3 Emiliano Tejera"},"content":{"rendered":"\n<p>Por H\u00e9ctor Tineo Nolasco<\/p>\n\n\n\n<p><strong>Diariodominicano.com<\/strong><\/p>\n\n\n\n<p>SANTO DOMINGO, el&nbsp; 9 de enero de 1923, muri\u00f3 en la ciudad de Santo Domingo, el intelectual Emiliano Tejera, quien hab\u00eda perdido la visi\u00f3n y se encontraba impedido f\u00edsico. &nbsp;Hab\u00eda nacido en la ciudad Santo Domingo, el 21 de septiembre de 1841.<\/p>\n\n\n\n<p>De joven se destac\u00f3 como farmac\u00e9utico,&nbsp; pol\u00edtico, historiador,&nbsp; maestro, publicista,&nbsp; y defensor de la soberan\u00eda nacional.<\/p>\n\n\n\n<p>Es el autor de las monograf\u00edas: \u201cLos Restos de Col\u00f3n en Santo Domingo\u201d y \u201cLos Dos Restos de Crist\u00f3bal Col\u00f3n, exhumados en la Catedral de Santo Domingo, en 1795 y 1877\u201d.<\/p>\n\n\n\n<p>A estas obras siguieron varios trabajos sobre la historia colonial de Santo Domingo, incluidos \u201cEl Palacio de don Diego Col\u00f3n en Santo Domingo\u201d y \u201cGobernadores de la Isla de Santo Domingo\u201d, que trata de los siglos XVI y XVII.<\/p>\n\n\n\n<p>Al comentar la obra de Emiliano Tejera, el doctor Joaqu\u00edn Balaguer, opina:<\/p>\n\n\n\n<p>\u201cFuera del campo de la investigaci\u00f3n hist\u00f3rica, en el que se desenvolvi\u00f3 como un verdadero maestro por el rigor del m\u00e9todo y por la precisi\u00f3n de su juicio sobremanera sagaz y cauteloso, dej\u00f3 una memoria sobre el problema de l\u00edmites dom\u00ednico-haitianos, un libro titulado \u201cPalabras Ind\u00edgenas\u201d y una semblanza de Juan Pablo Duarte que puede reputarse como una de las p\u00e1ginas m\u00e1s perfectas de las letras nacionales.<\/p>\n\n\n\n<p>\u201cDos razones concurren para dar a la obra de Emiliano Tejera vigencia perdurable: el trabajo de la ejecuci\u00f3n, la limpieza casi escult\u00f3rica&nbsp; del estilo, y la honradez cient\u00edfica que le permiti\u00f3 proceder en el an\u00e1lisis hist\u00f3rico con ecuanimidad absoluta. En el primer aspecto, su obra aparece incorporada a las de los mejores monumentos antol\u00f3gicos de la Rep\u00fablica, puesto que talvez &nbsp;fue la suya la m\u00e1s seca, pero tambi\u00e9n la m\u00e1s vertebradas de las prosas nacionales; y en el segundo, su labor tiene el car\u00e1cter de un esfuerzo plenamente&nbsp; logrado que ha enriquecido a la erudici\u00f3n dominicana, en puntos hist\u00f3ricos de inmensa importancia, con adquisiciones definitivas\u201d.<\/p>\n\n\n\n<p>Tejera curs\u00f3 estudios en el Seminario Conciliar de Santo Domingo, donde fue alumno de monse\u00f1or Fernando Arturo De Meri\u00f1o, de quien lleg\u00f3 a ser un auxiliar.<\/p>\n\n\n\n<p>Imparti\u00f3 docencia en el Seminario Conciliar y trabaj\u00f3 con Mar\u00eda Nicolasa Billini, en la fundaci\u00f3n del Liceo El Dominicano, donde sirvi\u00f3 como profesor.<\/p>\n\n\n\n<p>Junto a&nbsp; Monse\u00f1or De Meri\u00f1o, &nbsp;combati\u00f3 los prop\u00f3sitos antipatri\u00f3ticos y&nbsp; la Anexi\u00f3n de la Rep\u00fablica a Espa\u00f1a.<\/p>\n\n\n\n<p>Sus ideas antianexionistas las expres\u00f3 en una serie de art\u00edculos que escribi\u00f3 con el seud\u00f3nimo de Eduardo Montemar. Por ello fue perseguido,&nbsp; por lo que tuvo que radicarse en Venezuela. All\u00ed &nbsp;conoci\u00f3 al pr\u00f3cer Juan Pablo Duarte, quien se encontraba exiliado en Caracas, y desarrollaron una amistad.&nbsp;<\/p>\n\n\n\n<p>En Caracas, escribi\u00f3 para los peri\u00f3dicos&nbsp; \u201cEl Constitucional\u201d y \u201cEl Federalista\u201d.&nbsp; El 27 de febrero de 1894, le toc\u00f3 presentar al Congreso Nacional, a nombre de la Junta Central Directiva del Monumento a Duarte, una solicitud de permiso para erigir una estatua del patricio.<\/p>\n\n\n\n<p>En su exposici\u00f3n a los legisladores record\u00f3 que el pensamiento de Duarte, descansa en la idea de \u201cPatria y libertad\u201d. Sostuvo que al cumplir la Rep\u00fablica medio siglo, \u201cYa es tiempo de que los h\u00e9roes de la independencia sean honrados como lo merecen sus grandes hechos\u201d.<\/p>\n\n\n\n<p>Adem\u00e1s, resalt\u00f3 que muchos de los pr\u00f3ceres dominicanos han muerto en el destierro, forzado o impuesto por las circunstancias y ni a\u00fan tumba tienen en la tierra que redimieron.<\/p>\n\n\n\n<p>Tejera retorn\u00f3 a la Rep\u00fablica Dominicana luego que finaliz\u00f3 la Guerra de la Restauraci\u00f3n, en&nbsp; 1865.&nbsp;&nbsp; En &nbsp;1872 se&nbsp; gradu\u00f3 de farmac\u00e9utico y en&nbsp; mayo de&nbsp; 1874, &nbsp;fue nombrado miembro de una comisi\u00f3n que negoci\u00f3 un tratado de paz con Hait\u00ed.<\/p>\n\n\n\n<p>Adem\u00e1s de &nbsp;&nbsp;Tejera Penson, formaron la comisi\u00f3n&nbsp; Juan Bautista Zafra, Carlos Nouel y Jos\u00e9 Gabriel Garc\u00eda.&nbsp;<\/p>\n\n\n\n<p>En &nbsp;1883, &nbsp;Emiliano Tejera particip\u00f3 en otra comisi\u00f3n negociadora con Hait\u00ed, y en el a\u00f1o&nbsp; 1896, fue nombrado como \u00e1rbitro para la soluci\u00f3n del problema de l\u00edmites&nbsp; y para exponer los alegatos del Gobierno dominicano.<\/p>\n\n\n\n<p>Tambi\u00e9n &nbsp;desempe\u00f1\u00f3 otras funciones p\u00fablicas entre las que figuran el Ministerio de Hacienda y Comercio durante el per\u00edodo 1902-1903, as\u00ed como el Ministerio de Relaciones Exteriores&nbsp; durante el per\u00edodo del 2 enero de 1906 hasta&nbsp; el 30 de junio de 1908.<\/p>\n\n\n\n<p>En 1907, Emiliano Tejera firm\u00f3 con Federico Vel\u00e1squez&nbsp; la Convenci\u00f3n&nbsp; con los Estados Unidos sobre la deuda externa dominicana. Y Durante la ocupaci\u00f3n militar de Estados Unidos de 1916 a 1924, encabez\u00f3 la Uni\u00f3n Nacional Dominicana.<\/p>\n\n\n\n<p>Adem\u00e1s fue un colaborador de varias publicaciones entre las que se incluyen \u201cLa Cuna de Am\u00e9rica\u201d \u201cBaoruco\u201d, \u201cMinerva\u201d y \u201cAteneo\u201d.<\/p>\n\n\n\n<p>La muerte de Emiliano Tejera el 9 de enero de 1923, fue considerada como una p\u00e9rdida sensible para la Rep\u00fablica.<\/p>\n","protected":false},"excerpt":{"rendered":"<p>Por H\u00e9ctor Tineo Nolasco Diariodominicano.com SANTO DOMINGO, el&nbsp; 9 de enero de 1923, muri\u00f3 en la ciudad de Santo Domingo, el intelectual Emiliano Tejera, quien hab\u00eda perdido la visi\u00f3n y se encontraba impedido f\u00edsico. &nbsp;Hab\u00eda nacido en la ciudad Santo Domingo, el 21 de septiembre de 1841. De joven se destac\u00f3 como farmac\u00e9utico,&nbsp; pol\u00edtico, historiador,&nbsp; [&hellip;]<\/p>\n","protected":false},"author":28,"featured_media":322830,"comment_status":"closed","ping_status":"","sticky":true,"template":"","format":"standard","meta":{"footnotes":""},"categories":[26,27],"tags":[],"class_list":["post-322703","post","type-post","status-publish","format-standard","has-post-thumbnail","hentry","category-efemerides","category-portada"],"_links":{"self":[{"href":"https:\/\/diariodominicano.com\/index.php?rest_route=\/wp\/v2\/posts\/322703","targetHints":{"allow":["GET"]}}],"collection":[{"href":"https:\/\/diariodominicano.com\/index.php?rest_route=\/wp\/v2\/posts"}],"about":[{"href":"https:\/\/diariodominicano.com\/index.php?rest_route=\/wp\/v2\/types\/post"}],"author":[{"embeddable":true,"href":"https:\/\/diariodominicano.com\/index.php?rest_route=\/wp\/v2\/users\/28"}],"replies":[{"embeddable":true,"href":"https:\/\/diariodominicano.com\/index.php?rest_route=%2Fwp%2Fv2%2Fcomments&post=322703"}],"version-history":[{"count":3,"href":"https:\/\/diariodominicano.com\/index.php?rest_route=\/wp\/v2\/posts\/322703\/revisions"}],"predecessor-version":[{"id":322831,"href":"https:\/\/diariodominicano.com\/index.php?rest_route=\/wp\/v2\/posts\/322703\/revisions\/322831"}],"wp:featuredmedia":[{"embeddable":true,"href":"https:\/\/diariodominicano.com\/index.php?rest_route=\/wp\/v2\/media\/322830"}],"wp:attachment":[{"href":"https:\/\/diariodominicano.com\/index.php?rest_route=%2Fwp%2Fv2%2Fmedia&parent=322703"}],"wp:term":[{"taxonomy":"category","embeddable":true,"href":"https:\/\/diariodominicano.com\/index.php?rest_route=%2Fwp%2Fv2%2Fcategories&post=322703"},{"taxonomy":"post_tag","embeddable":true,"href":"https:\/\/diariodominicano.com\/index.php?rest_route=%2Fwp%2Fv2%2Ftags&post=322703"}],"curies":[{"name":"wp","href":"https:\/\/api.w.org\/{rel}","templated":true}]}}