{"id":32269,"date":"2019-10-17T11:49:31","date_gmt":"2019-10-17T11:49:31","guid":{"rendered":"http:\/\/diariodominicano.ddns.net\/?p=32269"},"modified":"2019-10-17T11:49:31","modified_gmt":"2019-10-17T11:49:31","slug":"el-hambre-se-invita-al-debate-electoral","status":"publish","type":"post","link":"https:\/\/diariodominicano.com\/?p=32269","title":{"rendered":"El hambre se invita al debate electoral"},"content":{"rendered":"<p><body><\/p>\n<p><img decoding=\"async\" src=\"img3\/arg2.jpg\" \/><br \/><img decoding=\"async\" src=\"img3\/arg3.jpg\" \/><br \/><img decoding=\"async\" src=\"img3\/arg4.jpg\" \/>  <\/p>\n<p><strong>Sergio Ferrari<\/strong>, desde Rosario, Argentina<\/p>\n<\/p>\n<p>Crisis social y debate pol\u00edtico van de la mano en este pa\u00eds sudamericano donde el domingo 27 de octubre se elegir\u00e1n presidente y vice, 130 diputados, 24 senadores y ejecutivos de varias provincias.  Si se confirmaran los resultados de las elecciones preliminares obligatorias del 11 de agosto pasado -y la oposici\u00f3n se alza con la victoria-, una de las causas principales del cambio pol\u00edtico habr\u00e1 sido el aumento explosivo de la miseria durante el gobierno de derecha del actual presidente Mauricio Macri.<\/p>\n<\/p>\n<p>La Universidad Cat\u00f3lica Argentina (UCA), instituci\u00f3n de referencia en la medici\u00f3n social del pa\u00eds, estima que, en diciembre de este a\u00f1o, cuando comience el nuevo periodo presidencial, la pobreza golpear\u00e1 a casi el 40% de la poblaci\u00f3n. El oficial Instituto Nacional de Estad\u00edsticas y Censos (INDEC) confirm\u00f3 a fines de septiembre que al cerrarse el primer trimestre del 2019, el 35,4% de los argentinos &#8211; 16 millones de personas- es pobre y un 7,7% &#8211; es decir 3,4 millones-, indigente. Con el agravante que uno de cada dos ni\u00f1os vive en estado de pobreza. En una situaci\u00f3n de ca\u00edda acelerada del ingreso. Solo en el \u00faltimo a\u00f1o, el 20% m\u00e1s pobre de la poblaci\u00f3n perdi\u00f3 el 20% de su poder adquisitivo,<\/p>\n<\/p>\n<p>Paradoja en una de las potencias agr\u00edcolas planetarias, pa\u00eds productor de alimentos, otrora considerado como uno de los \u00abgraneros del mundo\u00bb y que aun hoy asegura, con sus exportaciones, alimentos para casi 400 millones de personas, es decir, 10 veces m\u00e1s que su poblaci\u00f3n.  <\/p>\n<\/p>\n<p>Realidad por dem\u00e1s preocupante que llev\u00f3 a la oposici\u00f3n peronista a proponer este a\u00f1o una ley de \u00abemergencia alimentaria\u00bb, aprobada finalmente por el parlamento en la tercera semana de septiembre. La misma establece un 50% de aumento de las partidas nacionales para alimentaci\u00f3n y nutrici\u00f3n, privilegiando en particular a los ni\u00f1os hasta 14 a\u00f1os, embarazadas y ancianos. La ley que regir\u00e1 hasta 2022 estipula un ajuste trimestral autom\u00e1tico de este presupuesto teniendo en cuenta la inflaci\u00f3n y el costo de la canasta b\u00e1sica alimentaria.<\/p>\n<\/p>\n<p>De biblioteca a comedor popular<\/p>\n<\/p>\n<p>Al menos tres veces por semana \u00abaseguramos una comida, a la noche, a gente carenciada del barrio\u00bb, explica Daniel Macalusi, vicepresidente de la Biblioteca Popular Empalme Norte, ubicada en Empalme Graneros, zona de la periferia de Rosario duramente golpeada por el narcotr\u00e1fico y la violencia derivada.<\/p>\n<\/p>\n<p>\u00abNos preocupa mucho como aument\u00f3 estos \u00faltimos tres a\u00f1os la cantidad de gente que viene a buscar un plato de comida\u00bb, enfatiza el dirigente barrial, electricista independiente de 52 a\u00f1os, que desde 2011 a\u00f1os colabora en esta iniciativa asociativa, una de los m\u00e1s emblem\u00e1ticas de la ciudad y que promueve en la actualidad una decena de actividades educativas, culturales y deportivas.<\/p>\n<\/p>\n<p>La entidad, que naci\u00f3 como una biblioteca barrial, a ra\u00edz del incremento de la crisis social debi\u00f3 integrar, a partir del 2016, una cocina popular para paliar la situaci\u00f3n de cientos de vecinos, entre ellos numerosos menores. \u00abAl inicio ofrec\u00edamos una merienda a unos 15. En la actualidad son m\u00e1s de 100 las ni\u00f1as y ni\u00f1os que reciben diariamente su vaso de leche y un pancito\u00bb, explica.<\/p>\n<\/p>\n<p>Un reciente estudio de la Universidad de Rosario y la organizaci\u00f3n Barrios de Pie, difundido la segunda semana de octubre, indica que 4 de cada 10 infantes que recurren a comedores populares de la provincia de Santa Fe padecen de malnutrici\u00f3n. El mismo se basa en una muestra de 2543 ni\u00f1as y ni\u00f1os de 42 barrios de Rosario y otras tres ciudades de la provincia.<\/p>\n<\/p>\n<p>\u00abEs parad\u00f3jico comprobar que nuestra biblioteca, que naci\u00f3 como un espacio cultural, producto del hambre creciente de la gente, debi\u00f3, adem\u00e1s, convertirse en un comedor popular autogestionado ben\u00e9volamente por los propios vecinos\u00bb, subraya. En la actualidad asegura un plato de comida, tres veces por semana, a m\u00e1s de 400 personas.<\/p>\n<\/p>\n<p>Este a\u00f1o, \u00abme confront\u00e9 con mis propios ojos a la situaci\u00f3n de miseria m\u00e1s terrible de los \u00faltimos tiempos. Es muy penoso ver c\u00f3mo afecta la p\u00e9rdida del empleo en nuestra comunidad. Incluso, yo mismo, lo vivo en carne propia. En la actualidad tengo trabajo solo dos d\u00edas por semana\u00bb, concluye el dirigente barrial.<\/p>\n<\/p>\n<p>Macri y una crisis anunciada<\/p>\n<\/p>\n<p>Para el antrop\u00f3logo rosarino y doctor en sociolog\u00eda Carlos G\u00f3mez, la pobreza y la miseria tomaron una nueva dimensi\u00f3n a partir de la llegada al gobierno de Mauricio Macri en el 2015.<\/p>\n<\/p>\n<p>El primer hecho decisivo que actu\u00f3 como detonante, enfatiza, fueron los aumentos desmesurados y fuera de toda l\u00f3gica de los combustibles y servicios p\u00fablicos esenciales (electricidad, gas, agua etc.) que llegaron a acumular porcentajes por encima del 1000 % en muy poco tiempo.<\/p>\n<\/p>\n<p>Lo que oper\u00f3, se\u00f1ala el tambi\u00e9n profesor de la carrera de Ciencias Pol\u00edticas, como una \u00abverdadera deflagraci\u00f3n sobre los ingresos de las clases medias y populares, tornaron inviable cualquier econom\u00eda dom\u00e9stica e hicieron desaparecer las econom\u00edas ya precarias en los barrios, en particular las peque\u00f1as empresas\u00bb.<\/p>\n<\/p>\n<p>Un efecto de estas pol\u00edticas de ajuste del gobierno, lo constituye el incremento del precio de los alimentos -6,2% en septiembre- y el transporte p\u00fablico, con el correspondiente impacto inflacionario que el noveno mes del 2019 alcanz\u00f3 el 5,8%, y que podr\u00eda superar un acumulado anual del 55%.  Los precios al consumidor en los 4 a\u00f1os de la gesti\u00f3n de Macri aumentaron un 300%.<\/p>\n<\/p>\n<p>G\u00f3mez recuerda que si bien el actual gobierno mantuvo algunas pol\u00edticas sociales del anterior, \u00ablos diques de contenci\u00f3n que se hab\u00edan consolidado durante la presidencia de Cristina Kirchner estallaron ante la dimensi\u00f3n del aumento del costo de la vida\u00bb.<\/p>\n<\/p>\n<p>Las clases medias se empobrecieron y las clases m\u00e1s humildes entraron en situaci\u00f3n de infra consumo y hambre, puntualiza. Adicionalmente, \u00abtodav\u00eda no se ha medido adecuadamente la cat\u00e1strofe de este modelo en la vida de los jubilados\u00bb. Aunque desde hace muchos a\u00f1os padecen por bajos ingresos, constituyen hoy un sector particularmente perjudicado por las actuales pol\u00edticas antisociales, costos elevad\u00edsimos de los medicamentos y reducci\u00f3n constante de sus derechos esenciales y pensiones, concluye.<\/p>\n<\/p>\n<p>-fin-<\/p>\n<\/p>\n<p>___________________________________________________________________<\/p>\n<\/p>\n<p>Deuda y pobreza<\/p>\n<\/p>\n<p>Dos flagelos principales -aunque no los \u00fanicos- amenazan la actual gobernabilidad en Argentina. Y se proyectan como riesgos que amenazan el futuro gobierno que surgir\u00e1 del voto popular el pr\u00f3ximo 27 de octubre: la miseria en aumento y la deuda externa, en particular la m\u00e1s reciente, contra\u00edda por Mauricio Macri con el Fondo Monetario Internacional (FMI).<\/p>\n<\/p>\n<p>Seg\u00fan c\u00e1lculos coincidentes de diversos especialistas, la deuda externa para fin del a\u00f1o superar\u00e1 el 90% del PBI que se reducir\u00e1, al menos, un 4 %. Se calcula una ca\u00edda de la capacidad de compra de los salarios del 20% y una tasa de desempleo superior al 12%.<\/p>\n<\/p>\n<p>De ganar el Frente de Todos, principal alianza opositora, que sac\u00f3 m\u00e1s de 15 puntos de diferencia a Todos por el CAMBIO de Mauricio Macri en las primarias del 11 agosto, todo indica que ser\u00e1 necesaria una renegociaci\u00f3n de la deuda. Particularmente significativa la de los 57 mil millones de d\u00f3lares con el que el FMI trat\u00f3, sin \u00e9xito alguno, de apuntalar al actual gobierno, marcando un r\u00e9cord mundial dl binomio cr\u00e9dito-endeudamiento.  <\/p>\n<\/p>\n<p>Seg\u00fan Resumen Latinoamericano, la fuga de capitales en los 4 a\u00f1os del actual gobierno superar\u00e1 los 72 mil millones de d\u00f3lares, a trav\u00e9s de diversos mecanismos que beneficiaron, en particular, al concentrado sector financiero.<\/p>\n<\/p>\n<p>Claras y expl\u00edcitas han sido las propuestas opositoras para combatir el hambre, en caso de victoria electoral. En la primera semana de octubre Alberto Fern\u00e1ndez, candidato a presidente por el Frente de Todos present\u00f3 p\u00fablicamente su proyecto \u00abArgentina sin Hambre\u00bb. El mismo define a la alimentaci\u00f3n y la nutrici\u00f3n como derechos humanos fundamentales, lo que obliga a convertirlos en pol\u00edticas de Estado y atenderlos como \u00abla prioridad nacional n\u00famero uno de un nuevo contrato social\u00bb que deber\u00e1 ser respaldado por una propuesta de \u00abunidad nacional\u00bb.<\/p>\n<\/p>\n<p>La gravedad de la situaci\u00f3n econ\u00f3mica argentina, que muchos comparan con la explosiva crisis del 2001, anticipa las serias dificultades de gesti\u00f3n que deber\u00e1 afrontar el pr\u00f3ximo gobierno. Los siete ejes de Argentina sin Hambre, incluyen mejorar la alimentaci\u00f3n y la nutrici\u00f3n; bajar el precio de los alimentos; generar m\u00e1s ingresos para las familias, as\u00ed como romper el c\u00edrculo de hambre-exclusi\u00f3n-pobreza. La propuesta define tambi\u00e9n la creaci\u00f3n de empleos. Y la articulaci\u00f3n de esta prioridad alimentaria con los planes de salud, educaci\u00f3n, desarrollo local y generaci\u00f3n de empleo. Y, por \u00faltimo, la promoci\u00f3n de un sistema de alimentaci\u00f3n sustentable y sostenible desde la fase de producci\u00f3n hasta la del consumo (mejorando pr\u00e1cticas, producci\u00f3n y precios).<\/p>\n<\/p>\n<p>Dada la inmediatez de la aplicaci\u00f3n de este Plan, se contemplan medidas urgentes, acciones locales y pol\u00edticas estructurales y se prev\u00e9, en caso de una victoria opositora el 27 de octubre, constituir a partir del 10 de diciembre -fecha del cambio de gobierno- un Consejo Federal para gestionarlo junto con los ministerios de Desarrollo Social, Educaci\u00f3n, Salud y Producci\u00f3n y Trabajo. El Consejo estar\u00e1 integrado por universidades, sindicatos, c\u00e1maras empresariales, iglesias y organizaciones sociales. Y se crear\u00e1, adem\u00e1s, un Observatorio Interdisciplinario para monitorear y darle seguimiento y evaluaci\u00f3n a dicho plan. (Sergio Ferrari)<\/p>\n<h6> 2019-10-17 11:49:31 <\/h6>\n<p><!--\n<link rel=\"stylesheet\" href=\"css\/bootstrap.min.css\">\n\n\n<ul class=\"pagination\">\n\t    \n\t\n\n<li >\n\t<a href='?page_no=1164'>Previous<\/a>\n\t<\/li>\n\n\n       \n    \n\n<li><a href='?page_no=1'>1<\/a><\/li>\n\n\n\n<li><a href='?page_no=2'>2<\/a><\/li>\n\n\n\n<li><a>...<\/a><\/li>\n\n\n\n<li><a href='?page_no=1163'>1163<\/a><\/li>\n\n\n\n<li><a href='?page_no=1164'>1164<\/a><\/li>\n\n\n\n<li class='active'><a>1165<\/a><\/li>\n\n\n\n<li><a href='?page_no=1166'>1166<\/a><\/li>\n\n\n\n<li><a href='?page_no=1167'>1167<\/a><\/li>\n\n\n\n<li><a>...<\/a><\/li>\n\n\n\n<li><a href='?page_no=1549'>1549<\/a><\/li>\n\n\n\n<li><a href='?page_no=1550'>1550<\/a><\/li>\n\n    \n\t\n\n<li >\n\t<a href='?page_no=1166'>Next<\/a>\n\t<\/li>\n\n\n    \n\n<li><a href='?page_no=1550'>Last &rsaquo;&rsaquo;<\/a><\/li>\n\n<\/ul>\n\n\n--><br \/>\n<\/body><\/p>\n","protected":false},"excerpt":{"rendered":"<p>Sergio Ferrari, desde Rosario, Argentina Crisis social y debate pol\u00edtico van de la mano en este pa\u00eds sudamericano donde el domingo 27 de octubre se elegir\u00e1n presidente y vice, 130 diputados, 24 senadores y ejecutivos de varias provincias. Si se confirmaran los resultados de las elecciones preliminares obligatorias del 11 de agosto pasado -y la [&hellip;]<\/p>\n","protected":false},"author":3,"featured_media":0,"comment_status":"open","ping_status":"open","sticky":false,"template":"","format":"standard","meta":{"footnotes":""},"categories":[19],"tags":[],"class_list":["post-32269","post","type-post","status-publish","format-standard","hentry","category-mi-voz"],"_links":{"self":[{"href":"https:\/\/diariodominicano.com\/index.php?rest_route=\/wp\/v2\/posts\/32269","targetHints":{"allow":["GET"]}}],"collection":[{"href":"https:\/\/diariodominicano.com\/index.php?rest_route=\/wp\/v2\/posts"}],"about":[{"href":"https:\/\/diariodominicano.com\/index.php?rest_route=\/wp\/v2\/types\/post"}],"author":[{"embeddable":true,"href":"https:\/\/diariodominicano.com\/index.php?rest_route=\/wp\/v2\/users\/3"}],"replies":[{"embeddable":true,"href":"https:\/\/diariodominicano.com\/index.php?rest_route=%2Fwp%2Fv2%2Fcomments&post=32269"}],"version-history":[{"count":0,"href":"https:\/\/diariodominicano.com\/index.php?rest_route=\/wp\/v2\/posts\/32269\/revisions"}],"wp:attachment":[{"href":"https:\/\/diariodominicano.com\/index.php?rest_route=%2Fwp%2Fv2%2Fmedia&parent=32269"}],"wp:term":[{"taxonomy":"category","embeddable":true,"href":"https:\/\/diariodominicano.com\/index.php?rest_route=%2Fwp%2Fv2%2Fcategories&post=32269"},{"taxonomy":"post_tag","embeddable":true,"href":"https:\/\/diariodominicano.com\/index.php?rest_route=%2Fwp%2Fv2%2Ftags&post=32269"}],"curies":[{"name":"wp","href":"https:\/\/api.w.org\/{rel}","templated":true}]}}