{"id":32267,"date":"2019-10-18T12:52:13","date_gmt":"2019-10-18T12:52:13","guid":{"rendered":"http:\/\/diariodominicano.ddns.net\/?p=32267"},"modified":"2019-10-18T12:52:13","modified_gmt":"2019-10-18T12:52:13","slug":"anibal-de-pena-cantor-de-la-patria","status":"publish","type":"post","link":"https:\/\/diariodominicano.com\/?p=32267","title":{"rendered":"ANIBAL DE PE\u00d1A CANTOR DE LA PATRIA"},"content":{"rendered":"<p><body><\/p>\n<p><img decoding=\"async\" src=\"img3\/Anibal de Pena 1.jpg\" \/><br \/><img decoding=\"async\" src=\"img3\/Anibal de Pena 2.jpg\" \/><br \/><img decoding=\"async\" src=\"img3\/Anibal de Pena.jpg\" \/>  <\/p>\n<p>An\u00ecbal de Pe\u00f1a ha sido el int\u00e9rprete y compositor que  ha estado m\u00e1s en sinton\u00eda con los latidos del coraz\u00f3n del pueblo durante las \u00faltimas d\u00e9cadas. Es por ello que la tertulia cultural que coordina Jimmy Sierra lo proclam\u00f3 recientemente como \u00abEl cantor de la patria\u00bb.<\/p>\n<p><strong> <\/strong><\/p>\n<p><strong>ANIBAL DE PE\u00d1A CANTOR DE LA PATRIA<\/strong><\/p>\n<p><strong> <\/strong><\/p>\n<p><strong>                                                             Por Sebasti\u00e1n del Pilar S\u00e1nchez<\/strong><\/p>\n<\/p>\n<p>Como autor del himno constitucionalista y de una vasta obra art\u00edstico-musical conectada a la defensa de la naci\u00f3n y la democracia, An\u00edbal de Pe\u00f1a debe ser bautizado \u00abCantor de la Patria\u00bb, a juicio de periodistas, polit\u00f3logos y abogados que participan en unas tertulias sabatinas que se celebran en el club de profesores de la Universidad Aut\u00f3noma de Santo Domingo (UASD), dirigidas por el escritor y dramaturgo Jimmy Sierra.<\/p>\n<\/p>\n<p>El sobresaliente artista: cantante, compositor y pianista, es autor adem\u00e1s de las canciones \u00abPatria querida\u00bb y \u00abEnriquillo\u00bb, ambas de corte patri\u00f3tico; siendo la segunda un poema sinf\u00f3nico dedicado a exaltar la figura del cacique ta\u00edno que en 1519 plant\u00f3 rebeld\u00eda en la Sierra de Bahoruco contra la opresi\u00f3n de los colonizadores espa\u00f1oles. Tambi\u00e9n, es creador de la m\u00fasica del himno perrede\u00edsta, cuya escritura es obra de Jos\u00e9 Francisco Pe\u00f1a G\u00f3mez y estribillo sugerido por \u00c1ngel Miol\u00e1n (\u00abQue viva, que viva el Partido Revolucionario\/el partido del pueblo, de la Libertad\u00bb). Inspirado en una marcha patri\u00f3tica inglesa y en el himno La Marsellesa, de Francia.<\/p>\n<\/p>\n<p>An\u00edbal de Pe\u00f1a particip\u00f3 en un concurrido encuentro, efectuado en la ma\u00f1ana del s\u00e1bado 28 de septiembre, donde rememor\u00f3 que esta pieza musical, tarareada por multitudes durante largo tiempo, fue inicialmente objeto de \u00e1cidas cr\u00edticas de grupos de derecha en el pa\u00eds, a trav\u00e9s de su principal vocero, el periodista Rafael Bonilla Aybar.<\/p>\n<\/p>\n<p>Explic\u00f3 que el reconocido comentarista, en su programa diario por la emisora HIN y Rahintel canal 7, no se cansaba de repetir que los comunistas ya ten\u00edan su c\u00e1ntico marcial, equiparable en popularidad a la canci\u00f3n Nathalie, interpretada por los hermanos Arriagada y convertida en la m\u00e1s relevante inspiraci\u00f3n de rebeld\u00eda juvenil de la \u00e9poca.<\/p>\n<\/p>\n<p>Al final de este emocionante relato, que se sustent\u00f3 en cuantiosos datos in\u00e9ditos, el periodista Carlos M\u00e1rquez destac\u00f3 la entrega del artista a las mejores causas nacionales y su accionar en el mundo del espect\u00e1culo, pidiendo a los componentes de aquella pe\u00f1a cultural que firmaran enseguida un manifiesto solicitando al Congreso Nacional que lo declare \u00abCantor de la Patria\u00bb.<\/p>\n<\/p>\n<p>Igualmente, exhort\u00f3 a comprometerse difundir el documento por los diversos y variados medios informativos impresos y digitales, en procura de crear opini\u00f3n p\u00fablica y sumase un amplio respaldo de instituciones gremiales, culturales, acad\u00e9micas y profesionales.<\/p>\n<\/p>\n<p>Esa exposici\u00f3n fue secundada a unanimidad y, m\u00e1s adelante, los periodistas Eli Heiliger, del matutino Diario Libre y Eulalio Almonte Rubiera, exdirector del diario El Sol y Noti-Tiempo, iniciaron una tanda de comentarios y preguntas, resaltando la f\u00e9rtil inspiraci\u00f3n del artista y su compromiso social.<\/p>\n<\/p>\n<p>Asimismo, se escuch\u00f3 una escueta reflexi\u00f3n sobre la producci\u00f3n musical de An\u00edbal de Pe\u00f1a, en la voz emocionada de la abogada Dalia F\u00e9liz, quien manifest\u00f3 su asombro por la buena salud f\u00edsica y mental del artista y su admiraci\u00f3n por su adaptaci\u00f3n a los nuevos tiempos de reggaet\u00f3n y m\u00fasica urbana, sin ceder en su perseverancia por reivindicar la calidad de la m\u00fasica vern\u00e1cula, pese a sus 86 a\u00f1os de edad.<\/p>\n<\/p>\n<p>En esta ocasi\u00f3n tambi\u00e9n hablaron Julio An\u00edbal Su\u00e1rez, exmiembro de la Suprema Corte de Justicia; Domingo Batista, periodista-director de Magazink, una revista de pensamiento global; Luis Collado, abogado especialista en administraci\u00f3n de propiedades; Fernando Ram\u00edrez, periodista y escritor; Juan Cruz Triffolio, soci\u00f3logo y productor de TV; M\u00e1ximo Taveras, ingeniero y exc\u00f3nsul en San Juan, Puerto Rico; Nelson G\u00f3mez Bautista, empresario-propietario de Apolo Taxi y Elsa Catalina Ram\u00edrez Tolentino, folklorista y productora del proyecto cultural \u00abRituales\u00bb.<\/p>\n<\/p>\n<p>Igualmente, Juan Manuel Garc\u00eda, exdirector del peri\u00f3dico El Siglo; H\u00e9ctor Francisco Minaya Rosario, jefe de redacci\u00f3n de El Nacional; Rafael Menoscal Reynoso, director de la revista \u00abPa\u00eds dominicano tem\u00e1tico\u00bb; H\u00e9ctor Mart\u00ednez Fern\u00e1ndez, exsecretario general de la UASD; Claudio Rafael Cabrera Est\u00e9vez, catedr\u00e1tico universitario y Alexis Almonte, reportero de Color Visi\u00f3n.<\/p>\n<p><strong> <\/strong><\/p>\n<p><strong>Rol constitucionalista del artista <\/strong><\/p>\n<\/p>\n<p>An\u00edbal de Pe\u00f1a no s\u00f3lo es el autor del himno de la Revoluci\u00f3n de Abril, sino que, adem\u00e1s, es un discreto protagonista de la guerra patria desde el inicio del levantamiento militar en los campamentos 16 de Agosto y 27 de Febrero al mediod\u00eda del 24 de abril de 1965 y de la sublevaci\u00f3n popular que puso fin al gobierno de facto que presid\u00eda el doctor Donald Joseph Reid Cabral.<\/p>\n<\/p>\n<p>En la tarde del d\u00eda siguiente, el artista recibi\u00f3 en su hogar de la calle Polvor\u00edn de la ciudad intramuros, en la capital, a su amigo Jos\u00e9 Francisco Pe\u00f1a G\u00f3mez, secretario de prensa y propaganda del partido blanco, quien le  pidi\u00f3 que lo trasladara en su veh\u00edculo hasta Radio Televisi\u00f3n Dominicana, llamada entonces Radio Santo Domingo, que se encontraba bajo el control de los militares constitucionalistas, raz\u00f3n por la cual el dirigente pol\u00edtico se hab\u00eda propuesto usar este poderoso canal para dirigir un mensaje de esperanza a la poblaci\u00f3n.<\/p>\n<\/p>\n<p>Sin embargo, no bien llegaron a la intersecci\u00f3n de las calles Doctor Tejada Florentino y Barahona, cuando notaron que numerosos soldados del Centro de Ense\u00f1anza de las Fuerzas Armadas (CEFA), dirigidos por el coronel Jos\u00e9 de Jes\u00fas Morillo L\u00f3pez, hab\u00edan rodeado la estaci\u00f3n radiotelevisiva, inici\u00e1ndose un intenso tiroteo entre los bandos militares en pugna y produci\u00e9ndose en medio de la confusi\u00f3n, la detenci\u00f3n del veh\u00edculo del artista.<\/p>\n<\/p>\n<p>Casi al instante, Pe\u00f1a G\u00f3mez fue desmontado del autom\u00f3vil; siendo apresado por dos soldados que lo encerraron en el cuartel policial situado en las proximidades de la estaci\u00f3n de radio y televisi\u00f3n, obedeciendo las \u00f3rdenes del alto oficial quien les orden\u00f3 y responsabiliz\u00f3 preservar la vida del dirigente perrede\u00edsta.<\/p>\n<\/p>\n<p>An\u00edbal de Pe\u00f1a sali\u00f3 ileso de esa peligrosa situaci\u00f3n; regres\u00f3 sin inconveniente al seno de su familia y poco m\u00e1s tarde, sentado en su hogar, lleg\u00f3 hasta sus o\u00eddos el cercano repiqueteo de la sirena de alarma del cuerpo de bomberos, cuyo cuartel general estaba situado en la avenida Mella esquina Palo Hincado, y ese sonido alert\u00f3 su pensamiento y sirvi\u00f3 de inspiraci\u00f3n para crear las notas musicales y las estrofas del himno de la Revoluci\u00f3n de Abril:<\/p>\n<\/p>\n<p>(\u00abA luchar soldado valiente\/que empez\u00f3 la revoluci\u00f3n\/a imponer los nobles principios\/que reclama la constituci\u00f3n\/Desgarr\u00f3 la noche serena\/la sirena de la libertad\/cual clar\u00edn que llama a la guerra\/defendiendo la Patria inmortal\/Como hermanos de Duarte luchemos\/que ya Mella en el grito encarn\u00f3\/si cual S\u00e1nchez al martirio iremos\/venceremos como Luper\u00f3n\/No cedamos un paso marchemos\/Por senderos de gloria y honor\/y otra vez al traidor venceremos\/y otra vez al grosero invasor &#8230;\u00bb).<\/p>\n<\/p>\n<p>D\u00edas despu\u00e9s, en un encuentro que sostuvo con el coronel Caama\u00f1o, en la calle El Conde, el l\u00edder militar orden\u00f3 al ministro de la Presidencia, Hector Aristy Pereyra, asumir dicho himno para que se tocara en la emisora que respond\u00eda a la causa constitucionalista; sendo r\u00e1pidamente grabado en la voz del artista, en los estudios que dirig\u00eda Fabio Inoa en la f\u00e1brica de discos creada en 1959 por el ingeniero Pedro Pablo Bonilla, due\u00f1o de HIN y Rahintel.<\/p>\n<\/p>\n<p>Desde ese instante el nombre de An\u00edbal de Pe\u00f1a entra a la historia enlazado a la rebeli\u00f3n armada liderada por el coronel Caama\u00f1o, sin que tuviera que disparar un solo tiro en esta acci\u00f3n patri\u00f3tica, aun llevando al cinto un rev\u00f3lver niquelado que le regal\u00f3 el l\u00edder militar por v\u00eda de su t\u00edo materno, el mayor Alejandro De\u00f1\u00f3 Suero (Chib\u00fa).<\/p>\n<\/p>\n<p>Entonces obtuvo el grado de teniente del ej\u00e9rcito constitucionalista y recib\u00eda instrucciones del comandante Manolo Bordas, que le encomend\u00f3 la direcci\u00f3n de un grupo de profesionales que asist\u00eda a los combatientes en la protecci\u00f3n de las propiedades de la ciudad y en la faena de hacer con picos y palas zanjas estrat\u00e9gicas en las calles para obstaculizar la movilidad de los equipos de guerra de las tropas invasoras, las cuales hab\u00edan ocupado el \u00e1rea sur de la capital y establecido un corredor de seguridad para aislar la zona constitucionalista, en el inter\u00e9s de vencer a los patriotas.<\/p>\n<\/p>\n<p>En esa labor se mantuvo hasta el 31 de agosto de 1965, cuando el coronel Caama\u00f1o firm\u00f3 el \u00abActa de Reconciliaci\u00f3n\u00bb que posibilit\u00f3 la instauraci\u00f3n de un gobierno provisional presidido por el doctor H\u00e9ctor Rafael Garc\u00eda-Godoy C\u00e1ceres, instalado el 3 de septiembre en una ceremonia celebrada en el Palacio Nacional, donde el Cuerpo de Bomberos de Santo Domingo sorprendi\u00f3 a los presentes entonando el himno constitucionalista luego del himno nacional.<\/p>\n<\/p>\n<p>As\u00ed lo record\u00f3 el l\u00edder de esta pe\u00f1a cultural, doctor Juan Samuel Sierra G\u00f3mez (Jimmy), en un an\u00e1lisis sobre este canto revolucionario que -seg\u00fan sostiene- \u00abes una pieza musical fuera de serie que eterniza a su autor, al ser escrito -como pocos- en el fragor de la lucha armada y perdurado con el tiempo\u00bb.<\/p>\n<\/p>\n<p>Este himno es entonado con fervor en cada aniversario de la segunda ocupaci\u00f3n estadounidense al territorio nacional y cuando ha sido necesario defender con presteza la Constituci\u00f3n de la Rep\u00fablica, amenazada de manera constante por grupos enquistados en el poder pol\u00edtico que ponen en peligro la institucionalidad democr\u00e1tica. <\/p>\n<\/p>\n<p>Por su creaci\u00f3n, An\u00edbal de Pe\u00f1a confront\u00f3 muchas dificultades y vivi\u00f3 d\u00edas amargos luego de la guerra de abril, como aconteci\u00f3 a mediados de 1966 durante una presentaci\u00f3n art\u00edstica en un centro recreativo de la ciudad de Santiago Rodr\u00edguez, donde un sargento mayor del Ej\u00e9rcito intent\u00f3 agredirlo y pudo salvar la vida por la oportuna intervenci\u00f3n del comandante del destacamento militar que -tras ver lo que ocurr\u00eda- entr\u00f3 al escenario y pudo dominar a su subalterno, evitando que all\u00ed corriera la sangre.<\/p>\n<\/p>\n<p>Una semana despu\u00e9s, ese sargento mat\u00f3 a su esposa, a sus hijos y a su suegra, y aunque fue frenado en su designio homicida, a su historial criminal se a\u00f1adi\u00f3 tambi\u00e9n el asesinato en el poblado de Haina de un chofer del coronel Caama\u00f1o.<\/p>\n<\/p>\n<p>En 1966 An\u00edbal de Pe\u00f1a fue igualmente maltratado en Santiago, durante la celebraci\u00f3n de un concierto que fue reprimido por un contingente policial en el momento en que cantaba el himno constitucionalista. En esa ocasi\u00f3n, fue arrestado y sacado de la ciudad en un veh\u00edculo oficial que lo llev\u00f3 hasta un extra\u00f1o lugar donde tuvo que suplicar la asistencia de sus moradores para poder encontrar el camino de regreso a su hogar en Palmar de Ocoa.<\/p>\n<\/p>\n<p>Hay que agregar adem\u00e1s que, debido a su sobresaliente contribuci\u00f3n a la causa constitucionalista, durante un buen tiempo le estaba prohibida la entrada a Radio Televisi\u00f3n Dominicana, pudiendo vencer ese obst\u00e1culo en 1968, cuando fue integrado a su elenco art\u00edstico por disposici\u00f3n del reci\u00e9n nombrado director, Ram\u00f3n Lorenzo Perell\u00f3. <\/p>\n<\/p>\n<p>Aun as\u00ed, el artista seguir\u00eda soportando la hostilidad de militares golpistas que se negaban a armonizar con sus adversarios para restablecer la convivencia democr\u00e1tica despu\u00e9s del conflicto abrile\u00f1o; siendo patente esa animadversi\u00f3n en febrero de 1969, cuando Ram\u00f3n Lorenzo Perell\u00f3 le pidi\u00f3 que se comunicara en su nombre con un mayor de apellido Gonz\u00e1lez, en el Ministerio de las Fuerzas Armadas, a fin de programar la participaci\u00f3n de sus estrellas del canto en las fiestas de conmemoraci\u00f3n del aniversario de esa instituci\u00f3n y del natalicio del pr\u00f3cer Mat\u00edas Ram\u00f3n Mella.<\/p>\n<\/p>\n<p>Luego de conversar con el referido oficial, junto a los artistas Ger\u00f3nimo Pellerano, La Negra del Tr\u00f3pico y la vedette Mar\u00eda Antonieta Ronzino, sali\u00f3 rumbo al club de oficiales de esa instituci\u00f3n y al llegar all\u00ed se asombr\u00f3 al contemplar que sus acompa\u00f1antes eran aplaudidos al entrar en escena, tras ser anunciados por el maestro de ceremonias, pero el autor del himno constitucionalista recib\u00eda un prolongado abucheo.<\/p>\n<\/p>\n<p>Esa actitud variar\u00eda dr\u00e1sticamente a partir de la gesti\u00f3n del teniente general Miguel \u00c1ngel Soto Jim\u00e9nez como ministro de las Fuerzas Armadas, en el per\u00edodo 2000-2004, ya que en esa nueva fase de profesionalizaci\u00f3n institucional, los j\u00f3venes militares de la Fuerza A\u00e9rea, la crema y nata de esa entidad, lo invitaron a amenizar con su voz rom\u00e1ntica una fiesta en el club de Arroyo Hondo y en el curso de su recital de canciones, les pidieron que entonara el himno de la Revoluci\u00f3n y ellos mismos lo acompa\u00f1aron con emoci\u00f3n y reverencia.<\/p>\n<\/p>\n<p>Entonces, en el acreditado club de Arroyo Hondo se hab\u00eda producido un hecho hist\u00f3rico inolvidable que desvanec\u00eda el recuerdo de la \u00faltima vez que cant\u00f3 este himno en p\u00fablico, en Santiago, donde fue detenido y vejado. Ahora experiment\u00f3 una triste sonrisa solazada en la visi\u00f3n de estos j\u00f3venes oficiales que vocalizaban junto a \u00e9l el himno constitucionalista, originando que \u00edntimamente quisiera comprender qu\u00e9 hab\u00eda ocurrido para que esos muchachos traumatizados con tantas ideas absurdas que metieron en sus cabezas, entonaran con orgullo las notas del himno que era la m\u00e1xima expresi\u00f3n de la Revoluci\u00f3n de abril.<\/p>\n<\/p>\n<p>Este instante de alegr\u00eda y confraternidad, se diferenciaba tambi\u00e9n del desventurado momento en que fue abucheado durante su presentaci\u00f3n en el referido club de oficiales y luego provocado por un militar que se le acerc\u00f3 con ademanes de empu\u00f1ar su arma, aunque otro uniformado lo llev\u00f3 a su mesa y lo anim\u00f3 para que no se turbara porque nadie intentar\u00eda hacerle da\u00f1o dentro del recinto, pese a que con frecuencia all\u00ed se aireaban p\u00e9rfidas parodias sobre el himno constitucionalista que suger\u00edan que los revolucionarios hab\u00edan incurrido en pillajes y otros desmanes durante su dominio en Ciudad Nueva y la zona colonial.<\/p>\n<\/p>\n<p>Un simple repaso de los hechos referidos, sirve para robustecer el convencimiento de que este artista comprometido con los mejores intereses de la naci\u00f3n desde la Era de Trujillo y que ha soportado vej\u00e1menes, angustias y pesares en la brega por establecer una sociedad sostenida por instituciones democr\u00e1ticas, es indiscutiblemente el \u00abCantor de la Patria\u00bb.<\/p>\n<\/p>\n<p><strong> Su origen y obra art\u00edstica<\/strong><\/p>\n<\/p>\n<p>Aun cuando la obra duradera de An\u00edbal de Pe\u00f1a es el himno constitucionalista -como apunta Jimmy Sierra-, se debe considerar que este gran artista compuso m\u00e1s de 200 canciones y sobresali\u00f3 durante las d\u00e9cadas de 1960 y 1970 como uno de los cantantes m\u00e1s populares del pa\u00eds, logrando la preferencia del p\u00fablico por su presencia constante en radio y televisi\u00f3n, sus numerosos conciertos populares y alta producci\u00f3n de discos.<\/p>\n<\/p>\n<p>Se cuentan entre sus \u00e9xitos, los boleros \u00abEstoy loco\u00bb, \u00abVirgen Negra\u00bb, \u00abVestida de novia\u00bb, \u00abT\u00fa no tienes la culpa\u00bb, \u00abMuchachita de mi pueblo\u00bb, \u00abD\u00e9jame beber\u00bb y \u00abMi debilidad\u00bb, de 1964, surgida en un momento de suprema inspiraci\u00f3n, cuando estando sentado frente al piano su pensamiento se confundi\u00f3 con su coraz\u00f3n para que fluyera de manera natural y espont\u00e1nea esta melod\u00eda en menos de veinte minutos. <\/p>\n<\/p>\n<p>Se debe saber  que el cantor de la patria naci\u00f3 en Barahona en el a\u00f1o 1933, aunque su familia proced\u00eda de Cotu\u00ed, en donde su abuelo era organista de la iglesia cat\u00f3lica y su padre -tambi\u00e9n m\u00fasico- instrumentalizaba la flauta y el bombardino, induciendo a la familia al aprendizaje de tonos y sonidos en sesiones permanentes de lectura y recepci\u00f3n de m\u00fasica, as\u00ed como de manejo de instrumentos, ya que estudiar era una regla aplicada a cada componente de ese hogar.<\/p>\n<\/p>\n<p>A muy temprana edad, An\u00edbal de Pe\u00f1a aprendi\u00f3 a tocar trompeta y piano y sus hermanos Washington y Hu\u00e1scar, saxof\u00f3n y flauta; mientras que sus hermanas Ligia y Elba se inclinaron por el canto, conformando en la adultez, el recordado dueto \u00abIdeal\u00bb, que fue el mejor de su g\u00e9nero en el pa\u00eds. Una hermana menor, Josefina, prefiri\u00f3 los estudios profesionales de m\u00fasica, que fueron realizados en el Conservatorio Nacional de M\u00fasica y en una escuela especializada de Puerto Rico.<\/p>\n<\/p>\n<p>An\u00edbal de Pe\u00f1a interpret\u00f3 por primera vez una canci\u00f3n en p\u00fablico en 1938, teniendo apenas cinco a\u00f1os de edad, durante un concurso radial de canto que realiz\u00f3 una emisora de San Francisco de Macor\u00eds, donde obtuvo como premio unos zapatos Florsheim. Esta realizaci\u00f3n art\u00edstica fue guiada por su padre, quien, adem\u00e1s de ser un buen m\u00fasico, se destac\u00f3 como profesor y poeta en los municipios de Duverg\u00e9, Bonao y El Cercado.<\/p>\n<\/p>\n<p>A este triunfo contribuy\u00f3 igualmente su madre, \u00e1vida lectora que se sumerg\u00eda en el deslumbrante universo de las letras y disfrutaba compartir con su familia la lectura en voz alta de obras literarias nacionales y extranjeras, como las novelas \u00abEnriquillo\u00bb, de Manuel de Jes\u00fas Galv\u00e1n y \u00abEl conde de Montecristo\u00bb, de Alejandro Dumas (padre).<\/p>\n<\/p>\n<p>Nuestro artista veneraba a sus progenitores porque entre ambos forjaron su talento art\u00edstico, aunque sent\u00eda admiraci\u00f3n especial por su padre, de quien hered\u00f3 la virtud de componer canciones y poemas. Tanto as\u00ed que, en el transcurso de sus conciertos, hizo una costumbre recitar fragmentos de sus versos, en particular los siguientes: <\/p>\n<\/p>\n<p>\u00abLa novia del poeta no es aquella que simplemente comparte con \u00e9l  sus alegr\u00edas\/tampoco es aquella que le sella los labios con unos besos algunos d\u00edas\/tampoco es aquella que en los inviernos infernales le calienta los miembros adormecidos\/ni la que excita sus deseos sexuales con amores odiosos fugitivos\/Nunca la encontrar\u00e9is en la que asombra con su andar, excita a los pobres inocentes\/Jam\u00e1s ser\u00e1 la amante que en el lecho\/ tr\u00e9mula, loca de pasi\u00f3n\/se desmelena, se le ensancha el pecho\/ y le muerde los labios, febril sensual\/ La novia del poeta es la que comprende una mirada de pasi\u00f3n\/es aquella que comprende el lenguaje ideal de la creaci\u00f3n\/la que ha ido tras un largo viacrucis a la meta\/ Esa s\u00ed que es la novia del poeta\u00bb.<\/p>\n<\/p>\n<p>Su padre muri\u00f3 en 1950, siendo profesor de m\u00fasica y director de la banda municipal de Duverg\u00e9. Esas funciones pasaron a ser desempe\u00f1adas por el autor e int\u00e9rprete del himno constitucionalista, quien durante nueve a\u00f1os fue profesor de m\u00fasica en Loma de Cabrera, Constanza, Dajab\u00f3n y Los Bajos de Haina, donde fue nombrado director de la academia musical y empleado del ingenio azucarero.<\/p>\n<\/p>\n<p>Ese \u00faltimo cargo fue compartido con un puesto de instructor del Coro Nacional, lo que facilit\u00f3 su desplazamiento diario a Santo Domingo, donde se establecer\u00eda a finales de esa d\u00e9cada junto a su primera esposa, Felicia B\u00e1ez y su primer hijo Jos\u00e9 Alberto. Entonces, en compa\u00f1\u00eda de los n\u00f3veles artistas Aida Luc\u00eda, Fernando Casado, Luchy Vicioso, Nin\u00ed Caffaro y Julio C\u00e9sar Defill\u00f3, se integr\u00f3 al inolvidable programa \u00abLa hora del moro\u00bb, que produc\u00eda el maestro Rafael Solano en Rahintel.<\/p>\n<\/p>\n<p>Previamente, a los 20 a\u00f1os de edad, perfeccion\u00f3 su canto bajo la orientaci\u00f3n del maestro italiano Enrico Cagna Cabiati, quien dirig\u00eda la escuela que funcionaba en La Voz Dominicana, palacio radiotelevisor propiedad del coronel Jos\u00e9 Arismendy Trujillo Molina (Pet\u00e1n). Aqu\u00ed se someti\u00f3 a un riguroso examen vocal, recibiendo elogios por su voz, buena afinaci\u00f3n y perfecta dicci\u00f3n.<\/p>\n<\/p>\n<p>Tambi\u00e9n hay que destacar que desde 1968 hasta 1970, junto a Milton Pel\u00e1ez y Jorge Taveras, An\u00edbal de Pe\u00f1a fue productor del popular programa de televisi\u00f3n \u00abMusiclan\u00bb, que se presentaba en vivo a las 8:00 de la noche por Radio Televisi\u00f3n Dominicana, con la frecuente participaci\u00f3n de los cantantes Cecilia Garc\u00eda y Julio C\u00e9sar Defill\u00f3. <\/p>\n<\/p>\n<p>Igualmente, comparti\u00f3 con la profesora Josefina Minillo, la puesta en escena de  una revista coreogr\u00e1fico-musical en la boite Maya del restaurant Rinc\u00f3n Mexicano, donde participaban las cantantes y bailarinas Iluminada Jim\u00e9nez, Alexandra Johnson, Clarissa Andrikson, Mercedes Lugo, Mireya Familia e Ivelisse Acevedo.<\/p>\n<\/p>\n<p>Estando al frente de ese proyecto se relacion\u00f3 sentimentalmente con Aleyda Iluminada Jim\u00e9nez, su esposa y madre de sus tres hijas: Ilum\u00edn, cantante; Ylianna, locutora de radio y Alih Jey,  nueva estrella de la canci\u00f3n, que se abre paso en Estados Unidos con  una prometedora carrera  que recuerda la de su progenitora, quien en 1968 era una  bell\u00edsima estudiante de farmacia de  la UASD que se transform\u00f3 en cantante carism\u00e1tica de los programas de TV \u00abS\u00e1bado de Ronda\u00bb, \u00abEl Estelar de Brugal\u00bb y \u00abLa Taberna de Bab\u00edn\u00bb.<\/p>\n<\/p>\n<p>Finalmente, hay que recordar la participaci\u00f3n de An\u00edbal de Pe\u00f1a en el Primer Festival de la Canci\u00f3n Latina del Mundo, realizado en M\u00e9xico en marzo de 1969, representando al pa\u00eds junto a Luchy Vicioso, lo mismo que en el Segundo Festival Nacional de la Canci\u00f3n, celebrado el 28 de noviembre de ese mismo a\u00f1o bajo la orientaci\u00f3n de la Asociaci\u00f3n de M\u00fasicos, Cantantes, Bailarines y Locutores (AMUCABA).<\/p>\n<\/p>\n<p>En este festival dominicano su canci\u00f3n \u00abEnriquillo\u00bb fue una de las finalistas y la m\u00e1s aplaudida, aunque no conquist\u00f3 el primer lugar debido a la decisi\u00f3n de un  jurado conservador, para quien era un verdadero fastidio respaldar las letras de su melod\u00eda, resaltando la libertad de los abor\u00edgenes conquistada mediante la sublevaci\u00f3n armada.<\/p>\n<\/p>\n<p>En este evento el primer lugar correspondi\u00f3 a la canci\u00f3n \u00abHabr\u00e1 un nuevo mundo\u00bb, del pianista Danilo Le\u00f3n Pichardo (Dany), interpretada por la joven July Morales. Esa melod\u00eda tuvo poco impacto en la radio, a diferencia de Enriquillo que desde el primer momento que sali\u00f3 al aire fue tomada por los estudiantes de la UASD para una obra de poes\u00eda coreada y por profesores e intelectuales de varias instituciones educativas, para analizar su contenido en talleres y mesas redondas.<\/p>\n<\/p>\n<p>Como se ha visto, An\u00edbal de Pe\u00f1a ha sido el int\u00e9rprete y compositor que  ha estado m\u00e1s en sinton\u00eda con los latidos del coraz\u00f3n del pueblo durante las \u00faltimas d\u00e9cadas. Es por ello que la tertulia cultural que coordina Jimmy Sierra lo proclam\u00f3 recientemente como \u00abEl cantor de la patria\u00bb.<\/p>\n<\/p>\n<\/p>\n<h6> 2019-10-18 12:52:13 <\/h6>\n<p><!--\n<link rel=\"stylesheet\" href=\"css\/bootstrap.min.css\">\n\n\n<ul class=\"pagination\">\n\t    \n\t\n\n<li >\n\t<a href='?page_no=1162'>Previous<\/a>\n\t<\/li>\n\n\n       \n    \n\n<li><a href='?page_no=1'>1<\/a><\/li>\n\n\n\n<li><a href='?page_no=2'>2<\/a><\/li>\n\n\n\n<li><a>...<\/a><\/li>\n\n\n\n<li><a href='?page_no=1161'>1161<\/a><\/li>\n\n\n\n<li><a href='?page_no=1162'>1162<\/a><\/li>\n\n\n\n<li class='active'><a>1163<\/a><\/li>\n\n\n\n<li><a href='?page_no=1164'>1164<\/a><\/li>\n\n\n\n<li><a href='?page_no=1165'>1165<\/a><\/li>\n\n\n\n<li><a>...<\/a><\/li>\n\n\n\n<li><a href='?page_no=1549'>1549<\/a><\/li>\n\n\n\n<li><a href='?page_no=1550'>1550<\/a><\/li>\n\n    \n\t\n\n<li >\n\t<a href='?page_no=1164'>Next<\/a>\n\t<\/li>\n\n\n    \n\n<li><a href='?page_no=1550'>Last &rsaquo;&rsaquo;<\/a><\/li>\n\n<\/ul>\n\n\n--><br \/>\n<\/body><\/p>\n","protected":false},"excerpt":{"rendered":"<p>An\u00ecbal de Pe\u00f1a ha sido el int\u00e9rprete y compositor que ha estado m\u00e1s en sinton\u00eda con los latidos del coraz\u00f3n del pueblo durante las \u00faltimas d\u00e9cadas. Es por ello que la tertulia cultural que coordina Jimmy Sierra lo proclam\u00f3 recientemente como \u00abEl cantor de la patria\u00bb. ANIBAL DE PE\u00d1A CANTOR DE LA PATRIA Por Sebasti\u00e1n [&hellip;]<\/p>\n","protected":false},"author":3,"featured_media":0,"comment_status":"open","ping_status":"open","sticky":false,"template":"","format":"standard","meta":{"footnotes":""},"categories":[19],"tags":[],"class_list":["post-32267","post","type-post","status-publish","format-standard","hentry","category-mi-voz"],"_links":{"self":[{"href":"https:\/\/diariodominicano.com\/index.php?rest_route=\/wp\/v2\/posts\/32267","targetHints":{"allow":["GET"]}}],"collection":[{"href":"https:\/\/diariodominicano.com\/index.php?rest_route=\/wp\/v2\/posts"}],"about":[{"href":"https:\/\/diariodominicano.com\/index.php?rest_route=\/wp\/v2\/types\/post"}],"author":[{"embeddable":true,"href":"https:\/\/diariodominicano.com\/index.php?rest_route=\/wp\/v2\/users\/3"}],"replies":[{"embeddable":true,"href":"https:\/\/diariodominicano.com\/index.php?rest_route=%2Fwp%2Fv2%2Fcomments&post=32267"}],"version-history":[{"count":0,"href":"https:\/\/diariodominicano.com\/index.php?rest_route=\/wp\/v2\/posts\/32267\/revisions"}],"wp:attachment":[{"href":"https:\/\/diariodominicano.com\/index.php?rest_route=%2Fwp%2Fv2%2Fmedia&parent=32267"}],"wp:term":[{"taxonomy":"category","embeddable":true,"href":"https:\/\/diariodominicano.com\/index.php?rest_route=%2Fwp%2Fv2%2Fcategories&post=32267"},{"taxonomy":"post_tag","embeddable":true,"href":"https:\/\/diariodominicano.com\/index.php?rest_route=%2Fwp%2Fv2%2Ftags&post=32267"}],"curies":[{"name":"wp","href":"https:\/\/api.w.org\/{rel}","templated":true}]}}