{"id":32266,"date":"2019-10-18T13:27:42","date_gmt":"2019-10-18T13:27:42","guid":{"rendered":"http:\/\/diariodominicano.ddns.net\/?p=32266"},"modified":"2019-10-18T13:27:42","modified_gmt":"2019-10-18T13:27:42","slug":"magistrado-ramon-aristides-madera-arias-explica-su-voto-disidente","status":"publish","type":"post","link":"https:\/\/diariodominicano.com\/?p=32266","title":{"rendered":"Magistrado Ram\u00f3n Ar\u00edstides Madera Arias explica su voto disidente"},"content":{"rendered":"<p><body><\/p>\n<p><strong>Parte final <\/strong><\/p>\n<p><strong>Magistrado Ram\u00f3n Ar\u00edstides Madera Arias explica su voto disidente<\/strong><\/p>\n<\/p>\n<p>25.- Nuestra firme convicci\u00f3n, s\u00f3lo est\u00e1 motivada en defensa y protecci\u00f3n del sistema democr\u00e1tico, de la institucionalidad del pa\u00eds, de la confianza del pueblo dominicano en las instituciones y en sus representantes, la protecci\u00f3n del sistema electoral y de los partidos pol\u00edticos, de la fortaleza institucional, de la transparencia, y de la seguridad jur\u00eddica. No es nuestra intenci\u00f3n afectar intereses particulares ni grupales, ni ofender a nadie, s\u00f3lo nos mueve el deseo de que todas las cosas se hagan de manera correcta, sin importar las consecuencias, porque hay que colocar los intereses nacionales por encima de los individuales. En nuestra condici\u00f3n de persona con ideas propias y actuando como un libre pensador y con objetividad, considero que todos los ciudadanos que amamos a nuestra Rep\u00fablica Dominicana, debemos aunar esfuerzos para que entre todos podamos tener un mejor pa\u00eds.<\/p>\n<p>Hay que tener instituciones fuertes, confiables y transparentes, donde se garantice y se respete el Estado de derecho. Las instituciones para lograr su cometido, se necesita que est\u00e9n conformadas por hombres serios, honestos, responsables, objetivos, equilibrados, prudentes, imparciales e independientes, que independientemente de sus simpat\u00edas o preferencias personales act\u00faen apegados al principio de legalidad, a la \u00e9tica, a la moral, a las buenas costumbres, que su accionar est\u00e9 siempre revestido de principios y valores, para que en todo momento se piense en los mejores intereses del pa\u00eds, sin importar las consecuencias, porque la Rep\u00fablica Dominicana necesita de sus mejores hombres para continuar el camino hacia el desarrollo econ\u00f3mico, institucional y en el afianzamiento de la democracia, y que razonen en el sentido de que \u00abnadie sabe lo que tiene hasta que lo ve perdido\u00bb, porque todos los dominicanos merecemos vivir en un clima de confianza, justicia y paz.  <\/p>\n<p>\tPor los motivos expuestos precedentemente, vistos los art\u00edculos 22, 212, 213 y 214 de la Constituci\u00f3n dominicana; los art\u00edculos 170 y 171 del Reglamento Contencioso Electoral; el art\u00edculo 101 de la Ley No.834, de fecha 15 de julio del a\u00f1o 1978; los art\u00edculos 45, 46 y 51 de la Ley No.33-, de fecha 13 de agosto del a\u00f1o 2018; los art\u00edculos 48 y 49 del Reglamento para la Aplicaci\u00f3n de  la Ley No.33-18, emitido por la Junta Central Electoral en fecha doce (12) de diciembre del a\u00f1o 2018; el art\u00edculo 20 numerales 1 y 13 de la Ley No.15-19, Org\u00e1nica del R\u00e9gimen Electoral, de fecha 18 de febrero del a\u00f1o 2019; visto el acuerdo suscrito por la Junta Central Electoral con los Delegados de los Partidos Pol\u00edticos, en fecha 31 de enero del a\u00f1o 2019; vista el Acta No.07\/2019 de la Sesi\u00f3n del Pleno de la Junta Central Electoral, celebrada en fecha 22 de febrero del a\u00f1o 2019; visto el art\u00edculo 1134 del C\u00f3digo Civil, somos de opini\u00f3n que:<\/p>\n<p>PROCEDE:<\/p>\n<p>PRIMERO: En cuanto a la forma, declarar ADMISIBLE la presente Demanda en Referimiento, en primer lugar, por la presente demanda haber sido interpuesta de conformidad con los art\u00edculos 170 y 171 del Reglamento Contencioso Electoral; y en segundo lugar, por haberse comprobado la existencia de urgencia, toda vez que en virtud de lo dispuesto en el art\u00edculo 51 de la Ley N\u00fam. 33-18, el candidato ganador y oficial debe ser proclamado el d\u00eda 11 de octubre del a\u00f1o 2019;  <\/p>\n<p>SEGUNDO: En cuanto al fondo, procede ACOGER la presente Demanda en Referimiento, interpuesta por Leonel Fern\u00e1ndez, en contra de la Junta Central Electoral, el Partido de la Liberaci\u00f3n Dominicana y el se\u00f1or Gonzalo Castillo, y en consecuencia, procede que se le ordene a la Junta Central Electoral, suspender la publicaci\u00f3n, difusi\u00f3n y divulgaci\u00f3n de los resultados totales, finales y oficiales de los votos emitidos en el nivel presidencial del Partido de la Liberaci\u00f3n, en las elecciones primarias simult\u00e1neas celebradas en fecha seis (6) de octubre del a\u00f1o 2019; as\u00ed como tambi\u00e9n que se suspenda la proclamaci\u00f3n del candidato ganador del referido certamen, hasta tanto la Junta Central Electoral realice la auditor\u00eda t\u00e9cnica forense al software y a los equipos tecnol\u00f3gicos usados para la votaci\u00f3n y escrutinio del sistema de voto automatizado, para evitar una turbaci\u00f3n manifiestamente il\u00edcita y para prevenir un da\u00f1o inminente o irreparable.<\/p>\n<\/p>\n<h6> 2019-10-18 13:27:42 <\/h6>\n<p><!--\n<link rel=\"stylesheet\" href=\"css\/bootstrap.min.css\">\n\n\n<ul class=\"pagination\">\n\t    \n\t\n\n<li >\n\t<a href='?page_no=1161'>Previous<\/a>\n\t<\/li>\n\n\n       \n    \n\n<li><a href='?page_no=1'>1<\/a><\/li>\n\n\n\n<li><a href='?page_no=2'>2<\/a><\/li>\n\n\n\n<li><a>...<\/a><\/li>\n\n\n\n<li><a href='?page_no=1160'>1160<\/a><\/li>\n\n\n\n<li><a href='?page_no=1161'>1161<\/a><\/li>\n\n\n\n<li class='active'><a>1162<\/a><\/li>\n\n\n\n<li><a href='?page_no=1163'>1163<\/a><\/li>\n\n\n\n<li><a href='?page_no=1164'>1164<\/a><\/li>\n\n\n\n<li><a>...<\/a><\/li>\n\n\n\n<li><a href='?page_no=1549'>1549<\/a><\/li>\n\n\n\n<li><a href='?page_no=1550'>1550<\/a><\/li>\n\n    \n\t\n\n<li >\n\t<a href='?page_no=1163'>Next<\/a>\n\t<\/li>\n\n\n    \n\n<li><a href='?page_no=1550'>Last &rsaquo;&rsaquo;<\/a><\/li>\n\n<\/ul>\n\n\n--><br \/>\n<\/body><\/p>\n","protected":false},"excerpt":{"rendered":"<p>Parte final Magistrado Ram\u00f3n Ar\u00edstides Madera Arias explica su voto disidente 25.- Nuestra firme convicci\u00f3n, s\u00f3lo est\u00e1 motivada en defensa y protecci\u00f3n del sistema democr\u00e1tico, de la institucionalidad del pa\u00eds, de la confianza del pueblo dominicano en las instituciones y en sus representantes, la protecci\u00f3n del sistema electoral y de los partidos pol\u00edticos, de la [&hellip;]<\/p>\n","protected":false},"author":3,"featured_media":0,"comment_status":"open","ping_status":"open","sticky":false,"template":"","format":"standard","meta":{"footnotes":""},"categories":[19],"tags":[],"class_list":["post-32266","post","type-post","status-publish","format-standard","hentry","category-mi-voz"],"_links":{"self":[{"href":"https:\/\/diariodominicano.com\/index.php?rest_route=\/wp\/v2\/posts\/32266","targetHints":{"allow":["GET"]}}],"collection":[{"href":"https:\/\/diariodominicano.com\/index.php?rest_route=\/wp\/v2\/posts"}],"about":[{"href":"https:\/\/diariodominicano.com\/index.php?rest_route=\/wp\/v2\/types\/post"}],"author":[{"embeddable":true,"href":"https:\/\/diariodominicano.com\/index.php?rest_route=\/wp\/v2\/users\/3"}],"replies":[{"embeddable":true,"href":"https:\/\/diariodominicano.com\/index.php?rest_route=%2Fwp%2Fv2%2Fcomments&post=32266"}],"version-history":[{"count":0,"href":"https:\/\/diariodominicano.com\/index.php?rest_route=\/wp\/v2\/posts\/32266\/revisions"}],"wp:attachment":[{"href":"https:\/\/diariodominicano.com\/index.php?rest_route=%2Fwp%2Fv2%2Fmedia&parent=32266"}],"wp:term":[{"taxonomy":"category","embeddable":true,"href":"https:\/\/diariodominicano.com\/index.php?rest_route=%2Fwp%2Fv2%2Fcategories&post=32266"},{"taxonomy":"post_tag","embeddable":true,"href":"https:\/\/diariodominicano.com\/index.php?rest_route=%2Fwp%2Fv2%2Ftags&post=32266"}],"curies":[{"name":"wp","href":"https:\/\/api.w.org\/{rel}","templated":true}]}}