{"id":322658,"date":"2022-01-08T19:50:50","date_gmt":"2022-01-08T23:50:50","guid":{"rendered":"http:\/\/diariodominicano.com\/?p=322658"},"modified":"2022-01-08T19:50:50","modified_gmt":"2022-01-08T23:50:50","slug":"lionel-messi-descartado-para-duelo-dominical-psg-lyon","status":"publish","type":"post","link":"https:\/\/diariodominicano.com\/?p=322658","title":{"rendered":"Lionel Messi descartado para duelo dominical PSG-Lyon"},"content":{"rendered":"\n<p>Par\u00eds, 8 ene (Prensa Latina) El Paris Saint-Germain (PSG) confirm\u00f3 hoy la ausencia del estelar futbolista argentino Lionel Messi en el partido de ma\u00f1ana contra el Olympique de Lyon en el cierre de la jornada 20 de la Ligue1.<\/p>\n\n\n\n<ul class=\"wp-block-list\"><li>enero 8, 2022<\/li><li>CST08:02 (GMT) -0500<\/li><\/ul>\n\n\n\n<p>Leo dio positivo a la Covid-19 durante la tregua por el fin de a\u00f1o mientras se encontraba en su pa\u00eds, pero despu\u00e9s super\u00f3 la enfermedad y retorn\u00f3 a Francia, lo cual gener\u00f3 expectativas sobre su posible convocatoria para el viaje a Lyon de los c\u00f3modos l\u00edderes de la campa\u00f1a.<\/p>\n\n\n\n<p>Seg\u00fan un comunicado del club rojiazul, Messi continuar\u00e1 en los pr\u00f3ximos d\u00edas el protocolo de recuperaci\u00f3n individual post-Covid-19.<\/p>\n\n\n\n<p>El argentino se perdi\u00f3 el juego del lunes en los dieciseisavos de final de la Copa de Francia ante el Vannes de la cuarta divisi\u00f3n, en el que sac\u00f3 la cara por los capitalinos otra de sus estrellas, Kylian Mbapp\u00e9 con un hat-trick en la goleada 4-0.<\/p>\n\n\n\n<p>Mbapp\u00e9 volver\u00e1 a tener ma\u00f1ana en sus botines el peso de un PSG plagado de ausencias, por la pandemia y los futbolistas que participan con sus selecciones en la Copa Africana de las Naciones, sin olvidar que el astro brasile\u00f1o Neymar est\u00e1 a\u00fan a d\u00edas de su regreso de la lesi\u00f3n que lo alej\u00f3 de las canchas en noviembre por al menos seis semanas.<\/p>\n\n\n\n<p>La Covid-19 afecta a \u00c1ngel Di Mar\u00eda, Julian Draxler, Danilo Pereira, Layvin Kurzawa y Gianluigi Donnarumma, mientras Idrissa Gueye, Achraf Hakimi y Abdou Diallo compiten en el torneo africano.<\/p>\n\n\n\n<p>rgh\/wmr<\/p>\n","protected":false},"excerpt":{"rendered":"<p>Par\u00eds, 8 ene (Prensa Latina) El Paris Saint-Germain (PSG) confirm\u00f3 hoy la ausencia del estelar futbolista argentino Lionel Messi en el partido de ma\u00f1ana contra el Olympique de Lyon en el cierre de la jornada 20 de la Ligue1. enero 8, 2022 CST08:02 (GMT) -0500 Leo dio positivo a la Covid-19 durante la tregua por [&hellip;]<\/p>\n","protected":false},"author":28,"featured_media":322659,"comment_status":"closed","ping_status":"","sticky":true,"template":"","format":"standard","meta":{"footnotes":""},"categories":[17,27],"tags":[],"class_list":["post-322658","post","type-post","status-publish","format-standard","has-post-thumbnail","hentry","category-deportes","category-portada"],"_links":{"self":[{"href":"https:\/\/diariodominicano.com\/index.php?rest_route=\/wp\/v2\/posts\/322658","targetHints":{"allow":["GET"]}}],"collection":[{"href":"https:\/\/diariodominicano.com\/index.php?rest_route=\/wp\/v2\/posts"}],"about":[{"href":"https:\/\/diariodominicano.com\/index.php?rest_route=\/wp\/v2\/types\/post"}],"author":[{"embeddable":true,"href":"https:\/\/diariodominicano.com\/index.php?rest_route=\/wp\/v2\/users\/28"}],"replies":[{"embeddable":true,"href":"https:\/\/diariodominicano.com\/index.php?rest_route=%2Fwp%2Fv2%2Fcomments&post=322658"}],"version-history":[{"count":1,"href":"https:\/\/diariodominicano.com\/index.php?rest_route=\/wp\/v2\/posts\/322658\/revisions"}],"predecessor-version":[{"id":322660,"href":"https:\/\/diariodominicano.com\/index.php?rest_route=\/wp\/v2\/posts\/322658\/revisions\/322660"}],"wp:featuredmedia":[{"embeddable":true,"href":"https:\/\/diariodominicano.com\/index.php?rest_route=\/wp\/v2\/media\/322659"}],"wp:attachment":[{"href":"https:\/\/diariodominicano.com\/index.php?rest_route=%2Fwp%2Fv2%2Fmedia&parent=322658"}],"wp:term":[{"taxonomy":"category","embeddable":true,"href":"https:\/\/diariodominicano.com\/index.php?rest_route=%2Fwp%2Fv2%2Fcategories&post=322658"},{"taxonomy":"post_tag","embeddable":true,"href":"https:\/\/diariodominicano.com\/index.php?rest_route=%2Fwp%2Fv2%2Ftags&post=322658"}],"curies":[{"name":"wp","href":"https:\/\/api.w.org\/{rel}","templated":true}]}}