{"id":32264,"date":"2019-10-19T08:50:58","date_gmt":"2019-10-19T08:50:58","guid":{"rendered":"http:\/\/diariodominicano.ddns.net\/?p=32264"},"modified":"2019-10-19T08:50:58","modified_gmt":"2019-10-19T08:50:58","slug":"graves-impactos-de-los-desechos-plasticos-en-rd-y-el-mundo","status":"publish","type":"post","link":"https:\/\/diariodominicano.com\/?p=32264","title":{"rendered":"Graves impactos de los desechos pl\u00e1sticos  en RD y el mundo"},"content":{"rendered":"<p><body><\/p>\n<p><img decoding=\"async\" src=\"img3\/ramon urena torres.jpg\" \/>  <\/p>\n<p><strong>Ingeniero Ram\u00f3n Ure\u00f1a Torres, <\/strong><\/p>\n<p><strong>Director Cibao Central del Consejo Regional de Desarrollo, Inc. (CRD). <\/strong><\/p>\n<\/p>\n<p><strong>Introducci\u00f3n<\/strong><\/p>\n<\/p>\n<p>La reciente cumbre de la tierra y sobre todo las \u00faltimas conferencia de las Naciones Unidas sobre el Medio Ambiente celebradas en Naibori Capital de Keniaen \u00c1frica, en marzo del 2019 y la efectuada en el mes de septiembre en New York, han llamado la atenci\u00f3n del mundo sobre los efectos del Cambio Clim\u00e1tico y el Calentamiento Global, lo cual constituye una de las principales preocupaciones del Consejo Regional de Desarrollo, Inc. (CRD), a fin de asegurar al pa\u00eds y al mundo un mejor futuro.<\/p>\n<\/p>\n<p>Al efecto, en la direcci\u00f3n t\u00e9cnica del CRD hemos seguido de cerca esta problem\u00e1tica y queremos compartir  observaciones y algunas conclusiones sobre estos temas tan puntuales y que nos tocan de manera directa a todos los dominicanos y los habitantes que conforman la poblaci\u00f3n mundial.<\/p>\n<p><strong>La Producci\u00f3n de Pl\u00e1sticos en el Mundo:<\/strong><\/p>\n<\/p>\n<p>Uno de los problemas que nos afecta significativamente es el uso generalizado y cada vez m\u00e1s creciente de pl\u00e1sticos en sus diferentes formas. En las \u00faltimas 7 d\u00e9cadas esto se han convertido en uno de los grandes problemas ambientales de la humanidad.<\/p>\n<\/p>\n<p>Su relativamente bajo costo y su versatilidad y diversidad de uso, hace que est\u00e9 presente en todas las actividades humanas.<\/p>\n<\/p>\n<p>Para tener una idea de la cantidad de pl\u00e1sticos que consumimos en el mundo me referir\u00e9 a solo dos renglones de uso generalizado de materiales desechables de un solo uso:<\/p>\n<\/p>\n<p>        <strong>Cada minuto se produce<\/strong> m\u00e1s de un (1) mill\u00f3n de botellas pl\u00e1sticas, unos 500 millones de unidades por a\u00f1o.<\/p>\n<\/p>\n<p>        <strong>De igual forma se producen 5 Billones<\/strong> de Bolsas Pl\u00e1sticas de un solo uso equivalente a 10 millones de bolsas cada minuto.<\/p>\n<\/p>\n<p>Si a esto se suman las distintas modalidades de pl\u00e1sticos, nos indica que estamos frente a una verdadera monta\u00f1a de materiales no degradable.<\/p>\n<\/p>\n<p>La totalidad de pl\u00e1stico que genera la industria cada a\u00f1o se acerca a las 500 mil toneladas; de estos el 40% se utiliza en envases en la industria alimentaria en sentido general y el resto tiene un uso tan amplio como la variedad de los mismos.<\/p>\n<\/p>\n<p>Las cifras anteriores provienen de estudios recientes de la ONU que han sido presentados en las recientes conferencias sobre el Cambio Clim\u00e1tico, se\u00f1alando que de este cumulo de pl\u00e1sticos,una \u00ednfima parte que no rebasa el 9%, es reciclada y el 12 % es incinerada, el 79% de los mismos terminan en los vertederos la m\u00e1s de las veces improvisados y sin manejo alguno y en los r\u00edos y ca\u00f1adas que los vierten a los oc\u00e9anos.<\/p>\n<\/p>\n<p>La incineraci\u00f3n en s\u00ed misma es una soluci\u00f3n muy poco efectiva pues si bien elimina los pl\u00e1sticos es generadora de una serie de gases t\u00f3xicos de efecto invernadero, que son catalizadores del calentamiento global y el cambio clim\u00e1tico.<\/p>\n<p><strong>La Tendencia del Consumo de Pl\u00e1stico:<\/strong><\/p>\n<\/p>\n<p>El ritmo del crecimiento Industrial y Comercial del mundo tiende a crear la base para un crecimiento desbordado del consumo de pl\u00e1stico a nivel global.<\/p>\n<\/p>\n<p>Seg\u00fan los estudios de la ONU, de seguir la tendencia actual, para el 2050, es decir, en apenas 30 a\u00f1os, la producci\u00f3n s\u00f3lo de los dos renglones citados aumentar\u00e1 a 12 mil millones de toneladas m\u00e9tricas, es decir 12 billones de toneladas, algo que al tratarse de productos de un solo uso se tornar\u00eda insostenible, si se mantiene el mismo esquema de no reciclar los mismos.<\/p>\n<p><strong>Los Oc\u00e9anos<\/strong><\/p>\n<\/p>\n<p>El Gran Vertedero del Mundo:<\/p>\n<\/p>\n<p>Durante m\u00e1s de 7 d\u00e9cadas los oc\u00e9anos han sido el gran recept\u00e1culo de los desperdicios s\u00f3lidos biodegradables y no degradables como son los pl\u00e1sticos; adicionalmente, los mares y oc\u00e9anos reciben miles de toneladas de residuos petroqu\u00edmicos que tampoco son degradables ni a corto ni mediano plazo.<\/p>\n<\/p>\n<p>Es conocido que los pl\u00e1sticos no degradables tardan entre 100 y hasta 600 a\u00f1os para su descomposici\u00f3n, lo que produce una sobre acumulaci\u00f3n que cada d\u00eda pone m\u00e1s en peligro la vida marina y su biodiversidad.<\/p>\n<\/p>\n<p>Esta problem\u00e1tica es mayor pues el pl\u00e1stico, en su proceso lento de descomposici\u00f3n genera lo que se conoce como el Micro Pl\u00e1stico o part\u00edculas que no son captadas a simple vista y que son absorbidas por la Fauna Marina, que las consumen como si se tratase del Zooplancton que es el alimento por excelencia de las diferentes Especies que habitan en los mares y oc\u00e9anos.<\/p>\n<\/p>\n<p>La Sopa de Pl\u00e1stico como popularmente se le llama se incorpora a trav\u00e9s del consumo de las Especies Marinas a la Cadena Alimentaria, con la consecuencia fatal que esto genera en hombres y animales. <\/p>\n<p><strong>Las Islas de Pl\u00e1sticos:<\/strong><\/p>\n<\/p>\n<p>Al ser los Mares y Oc\u00e9anos el destino final de esos pl\u00e1sticos no degradables, han surgido verdaderas islas de pl\u00e1sticos en los oc\u00e9anos aunque el t\u00e9rmino parezca exagerado. Estas islas cubren un territorio en el mar igual o m\u00e1s grande que el Continente Europeo.<\/p>\n<\/p>\n<p>Estudios revelan que debido al giro de las Corrientes Marinas, solo en el Pacifico Norte se acumula basura en un \u00e1rea que puede alcanzar la Extensi\u00f3n de Rusia.Esta Basura no es solo F\u00edsica (vasos, botellas, bolsas pl\u00e1sticas, envases, etc.) sino tambi\u00e9n \u00e1reas inmensas de micro pl\u00e1sticos, tal como hemos se\u00f1alado, que no se ve a simple vista, pero que est\u00e1 ah\u00ed da\u00f1ando la fauna marina.<\/p>\n<\/p>\n<p><strong>La Poblaci\u00f3n Mundial<\/strong><\/p>\n<\/p>\n<p>Versus Recursos Naturales:<\/p>\n<\/p>\n<p>La Poblaci\u00f3n Global al 2019 supera los 7500 millones de habitantes; de 1990 del 2019 creci\u00f3 en 2200 millones es decir casi un 42%; para el 2050 se proyecta una poblaci\u00f3n de 9700 millones, 1700 millones m\u00e1s que la poblaci\u00f3n actual lo que indica que en los 60 a\u00f1os comprendidos desde 1990 al 2050 la poblaci\u00f3n del mundo se habr\u00e1 duplicado y con ello habr\u00e1 m\u00e1s demanda de pl\u00e1sticos, de combustibles f\u00f3siles, de madera para vivienda y de mayor producci\u00f3n de alimentos diversos.<\/p>\n<\/p>\n<p>Pero \u00bfQu\u00e9 ha pasado o est\u00e1 pasando en ese mismo periodo con los recursos naturales que garantizan la vida en el planeta?<\/p>\n<\/p>\n<p>Estudios recientes de la FAO indican que de 1990 al 2005 se deforest\u00f3 en el mundo a un ritmo de 10 hect\u00e1reas por minutos; de esa fecha al 2019, este ritmo lejos de disminuir se ha incrementado, sobre todo en los grandes pulmones del mundo, aumentando la desertificaci\u00f3n del planeta.<\/p>\n<\/p>\n<p>Este es el camino por el cual transitan las generaciones presentes mientras que los gobiernos y sectores empresariales dominantes pretenden vivir de espaldas a esta aplastante realidad pues entienden que cambiar de pol\u00edtica es reducir sus ganancias: Estamos acumulando d\u00f3lares a cambio de la vida del planeta.<\/p>\n<\/p>\n<p>La Direcci\u00f3n T\u00e9cnica del Consejo Regional de Desarrollo, Inc., (CRD)  mediante este trabajo sobre la problem\u00e1tica de los pl\u00e1sticos en el mundo y el pa\u00eds,  pretende aportar datos e ideas tendentes a la creaci\u00f3n de una conciencia responsable sobre algo que afecta al mundo y a nuestro naci\u00f3n de una forma tan directa. <\/p>\n<\/p>\n<p><strong>El autor es:<\/strong><\/p>\n<\/p>\n<p>Por: Ing. Ram\u00f3n Ure\u00f1a Torres, Director Cibao Central del Consejo Regional de Desarrollo, Inc. (CRD), Ingeniero y Empresario, Experto en asuntos medio ambientales y municipales.<\/p>\n<\/p>\n<h6> 2019-10-19 08:50:58 <\/h6>\n<p><!--\n<link rel=\"stylesheet\" href=\"css\/bootstrap.min.css\">\n\n\n<ul class=\"pagination\">\n\t    \n\t\n\n<li >\n\t<a href='?page_no=1159'>Previous<\/a>\n\t<\/li>\n\n\n       \n    \n\n<li><a href='?page_no=1'>1<\/a><\/li>\n\n\n\n<li><a href='?page_no=2'>2<\/a><\/li>\n\n\n\n<li><a>...<\/a><\/li>\n\n\n\n<li><a href='?page_no=1158'>1158<\/a><\/li>\n\n\n\n<li><a href='?page_no=1159'>1159<\/a><\/li>\n\n\n\n<li class='active'><a>1160<\/a><\/li>\n\n\n\n<li><a href='?page_no=1161'>1161<\/a><\/li>\n\n\n\n<li><a href='?page_no=1162'>1162<\/a><\/li>\n\n\n\n<li><a>...<\/a><\/li>\n\n\n\n<li><a href='?page_no=1549'>1549<\/a><\/li>\n\n\n\n<li><a href='?page_no=1550'>1550<\/a><\/li>\n\n    \n\t\n\n<li >\n\t<a href='?page_no=1161'>Next<\/a>\n\t<\/li>\n\n\n    \n\n<li><a href='?page_no=1550'>Last &rsaquo;&rsaquo;<\/a><\/li>\n\n<\/ul>\n\n\n--><br \/>\n<\/body><\/p>\n","protected":false},"excerpt":{"rendered":"<p>Ingeniero Ram\u00f3n Ure\u00f1a Torres, Director Cibao Central del Consejo Regional de Desarrollo, Inc. (CRD). Introducci\u00f3n La reciente cumbre de la tierra y sobre todo las \u00faltimas conferencia de las Naciones Unidas sobre el Medio Ambiente celebradas en Naibori Capital de Keniaen \u00c1frica, en marzo del 2019 y la efectuada en el mes de septiembre en [&hellip;]<\/p>\n","protected":false},"author":3,"featured_media":0,"comment_status":"open","ping_status":"open","sticky":false,"template":"","format":"standard","meta":{"footnotes":""},"categories":[19],"tags":[],"class_list":["post-32264","post","type-post","status-publish","format-standard","hentry","category-mi-voz"],"_links":{"self":[{"href":"https:\/\/diariodominicano.com\/index.php?rest_route=\/wp\/v2\/posts\/32264","targetHints":{"allow":["GET"]}}],"collection":[{"href":"https:\/\/diariodominicano.com\/index.php?rest_route=\/wp\/v2\/posts"}],"about":[{"href":"https:\/\/diariodominicano.com\/index.php?rest_route=\/wp\/v2\/types\/post"}],"author":[{"embeddable":true,"href":"https:\/\/diariodominicano.com\/index.php?rest_route=\/wp\/v2\/users\/3"}],"replies":[{"embeddable":true,"href":"https:\/\/diariodominicano.com\/index.php?rest_route=%2Fwp%2Fv2%2Fcomments&post=32264"}],"version-history":[{"count":0,"href":"https:\/\/diariodominicano.com\/index.php?rest_route=\/wp\/v2\/posts\/32264\/revisions"}],"wp:attachment":[{"href":"https:\/\/diariodominicano.com\/index.php?rest_route=%2Fwp%2Fv2%2Fmedia&parent=32264"}],"wp:term":[{"taxonomy":"category","embeddable":true,"href":"https:\/\/diariodominicano.com\/index.php?rest_route=%2Fwp%2Fv2%2Fcategories&post=32264"},{"taxonomy":"post_tag","embeddable":true,"href":"https:\/\/diariodominicano.com\/index.php?rest_route=%2Fwp%2Fv2%2Ftags&post=32264"}],"curies":[{"name":"wp","href":"https:\/\/api.w.org\/{rel}","templated":true}]}}