{"id":32260,"date":"2019-10-23T11:32:56","date_gmt":"2019-10-23T11:32:56","guid":{"rendered":"http:\/\/diariodominicano.ddns.net\/?p=32260"},"modified":"2019-10-23T11:32:56","modified_gmt":"2019-10-23T11:32:56","slug":"despues-del-voto-los-desafios-futuros-de-los-movimientos-sociales","status":"publish","type":"post","link":"https:\/\/diariodominicano.com\/?p=32260","title":{"rendered":"Despu\u00e9s del voto, los desaf\u00edos futuros de los movimientos sociales"},"content":{"rendered":"<p><body><\/p>\n<p><img decoding=\"async\" src=\"img3\/arg12.jpg\" \/><br \/><img decoding=\"async\" src=\"img3\/arg13.jpg\" \/>  <\/p>\n<p><strong>Sergio Ferrari<\/strong>, desde Santa Fe, Argentina<\/p>\n<\/p>\n<p>Las elecciones del domingo 27 tendr\u00e1n un impacto significativo en la vida nacional. Se dirimir\u00e1 en las urnas la profundizaci\u00f3n de un modelo neoliberal cl\u00e1sico, instaurado desde fines del 2015 por Mauricio Macri, o un cambio de orientaci\u00f3n pol\u00edtica con marcado acento social, seg\u00fan lo anuncia el programa del candidato opositor Alberto Fern\u00e1ndez. En este contexto, los diferentes actores sociales se posicionan con respecto a los pr\u00f3ximos cuatro a\u00f1os. Y anticipan sus l\u00edneas de acci\u00f3n a partir del 10 de diciembre, cuando arranque el nuevo periodo presidencial.<\/p>\n<\/p>\n<p>El movimiento sindical tendr\u00e1 en la nueva etapa desaf\u00edos muy concretos. En caso de ganar la f\u00f3rmula Alberto Fern\u00e1ndez-Cristina Fern\u00e1ndez de Kirchner del peronista Frente de todos, de centroizquierda, se anticipa una \u00abmesa de di\u00e1logo nacional\u00bb. En la que participar\u00e1n dos actores muy golpeados: los trabajadores, que perdieron en los \u00faltimos a\u00f1os m\u00e1s de 250 mil puestos de trabajo, y un sector del empresariado, asfixiado por el alto costo del cr\u00e9dito y el deterioro del mercado interno a ra\u00edz de la baja de los niveles masivos de consumo de la poblaci\u00f3n, explica Victorio Paul\u00f3n.<\/p>\n<\/p>\n<p>Movimiento sindical y di\u00e1logo nacional<\/p>\n<\/p>\n<p>\u00abUn di\u00e1logo entre dos necesitados, al que ser\u00e1 importante concurrir dada la dimensi\u00f3n de la crisis que deja el Gobierno de Macri\u00bb, se\u00f1ala Paul\u00f3n, sindicalista de larga trayectoria, expreso pol\u00edtico durante la \u00faltima dictadura y responsable del sector de Derechos Humanos de la Central de Trabajadores de Argentina (CTA).<\/p>\n<\/p>\n<p>Los sindicatos combativos y los movimientos sociales ser\u00e1n \u00abinterlocutores imprescindibles\u00bb, no solo por haber sido actores esenciales del combate contra el ajuste neoliberal de estos \u00faltimos a\u00f1os, sino tambi\u00e9n porque va ser necesario definir una f\u00f3rmula para relanzar la econom\u00eda, explica el dirigente gremial. Su central sindical acaba de anunciar el pasado 3 de octubre la reintegraci\u00f3n en la Central General del Trabajo (CGT), la m\u00e1s grande de Argentina, de la cual se alej\u00f3 en 1992 por diferencias con la dirigencia m\u00e1s tradicional y burocr\u00e1tica sobre el modelo de pa\u00eds y el tipo de democracia sindical.<\/p>\n<\/p>\n<p>\u00abEsa unidad es una necesidad de cara al futuro\u00bb, subraya. Exige, al mismo tiempo, replantear la necesidad de una renovaci\u00f3n generacional de su direcci\u00f3n. Y resolver diferencias dado que hubo, en los \u00faltimos a\u00f1os, un sector del sindicalismo muy condescendiente con las pol\u00edticas de ajuste promovidas por Macri.<\/p>\n<\/p>\n<p>En el futuro cercano, en caso de vencer el 27 de octubre el candidato peronista Alberto Fern\u00e1ndez, se deber\u00e1 reflexionar as\u00ed mismo sobre \u00abc\u00f3mo garantizar la autonom\u00eda del movimiento sindical que en su mayor\u00eda se define, tambi\u00e9n, como peronista\u00bb, se interroga Paul\u00f3n quien reside en la ciudad de Rosario. \u00abNo creo que haya problemas en asegurar esa imprescindible autonom\u00eda\u00bb, precisa. En particular, porque despu\u00e9s de esta extraordinaria resistencia de cuatro a\u00f1os, existe en el movimiento sindical una nueva generaci\u00f3n de j\u00f3venes dirigentes kirchneristas. La que no va a resignar la lucha por la recuperaci\u00f3n del salario y todos los derechos esenciales que le arrebat\u00f3 el macrismo.<\/p>\n<\/p>\n<p>\u00bfCu\u00e1l ser\u00eda la actitud de ese movimiento sindical hoy reunificado en caso que, contra todas las \u00faltimas encuestas, el actual presidente gane en las urnas? \u00abAunque veo muy dif\u00edcil esa hip\u00f3tesis, se dar\u00eda una profundizaci\u00f3n de la resistencia y el Gobierno Macri tendr\u00eda un problema a\u00fan m\u00e1s grave de gobernabilidad ya que el cr\u00e9dito que recibi\u00f3 en los \u00faltimos a\u00f1os de 57 mil millones de d\u00f3lares del Fondo Monetario Internacional (FMI) est\u00e1 agotado. Deber\u00eda imponer nuevas pol\u00edticas de ajuste que provocar\u00edan mayor resistencia ? e incluso violencia- dado el enorme deterioro del clima social. \u00abSe transitar\u00eda un callej\u00f3n sin salida para el sistema\u00bb, enfatiza, haciendo un paralelismo con las protestas sociales antigubernamentales que se vivieron d\u00edas pasados en Ecuador y en las \u00faltimas horas en Chile.<\/p>\n<\/p>\n<p>Feminismo y autonom\u00eda<\/p>\n<\/p>\n<p>\u00abEl amplio movimiento de mujeres, lesbianas, travestis, trans y no binaries tiene una clara posici\u00f3n antiliberal; a poco de asumir Mauricio Macri, en marzo del 2016, lanz\u00f3 la primera huelga antigubernamental\u00bb. Mucho antes, incluso, del primer paro de la CGT, recuerda la abogada Luc\u00eda Puyol, militante de HIJOS (organizaci\u00f3n de los hijos e hijas de los detenido-as -desaparecido\/as, asesinado-as, expreso-as pol\u00edtico-as durante la \u00faltima dictadura) y dirigente feminista de Santa Fe.<\/p>\n<\/p>\n<p>\u00abEn los Encuentros Nacionales se ven dos tipos de militancias de g\u00e9nero\u00bb, explica Puyol. Una, al interior de los partidos pol\u00edticos, y otro en las asociaciones y organizaciones del propio movimiento de mujeres. Es importante llegar a acuerdos y lograr alianzas y unidad a pesar de las diferencias, precisa.<\/p>\n<\/p>\n<p>En el 34 Encuentro Nacional de Mujeres que acaba de realizar en la ciudad de La Plata el 12,13 y 14 de octubre &#8211; y en el cual participaron m\u00e1s de 200 mil activistas llegadas de todo el pa\u00eds- se debatieron en m\u00e1s de 114 talleres tem\u00e1ticas de gran importancia: trabajo, salud, educaci\u00f3n, no violencia, derechos sexuales, estrategias para el acceso al aborto, eco feminismo, placer, soberan\u00eda sobre el propio cuerpo etc. Pero se debatieron, tambi\u00e9n, los escenarios pol\u00edticos posteriores a las pr\u00f3ximas elecciones.<\/p>\n<\/p>\n<p>La amplia diversidad de los feminismos que existen en el interior de dicho movimiento \u00abnos exige no asumir planteos partidarios. Sin embargo, nos definimos mayoritariamente como antiliberales, anticapitalistas, anti patriarcales y anti-macristas\u00bb, subraya.<\/p>\n<\/p>\n<p>En el reciente c\u00f3nclave de La Plata, se ratificaron los principales ejes de acci\u00f3n de cara al futuro, independientemente de quien gane las elecciones presidenciales. \u00abPriorizamos trabajar por los sectores m\u00e1s populares y postergados; levantamos la voz y nuestra denuncia firme de la feminizaci\u00f3n de la pobreza &#8211; ya que las mujeres son las principales v\u00edctimas de dicho flagelo-, y reivindicamos la gran riqueza y variedad generacional que experimentamos al interior del movimiento, en el que participan mujeres de diferentes edades, desde las m\u00e1s ancianas, hasta adolescentes\u00bb.<\/p>\n<\/p>\n<p>Como eje esencial en la pr\u00f3xima etapa, puntualiza, \u00abprevemos continuar con la lucha por el aborto legal, seguro y gratuito, es decir a favor de su despenalizaci\u00f3n y por su legalizaci\u00f3n, dando continuidad a lucha que protagonizamos en el parlamento y en las calles el \u00faltimo a\u00f1o\u00bb, explica Puyol.<\/p>\n<\/p>\n<p>Sin perder de vista, adicionalmente, los mecanismos concretos para asegurar su correcta aplicaci\u00f3n una vez lograda la legalizaci\u00f3n. \u00abExigimos que existan pol\u00edticas p\u00fablicas para que en los hospitales haya profesionales competentes y los insumos necesarios. Estamos convencidas que al liberalismo no le interesan nuestras reivindicaciones\u00bb, sostiene.<\/p>\n<\/p>\n<p>En cuanto al futuro de los derechos humanos, Puyol recuerda que, si bien sufrieron mucho durante el Gobierno de Macri, existe en Argentina un movimiento de una gran fortaleza, que aprendi\u00f3 de las Madres y las Abuelas de Plaza de Mayo. \u00abHemos podido resistir. Macri trat\u00f3 de frenar los juicios contra los responsables de cr\u00edmenes de lesa humanidad, hubiera querido liberar a los genocidas, trat\u00f3 de ridiculizar la lucha hablando del *negocio de los derechos humanos* &#8230;sin embargo no lo logr\u00f3 y seguiremos avanzando, porque desde a\u00f1os, en Argentina, hemos dicho NUNCA M\u00c1S\u00bb.<\/p>\n<\/p>\n<p>&#8212;&#8212;&#8212;&#8212;&#8212;&#8212;&#8212;&#8212;&#8212;&#8212;&#8212;&#8212;&#8212;&#8212;&#8212;&#8212;&#8212;&#8212;&#8212;&#8212;&#8212;&#8212;&#8212;&#8212;&#8212;&#8212;&#8212;&#8212;&#8212;&#8212;&#8212;&#8212;&#8211;<\/p>\n<\/p>\n<p>Encuestas y campa\u00f1a<\/p>\n<\/p>\n<p>El progubernamental diario Clar\u00edn public\u00f3 el 18 de octubre un resumen de siete encuestas electorales. Seg\u00fan las mismas, Alberto Fern\u00e1ndez sacar\u00eda entre 15 y 20 puntos de diferencia a su favor.<\/p>\n<\/p>\n<p>En las elecciones preliminares del 11 de agosto pasado, el 49,49 % de los votos v\u00e1lidos totales fueron para Fern\u00e1ndez en tanto Mauricio Macri obtuvo 32,9% de los sufragios. Este resultado conmocion\u00f3 a la opini\u00f3n p\u00fablica dado que la mayor\u00eda de las empresas encuestadoras calculaban una ventaja mucho menos significativa para la oposici\u00f3n.<\/p>\n<\/p>\n<p>El pr\u00f3ximo domingo, competir\u00e1n 6 candidatos presidenciales. Ganar\u00e1 aquel que obtenga el 45 % de votos afirmativos o bien el 40% de los votos y una diferencia de al menos 10% de la fuerza que ocupe el segundo lugar. En caso que nadie logre esos porcentajes, se deber\u00e1 realizar un ballotage el 24 de noviembre pr\u00f3ximo.<\/p>\n<\/p>\n<p>La campa\u00f1a electoral, en la actual fase, implic\u00f3 dos modalidades esenciales. Macri, tratando de recuperar la iniciativa luego del 11 de agosto, encabez\u00f3 30 concentraciones locales en diferentes ciudades del pa\u00eds y con regular o baja participaci\u00f3n. La m\u00e1s significativa, que sobresali\u00f3 del resto, fue el s\u00e1bado 19 de octubre en la Capital Federal y congreg\u00f3 unas 400 mil personas. Alberto Fern\u00e1ndez, en igual periodo, particip\u00f3 en numerosas actividades descentralizadas, en tanto su candidata a vicepresidenta, Cristina Fern\u00e1ndez de Kirchner, present\u00f3 su libro Sinceramente en eventos que convocaron a miles de asistentes.<\/p>\n<\/p>\n<p>Por ley electoral se realizaron dos debates p\u00fablicos, el 13 y el 20 de octubre. Participaron los 6 candidatos presidenciales. Adem\u00e1s de Macri y Fern\u00e1ndez se presentan Ricardo Lavagna en representaci\u00f3n de un sector del peronismo de centro (obtuvo en las preliminares un 8,4 %); Nicol\u00e1s del Ca\u00f1o , por el Frente de Izquierda Unidad (2,9%); y los derechistas Jos\u00e9 Luis Espert y Juan Jos\u00e9 G\u00f3mez Centuri\u00f3n que apenas superaron el 2%. (Sergio Ferrari)<\/p>\n<\/p>\n<p>(Fotos , Sergio Ferrari: afiche electoral del Frente de todos;. Pintura mural en Rosario, Santa Fe. Y panor\u00e1mica del cierre de campa\u00f1a en Rosario, el 22 de octubre, de Juntos por el cambio, con la presencia del presidente Mauricio Macri)<\/p>\n<h6> 2019-10-23 11:32:56 <\/h6>\n<p><!--\n<link rel=\"stylesheet\" href=\"css\/bootstrap.min.css\">\n\n\n<ul class=\"pagination\">\n\t    \n\t\n\n<li >\n\t<a href='?page_no=1156'>Previous<\/a>\n\t<\/li>\n\n\n       \n    \n\n<li><a href='?page_no=1'>1<\/a><\/li>\n\n\n\n<li><a href='?page_no=2'>2<\/a><\/li>\n\n\n\n<li><a>...<\/a><\/li>\n\n\n\n<li><a href='?page_no=1155'>1155<\/a><\/li>\n\n\n\n<li><a href='?page_no=1156'>1156<\/a><\/li>\n\n\n\n<li class='active'><a>1157<\/a><\/li>\n\n\n\n<li><a href='?page_no=1158'>1158<\/a><\/li>\n\n\n\n<li><a href='?page_no=1159'>1159<\/a><\/li>\n\n\n\n<li><a>...<\/a><\/li>\n\n\n\n<li><a href='?page_no=1549'>1549<\/a><\/li>\n\n\n\n<li><a href='?page_no=1550'>1550<\/a><\/li>\n\n    \n\t\n\n<li >\n\t<a href='?page_no=1158'>Next<\/a>\n\t<\/li>\n\n\n    \n\n<li><a href='?page_no=1550'>Last &rsaquo;&rsaquo;<\/a><\/li>\n\n<\/ul>\n\n\n--><br \/>\n<\/body><\/p>\n","protected":false},"excerpt":{"rendered":"<p>Sergio Ferrari, desde Santa Fe, Argentina Las elecciones del domingo 27 tendr\u00e1n un impacto significativo en la vida nacional. Se dirimir\u00e1 en las urnas la profundizaci\u00f3n de un modelo neoliberal cl\u00e1sico, instaurado desde fines del 2015 por Mauricio Macri, o un cambio de orientaci\u00f3n pol\u00edtica con marcado acento social, seg\u00fan lo anuncia el programa del [&hellip;]<\/p>\n","protected":false},"author":3,"featured_media":0,"comment_status":"open","ping_status":"open","sticky":false,"template":"","format":"standard","meta":{"footnotes":""},"categories":[19],"tags":[],"class_list":["post-32260","post","type-post","status-publish","format-standard","hentry","category-mi-voz"],"_links":{"self":[{"href":"https:\/\/diariodominicano.com\/index.php?rest_route=\/wp\/v2\/posts\/32260","targetHints":{"allow":["GET"]}}],"collection":[{"href":"https:\/\/diariodominicano.com\/index.php?rest_route=\/wp\/v2\/posts"}],"about":[{"href":"https:\/\/diariodominicano.com\/index.php?rest_route=\/wp\/v2\/types\/post"}],"author":[{"embeddable":true,"href":"https:\/\/diariodominicano.com\/index.php?rest_route=\/wp\/v2\/users\/3"}],"replies":[{"embeddable":true,"href":"https:\/\/diariodominicano.com\/index.php?rest_route=%2Fwp%2Fv2%2Fcomments&post=32260"}],"version-history":[{"count":0,"href":"https:\/\/diariodominicano.com\/index.php?rest_route=\/wp\/v2\/posts\/32260\/revisions"}],"wp:attachment":[{"href":"https:\/\/diariodominicano.com\/index.php?rest_route=%2Fwp%2Fv2%2Fmedia&parent=32260"}],"wp:term":[{"taxonomy":"category","embeddable":true,"href":"https:\/\/diariodominicano.com\/index.php?rest_route=%2Fwp%2Fv2%2Fcategories&post=32260"},{"taxonomy":"post_tag","embeddable":true,"href":"https:\/\/diariodominicano.com\/index.php?rest_route=%2Fwp%2Fv2%2Ftags&post=32260"}],"curies":[{"name":"wp","href":"https:\/\/api.w.org\/{rel}","templated":true}]}}