{"id":32258,"date":"2019-10-28T08:40:12","date_gmt":"2019-10-28T08:40:12","guid":{"rendered":"http:\/\/diariodominicano.ddns.net\/?p=32258"},"modified":"2019-10-28T08:40:12","modified_gmt":"2019-10-28T08:40:12","slug":"forum-iberoamericano-de-periodistas-de-turismo-invita-chilenos-a-convertir-escenario-de-protesta-en-espacio-de-concertacion","status":"publish","type":"post","link":"https:\/\/diariodominicano.com\/?p=32258","title":{"rendered":"F\u00f3rum Iberoamericano de Periodistas de Turismo  invita chilenos a convertir escenario de protesta en espacio de concertaci\u00f3n&#13;"},"content":{"rendered":"<p><body><\/p>\n<p><img decoding=\"async\" src=\"img3\/Turismo en Santiago de Chile.jpg\" \/><br \/><img decoding=\"async\" src=\"img3\/chile000.jpg\" \/><br \/><img decoding=\"async\" src=\"img3\/Logo FIPETUR.png\" \/>  <\/p>\n<p><strong>Diariodominicano.com<\/strong><\/p>\n<p><strong> <\/strong><\/p>\n<p><strong>SANTO DOMINGO, Rep\u00fablica Dominicana.-<\/strong> El F\u00f3rum Iberoamericano de Periodistas de Turismo (FIPETUR), invit\u00f3 al liderazgo fundamental de Chile  a convertir el escenario de protesta y confrontaci\u00f3n que ha tomado cuerpo en ese pa\u00eds en los \u00faltimos d\u00edas, en un espacio de acuerdo y concertaci\u00f3n para seguir creciendo y avanzar hacia una sociedad m\u00e1s pr\u00f3spera y equitativa.<\/p>\n<\/p>\n<p>La entidad que aglutina a las principales asociaciones de prensa tur\u00edstica de Am\u00e9rica Latina y la pen\u00ednsula ib\u00e9rica expresa que los acontecimientos que se han registrado en los \u00faltimos d\u00edas en Chile, constituyen un motivo de inter\u00e9s y preocupaci\u00f3n para toda la comunidad internacional, y de manera especial, para los pa\u00edses y pueblos latinoamericanos.<\/p>\n<\/p>\n<p>Resalta que desde el retorno de la institucionalidad democr\u00e1tica, a partir del refer\u00e9ndum de 1988, Chile ha representado un modelo de coexistencia pol\u00edtica y desarrollo econ\u00f3mico que ha concitado admiraci\u00f3n y respeto en todo el mundo. <\/p>\n<\/p>\n<p>De acuerdo a FIPETUR, en el \u00e1mbito del turismo, Chile ocupa la posici\u00f3n n\u00famero 4 entre los pa\u00edses de la regi\u00f3n con mayor cantidad de visitantes, despu\u00e9s de M\u00e9xico, Argentina y Brasil, y antes de la Rep\u00fablica Dominicana, siendo tambi\u00e9n uno de los principales mercados emisores de Am\u00e9rica Latina.<\/p>\n<\/p>\n<\/p>\n<p>\u00abPor lo tanto, los acontecimientos que se han venido produciendo en el hermano pa\u00eds, tambi\u00e9n repercuten en el resto de Am\u00e9rica Latina, donde Chile fue asumido durante d\u00e9cadas como un importante referente, sobre todo en materia de institucionalidad democr\u00e1tica y crecimiento econ\u00f3mico\u00bb, apunta FIPETUR.<\/p>\n<\/p>\n<p>Y agrega que en poco m\u00e1s de 30 a\u00f1os, Chile pas\u00f3 de ser un pa\u00eds pobre, con caracter\u00edsticas muy parecidas al promedio del continente, a encabezar la lista de los pa\u00edses con mayor \u00edndice de desarrollo humano en Am\u00e9rica Latina, seg\u00fan una evaluaci\u00f3n dada a conocer en el 2018 por el Programa de las Naciones Unidas para Desarrollo (PNUD).<\/p>\n<\/p>\n<p>\u00abAnte los lamentables eventos  que han sacudido al hermano pueblo sudamericano, el F\u00f3rum Iberoamericano de Periodistas de Turismo expresa su esperanza de que el liderazgo  institucional, pol\u00edtico, econ\u00f3mico y social de la naci\u00f3n chilena, asuma las iniciativas necesarias para convertir este escenario de protesta y confrontaci\u00f3n, en un espacio de acuerdo y concertaci\u00f3n para superar las r\u00e9moras del pasado y avanzar hacia una sociedad m\u00e1s pr\u00f3spera y equitativa\u00bb, subraya FIPETUR.  <\/p>\n<\/p>\n<\/p>\n<p>La declaraci\u00f3n emitida el 27 de octubre de 2019, est\u00e1 suscrita por el presidente de la instituci\u00f3n, Luis Jos\u00e9 Ch\u00e1vez; el primer vicepresidente, Oscar Guida; el vicepresidente de relaciones internacionales, Roque Baudean; y la secretaria general, Mar\u00eda Shaw. Tambi\u00e9n es avalada por sus organizaciones afiliadas: Asociaci\u00f3n Colombiana de Periodistas y Escritores de Turismo (ACOPET); Asociaci\u00f3n de Periodistas de Turismo de Chile (APTUR); Asociaci\u00f3n Dominicana de Prensa Tur\u00edstica, Inc. (ADOMPRETUR); Asociaci\u00f3n Paname\u00f1a de Prensa y Turismo (APPTUR): Associa\u00e7ao Brasileira de Jornalistas de Turismo (ABRAJET); C\u00edrculo de Periodistas de Turismo de Bolivia (CIPTURBOL); C\u00edrculo de Periodistas de Turismo del Uruguay (CIPETUR); Federaci\u00f3n Espa\u00f1ola de Periodistas y Escritores de Turismo (FEPET); Prensa de Turismo de Per\u00fa (PRENSATUR).<\/p>\n<\/p>\n<\/p>\n<p>FORUM  IBEROAMERICANO  DE  PERIODISTAS  DE  TURISMO (FIPETUR)<\/p>\n<h6> 2019-10-28 08:40:12 <\/h6>\n<p><!--\n<link rel=\"stylesheet\" href=\"css\/bootstrap.min.css\">\n\n\n<ul class=\"pagination\">\n\t    \n\t\n\n<li >\n\t<a href='?page_no=1154'>Previous<\/a>\n\t<\/li>\n\n\n       \n    \n\n<li><a href='?page_no=1'>1<\/a><\/li>\n\n\n\n<li><a href='?page_no=2'>2<\/a><\/li>\n\n\n\n<li><a>...<\/a><\/li>\n\n\n\n<li><a href='?page_no=1153'>1153<\/a><\/li>\n\n\n\n<li><a href='?page_no=1154'>1154<\/a><\/li>\n\n\n\n<li class='active'><a>1155<\/a><\/li>\n\n\n\n<li><a href='?page_no=1156'>1156<\/a><\/li>\n\n\n\n<li><a href='?page_no=1157'>1157<\/a><\/li>\n\n\n\n<li><a>...<\/a><\/li>\n\n\n\n<li><a href='?page_no=1549'>1549<\/a><\/li>\n\n\n\n<li><a href='?page_no=1550'>1550<\/a><\/li>\n\n    \n\t\n\n<li >\n\t<a href='?page_no=1156'>Next<\/a>\n\t<\/li>\n\n\n    \n\n<li><a href='?page_no=1550'>Last &rsaquo;&rsaquo;<\/a><\/li>\n\n<\/ul>\n\n\n--><br \/>\n<\/body><\/p>\n","protected":false},"excerpt":{"rendered":"<p>Diariodominicano.com SANTO DOMINGO, Rep\u00fablica Dominicana.- El F\u00f3rum Iberoamericano de Periodistas de Turismo (FIPETUR), invit\u00f3 al liderazgo fundamental de Chile a convertir el escenario de protesta y confrontaci\u00f3n que ha tomado cuerpo en ese pa\u00eds en los \u00faltimos d\u00edas, en un espacio de acuerdo y concertaci\u00f3n para seguir creciendo y avanzar hacia una sociedad m\u00e1s pr\u00f3spera [&hellip;]<\/p>\n","protected":false},"author":3,"featured_media":0,"comment_status":"open","ping_status":"open","sticky":false,"template":"","format":"standard","meta":{"footnotes":""},"categories":[19],"tags":[],"class_list":["post-32258","post","type-post","status-publish","format-standard","hentry","category-mi-voz"],"_links":{"self":[{"href":"https:\/\/diariodominicano.com\/index.php?rest_route=\/wp\/v2\/posts\/32258","targetHints":{"allow":["GET"]}}],"collection":[{"href":"https:\/\/diariodominicano.com\/index.php?rest_route=\/wp\/v2\/posts"}],"about":[{"href":"https:\/\/diariodominicano.com\/index.php?rest_route=\/wp\/v2\/types\/post"}],"author":[{"embeddable":true,"href":"https:\/\/diariodominicano.com\/index.php?rest_route=\/wp\/v2\/users\/3"}],"replies":[{"embeddable":true,"href":"https:\/\/diariodominicano.com\/index.php?rest_route=%2Fwp%2Fv2%2Fcomments&post=32258"}],"version-history":[{"count":0,"href":"https:\/\/diariodominicano.com\/index.php?rest_route=\/wp\/v2\/posts\/32258\/revisions"}],"wp:attachment":[{"href":"https:\/\/diariodominicano.com\/index.php?rest_route=%2Fwp%2Fv2%2Fmedia&parent=32258"}],"wp:term":[{"taxonomy":"category","embeddable":true,"href":"https:\/\/diariodominicano.com\/index.php?rest_route=%2Fwp%2Fv2%2Fcategories&post=32258"},{"taxonomy":"post_tag","embeddable":true,"href":"https:\/\/diariodominicano.com\/index.php?rest_route=%2Fwp%2Fv2%2Ftags&post=32258"}],"curies":[{"name":"wp","href":"https:\/\/api.w.org\/{rel}","templated":true}]}}