{"id":322571,"date":"2022-01-08T13:17:43","date_gmt":"2022-01-08T17:17:43","guid":{"rendered":"http:\/\/diariodominicano.com\/?p=322571"},"modified":"2022-01-08T13:21:14","modified_gmt":"2022-01-08T17:21:14","slug":"canada-elimino-a-rusia-y-accedio-a-final-de-copa-atp-de-tenis","status":"publish","type":"post","link":"https:\/\/diariodominicano.com\/?p=322571","title":{"rendered":"Canad\u00e1 elimin\u00f3 a Rusia y accedi\u00f3 a final de Copa ATP de tenis"},"content":{"rendered":"\n<p>(archivo)<\/p>\n\n\n\n<p><\/p>\n\n\n\n<p>S\u00eddney, Australia, 8 ene (Prensa Latina) Canad\u00e1 super\u00f3 hoy 2-1 a Rusia y accedi\u00f3 aqu\u00ed a la gran final de la tercera edici\u00f3n de la Copa de la Asociaci\u00f3n de Tenistas Profesionales (ATP).<\/p>\n\n\n\n<ul class=\"wp-block-list\"><li>enero 8, 2022<\/li><li>CST11:30 (GMT) -0500<\/li><\/ul>\n\n\n\n<p>Los norte\u00f1os contaron sobre la pista del Ken Rosewall Arena con el protagonismo de Denis Shapovalov, quien primero asegur\u00f3 \u00e9xito individual y luego combin\u00f3 fuerza junto a Felix Auger-Aliassime para privar a los rusos de toda posibilidad de reeditar el cetro de 2021.<\/p>\n\n\n\n<p>En el primer match, el n\u00famero dos del mundo Daniil Medvedev repiti\u00f3 dominio sobre Auger-Aliassime, puesto 11 del escalaf\u00f3n, esta vez por 6-0 y 6-4, para poner el compromiso particular 3-0 a su favor y situar delante a Rusia.<\/p>\n\n\n\n<p>Sin embargo, en el partido de dobles Auger-Aliassime y Shapovalov igualaron con triunfo en tres sets ante Medvedev-Roman Safiullin por pizarra de 6-4, 5-7 y 10-7.<\/p>\n\n\n\n<p>Luego en la definici\u00f3n, Shapovalov impuso su condici\u00f3n de \u201ctop 15\u201d del listado ante Safiullin (puesto 167) para vencerlo por 6-4, 5-7 y 6-4, y asegurar as\u00ed el avance canadiense a la porf\u00eda del cetro.<\/p>\n\n\n\n<p>Ma\u00f1ana, los canadienses disputar\u00e1n el trofeo de la Copa ATP frente a los espa\u00f1oles Pablo Carre\u00f1o y Roberto Bautista, quienes llegar\u00e1n a su segunda final tras el subt\u00edtulo en 2020 y el cuarto esca\u00f1o en 2021.<\/p>\n\n\n\n<p>rgh\/yma<\/p>\n","protected":false},"excerpt":{"rendered":"<p>(archivo) S\u00eddney, Australia, 8 ene (Prensa Latina) Canad\u00e1 super\u00f3 hoy 2-1 a Rusia y accedi\u00f3 aqu\u00ed a la gran final de la tercera edici\u00f3n de la Copa de la Asociaci\u00f3n de Tenistas Profesionales (ATP). enero 8, 2022 CST11:30 (GMT) -0500 Los norte\u00f1os contaron sobre la pista del Ken Rosewall Arena con el protagonismo de Denis [&hellip;]<\/p>\n","protected":false},"author":28,"featured_media":322574,"comment_status":"closed","ping_status":"","sticky":true,"template":"","format":"standard","meta":{"footnotes":""},"categories":[17,27],"tags":[],"class_list":["post-322571","post","type-post","status-publish","format-standard","has-post-thumbnail","hentry","category-deportes","category-portada"],"_links":{"self":[{"href":"https:\/\/diariodominicano.com\/index.php?rest_route=\/wp\/v2\/posts\/322571","targetHints":{"allow":["GET"]}}],"collection":[{"href":"https:\/\/diariodominicano.com\/index.php?rest_route=\/wp\/v2\/posts"}],"about":[{"href":"https:\/\/diariodominicano.com\/index.php?rest_route=\/wp\/v2\/types\/post"}],"author":[{"embeddable":true,"href":"https:\/\/diariodominicano.com\/index.php?rest_route=\/wp\/v2\/users\/28"}],"replies":[{"embeddable":true,"href":"https:\/\/diariodominicano.com\/index.php?rest_route=%2Fwp%2Fv2%2Fcomments&post=322571"}],"version-history":[{"count":3,"href":"https:\/\/diariodominicano.com\/index.php?rest_route=\/wp\/v2\/posts\/322571\/revisions"}],"predecessor-version":[{"id":322575,"href":"https:\/\/diariodominicano.com\/index.php?rest_route=\/wp\/v2\/posts\/322571\/revisions\/322575"}],"wp:featuredmedia":[{"embeddable":true,"href":"https:\/\/diariodominicano.com\/index.php?rest_route=\/wp\/v2\/media\/322574"}],"wp:attachment":[{"href":"https:\/\/diariodominicano.com\/index.php?rest_route=%2Fwp%2Fv2%2Fmedia&parent=322571"}],"wp:term":[{"taxonomy":"category","embeddable":true,"href":"https:\/\/diariodominicano.com\/index.php?rest_route=%2Fwp%2Fv2%2Fcategories&post=322571"},{"taxonomy":"post_tag","embeddable":true,"href":"https:\/\/diariodominicano.com\/index.php?rest_route=%2Fwp%2Fv2%2Ftags&post=322571"}],"curies":[{"name":"wp","href":"https:\/\/api.w.org\/{rel}","templated":true}]}}