{"id":32257,"date":"2019-10-28T08:49:18","date_gmt":"2019-10-28T08:49:18","guid":{"rendered":"http:\/\/diariodominicano.ddns.net\/?p=32257"},"modified":"2019-10-28T08:49:18","modified_gmt":"2019-10-28T08:49:18","slug":"argentina-se-abre-una-nueva-esperanza-para-la-patria-grande","status":"publish","type":"post","link":"https:\/\/diariodominicano.com\/?p=32257","title":{"rendered":"Argentina, se abre una nueva esperanza para la Patria Grande"},"content":{"rendered":"<p><body><\/p>\n<p><img decoding=\"async\" src=\"img3\/alberto-cristina.jpg\" \/>  <\/p>\n<p><strong>Diariodominicano.com<\/strong><\/p>\n<p><strong>Por Mayl\u00edn Vidal<\/strong><\/p>\n<p><strong>Buenos Aires, 28 oct (Prensa Latina) <\/strong>\u00bfQui\u00e9n dijo que todo est\u00e1 perdido?, Alberto y Cristina Fern\u00e1ndez vienen a ofrecer su coraz\u00f3n a Argentina para ponerla de pie, con la fe de recorrer otra vez el sendero por la unidad de la Patria Grande.<\/p>\n<\/p>\n<p>Parafraseando a ese gran roquero que pari\u00f3 esta tierra austral (Fito P\u00e1ez), los Fern\u00e1ndez, como son llamados por la poblaci\u00f3n, conducir\u00e1n los destinos de Argentina desde el 10 de diciembre con el compromiso pol\u00edtico, \u00e9tico y moral, de poner de pie al pa\u00eds para que &#8216;nunca m\u00e1s retorne el neoliberalismo&#8217;.<\/p>\n<\/p>\n<p>&#8216;Dec\u00edan que no volver\u00edamos, una noche volvimos y vamos a hacer mejores&#8217;, resalt\u00f3 un euf\u00f3rico Alberto Fern\u00e1ndez la v\u00edspera, en su primer discurso tras el triunfo del Frente de Todos, que dej\u00f3 un mapa azul, que representa a su fuerza pol\u00edtica, en una parte de la geograf\u00eda nacional en las elecciones generales, que transcurrieron en paz y con gran cantidad de votantes. Faltan 44 d\u00edas y el camino es azaroso, pero lo vivido ayer para los seguidores de esa fuerza impulsada por N\u00e9stor Kirchner en 2003, continuada por Cristina Fern\u00e1ndez y ahora, seguida bajo su rol de vicepresidenta al lado del nuevo presidente, devino un homenaje al fallecido exmandatario.<\/p>\n<\/p>\n<p>Quiso el destino que las elecciones se disputaran un 27 de octubre, nueve a\u00f1os despu\u00e9s de la muerte de N\u00e9stor, por eso las emociones fueron a\u00fan m\u00e1s desbordada desde ambos lados de la tribuna que congreg\u00f3 a cientos de argentinos la v\u00edspera.<\/p>\n<\/p>\n<p>Una fiesta popular para los que hoy ven en Alberto y Cristina la alternativa posible de rescatar al pa\u00eds de la crisis en la que fue sumergido hace meses, con un alto \u00edndice de desempleo, de inflaci\u00f3n, de pobreza, de indigentes y una deuda de 57 mil millones de d\u00f3lares contra\u00edda con el Fondo Monetario Internacional.<\/p>\n<\/p>\n<p>Fue el grito de esperanza para muchos desde el sur m\u00e1s sur, como una bocanada de aire para esas luchas que dan hoy pa\u00edses hermanos, un grito por la libertad del expresidente brasile\u00f1o Luis Inacio Lula Da Silva, como demand\u00f3 el reci\u00e9n electo presidente de los argentinos casi al final de su discurso de anoche.<\/p>\n<\/p>\n<p>Tambi\u00e9n, el abrazo y felicitaciones a Evo Morales por su victoria en Bolivia, a la que se refiri\u00f3 ayer en su discurso la ahora vicepresidenta Cristina Fern\u00e1ndez, quien subray\u00f3 que el momento que vive la convulsa Suram\u00e9rica &#8216;nos tiene que abrir la cabeza no solo a los dirigentes pol\u00edticos y empresarios sino a todos&#8217;.<\/p>\n<\/p>\n<p>Porque para la expresidenta, la respuesta en las urnas en Argentina y lo que pasa en la regi\u00f3n es la muestra m\u00e1s clara de la necesidad de democracias donde la econom\u00eda sean democratizadas y &#8216;demuestran la inviabilidad de modelos econ\u00f3micos basados en el ajuste permanente&#8217;.<\/p>\n<\/p>\n<p>Con el sue\u00f1o y el compromiso a partir de ahora de &#8216;volver a construir la Argentina igualitaria y solidaria que todos so\u00f1amos&#8217;, Alberto Fern\u00e1ndez resalt\u00f3 en su primer discurso tras la victoria que est\u00e1n conscientes de la confianza que los argentinos les depositaron y haremos todo lo que haga falta para que las persianas de las f\u00e1bricas vuelvan a levantarse, para que cada despedido vuelvan a trabajar, para que las universidades del interior se sigan abriendo, remarc\u00f3.<\/p>\n<\/p>\n<p>&#8216;Vamos a hacer la Argentina que nos merecemos, entrar al mundo dignamente y volver a construir el pa\u00eds que so\u00f1amos los mejores hombres y mujeres. No lo haremos Cristina y Alberto, lo haremos entre todos&#8217;, enfatiz\u00f3.<\/p>\n<\/p>\n<p>tgj\/may<\/p>\n<h6> 2019-10-28 08:49:18 <\/h6>\n<p><!--\n<link rel=\"stylesheet\" href=\"css\/bootstrap.min.css\">\n\n\n<ul class=\"pagination\">\n\t    \n\t\n\n<li >\n\t<a href='?page_no=1153'>Previous<\/a>\n\t<\/li>\n\n\n       \n    \n\n<li><a href='?page_no=1'>1<\/a><\/li>\n\n\n\n<li><a href='?page_no=2'>2<\/a><\/li>\n\n\n\n<li><a>...<\/a><\/li>\n\n\n\n<li><a href='?page_no=1152'>1152<\/a><\/li>\n\n\n\n<li><a href='?page_no=1153'>1153<\/a><\/li>\n\n\n\n<li class='active'><a>1154<\/a><\/li>\n\n\n\n<li><a href='?page_no=1155'>1155<\/a><\/li>\n\n\n\n<li><a href='?page_no=1156'>1156<\/a><\/li>\n\n\n\n<li><a>...<\/a><\/li>\n\n\n\n<li><a href='?page_no=1549'>1549<\/a><\/li>\n\n\n\n<li><a href='?page_no=1550'>1550<\/a><\/li>\n\n    \n\t\n\n<li >\n\t<a href='?page_no=1155'>Next<\/a>\n\t<\/li>\n\n\n    \n\n<li><a href='?page_no=1550'>Last &rsaquo;&rsaquo;<\/a><\/li>\n\n<\/ul>\n\n\n--><br \/>\n<\/body><\/p>\n","protected":false},"excerpt":{"rendered":"<p>Diariodominicano.com Por Mayl\u00edn Vidal Buenos Aires, 28 oct (Prensa Latina) \u00bfQui\u00e9n dijo que todo est\u00e1 perdido?, Alberto y Cristina Fern\u00e1ndez vienen a ofrecer su coraz\u00f3n a Argentina para ponerla de pie, con la fe de recorrer otra vez el sendero por la unidad de la Patria Grande. Parafraseando a ese gran roquero que pari\u00f3 esta [&hellip;]<\/p>\n","protected":false},"author":3,"featured_media":0,"comment_status":"open","ping_status":"open","sticky":false,"template":"","format":"standard","meta":{"footnotes":""},"categories":[19],"tags":[],"class_list":["post-32257","post","type-post","status-publish","format-standard","hentry","category-mi-voz"],"_links":{"self":[{"href":"https:\/\/diariodominicano.com\/index.php?rest_route=\/wp\/v2\/posts\/32257","targetHints":{"allow":["GET"]}}],"collection":[{"href":"https:\/\/diariodominicano.com\/index.php?rest_route=\/wp\/v2\/posts"}],"about":[{"href":"https:\/\/diariodominicano.com\/index.php?rest_route=\/wp\/v2\/types\/post"}],"author":[{"embeddable":true,"href":"https:\/\/diariodominicano.com\/index.php?rest_route=\/wp\/v2\/users\/3"}],"replies":[{"embeddable":true,"href":"https:\/\/diariodominicano.com\/index.php?rest_route=%2Fwp%2Fv2%2Fcomments&post=32257"}],"version-history":[{"count":0,"href":"https:\/\/diariodominicano.com\/index.php?rest_route=\/wp\/v2\/posts\/32257\/revisions"}],"wp:attachment":[{"href":"https:\/\/diariodominicano.com\/index.php?rest_route=%2Fwp%2Fv2%2Fmedia&parent=32257"}],"wp:term":[{"taxonomy":"category","embeddable":true,"href":"https:\/\/diariodominicano.com\/index.php?rest_route=%2Fwp%2Fv2%2Fcategories&post=32257"},{"taxonomy":"post_tag","embeddable":true,"href":"https:\/\/diariodominicano.com\/index.php?rest_route=%2Fwp%2Fv2%2Ftags&post=32257"}],"curies":[{"name":"wp","href":"https:\/\/api.w.org\/{rel}","templated":true}]}}