{"id":322550,"date":"2022-01-08T10:29:55","date_gmt":"2022-01-08T14:29:55","guid":{"rendered":"http:\/\/diariodominicano.com\/?p=322550"},"modified":"2022-01-08T10:29:55","modified_gmt":"2022-01-08T14:29:55","slug":"campeon-olimpico-italiano-asistira-a-mitin-atletico-frances","status":"publish","type":"post","link":"https:\/\/diariodominicano.com\/?p=322550","title":{"rendered":"Campe\u00f3n ol\u00edmpico italiano asistir\u00e1 a mitin atl\u00e9tico franc\u00e9s"},"content":{"rendered":"\n<p>Lievin, Francia, 8 ene (Prensa Latina) El campe\u00f3n ol\u00edmpico italiano Marcell Jacobs aparece hoy entre las estrellas del atletismo mundial anunciadas al Meeting Hauts-de-France Pas-de-Calais, con escenario en la Arena Stade Couvert el pr\u00f3ximo 17 de febrero.<\/p>\n\n\n\n<ul class=\"wp-block-list\"><li>enero 8, 2022<\/li><li>CST09:19 (GMT) -0500<\/li><\/ul>\n\n\n\n<p>De acuerdo con el Comit\u00e9 Organizador, el rey de la velocidad en Tokio 2020 volver\u00e1 a la localidad francesa en busca de su primera victoria de la temporada y ya confirm\u00f3 presencia en la cuarta parada oro del circuito mundial bajo techo 2022.<\/p>\n\n\n\n<p>En Lievin, Jacobs exhibir\u00e1 su liderazgo mundial en el Indoor Tour en los 60 metros e intentar\u00e1 acercarse en la pista al crono de 6.47 segundos que le vali\u00f3 el oro europeo en Torun y constituye plusmarca nacional.<\/p>\n\n\n\n<p>De 27 a\u00f1os, el corredor italiano nacido en Estados Unidos triunf\u00f3 en la versi\u00f3n anterior del Meeting Hauts-de-France Pas-de-Calais con tiempo de 6.54 por delante del estadounidense Michael Rodgers (6.60) y el marfile\u00f1o Arthur Cisse (6.61), segundo y tercero, respectivamente<\/p>\n\n\n\n<p>Jacobs ascendi\u00f3 a la cima del hect\u00f3metro en la pasada campa\u00f1a con r\u00e9cord para su pa\u00eds y Europa de 9.80 segundos en la final de los 100 metros de Tokio 2020; adem\u00e1s de integrar la cuarteta campeona en el 4\u00d7100 de la magna cita con un registro nacional l\u00edder en el mundo de 37.50.<\/p>\n\n\n\n<p>El velocista italiano sum\u00f3 en la gira invernal nueve victorias en justa de Alemania, Francia, Polonia e Italia; mientras, al aire libre festej\u00f3 triunfos en Savona y Silesia, adem\u00e1s de tres podios en etapas de la Liga del Diamante.<\/p>\n\n\n\n<p>La parada de Lievin constituye uno de los siete encuentros del World Indoor Tour de nivel Oro de 2022 y en la versi\u00f3n pasada celebr\u00f3 el r\u00e9cord mundial bajo techo de la et\u00edope Gudaf Tsegay en los mil 500 m (3:53.09 minutos), as\u00ed como las actuaciones del noruego Jakob Ingebrigtsen (mil 500 m) y el tambi\u00e9n et\u00edope Getnet Wale (tres mil m obst\u00e1culos).<\/p>\n\n\n\n<p>rgh\/yma<\/p>\n","protected":false},"excerpt":{"rendered":"<p>Lievin, Francia, 8 ene (Prensa Latina) El campe\u00f3n ol\u00edmpico italiano Marcell Jacobs aparece hoy entre las estrellas del atletismo mundial anunciadas al Meeting Hauts-de-France Pas-de-Calais, con escenario en la Arena Stade Couvert el pr\u00f3ximo 17 de febrero. enero 8, 2022 CST09:19 (GMT) -0500 De acuerdo con el Comit\u00e9 Organizador, el rey de la velocidad en [&hellip;]<\/p>\n","protected":false},"author":28,"featured_media":0,"comment_status":"closed","ping_status":"","sticky":false,"template":"","format":"standard","meta":{"footnotes":""},"categories":[17],"tags":[],"class_list":["post-322550","post","type-post","status-publish","format-standard","hentry","category-deportes"],"_links":{"self":[{"href":"https:\/\/diariodominicano.com\/index.php?rest_route=\/wp\/v2\/posts\/322550","targetHints":{"allow":["GET"]}}],"collection":[{"href":"https:\/\/diariodominicano.com\/index.php?rest_route=\/wp\/v2\/posts"}],"about":[{"href":"https:\/\/diariodominicano.com\/index.php?rest_route=\/wp\/v2\/types\/post"}],"author":[{"embeddable":true,"href":"https:\/\/diariodominicano.com\/index.php?rest_route=\/wp\/v2\/users\/28"}],"replies":[{"embeddable":true,"href":"https:\/\/diariodominicano.com\/index.php?rest_route=%2Fwp%2Fv2%2Fcomments&post=322550"}],"version-history":[{"count":1,"href":"https:\/\/diariodominicano.com\/index.php?rest_route=\/wp\/v2\/posts\/322550\/revisions"}],"predecessor-version":[{"id":322551,"href":"https:\/\/diariodominicano.com\/index.php?rest_route=\/wp\/v2\/posts\/322550\/revisions\/322551"}],"wp:attachment":[{"href":"https:\/\/diariodominicano.com\/index.php?rest_route=%2Fwp%2Fv2%2Fmedia&parent=322550"}],"wp:term":[{"taxonomy":"category","embeddable":true,"href":"https:\/\/diariodominicano.com\/index.php?rest_route=%2Fwp%2Fv2%2Fcategories&post=322550"},{"taxonomy":"post_tag","embeddable":true,"href":"https:\/\/diariodominicano.com\/index.php?rest_route=%2Fwp%2Fv2%2Ftags&post=322550"}],"curies":[{"name":"wp","href":"https:\/\/api.w.org\/{rel}","templated":true}]}}