{"id":32254,"date":"2019-10-29T13:06:21","date_gmt":"2019-10-29T13:06:21","guid":{"rendered":"http:\/\/diariodominicano.ddns.net\/?p=32254"},"modified":"2019-10-29T13:06:21","modified_gmt":"2019-10-29T13:06:21","slug":"el-desplazamiento-de-los-venezolanos-exige-una-respuesta-internacional-coordinada","status":"publish","type":"post","link":"https:\/\/diariodominicano.com\/?p=32254","title":{"rendered":"El desplazamiento de los venezolanos exige una respuesta internacional coordinada"},"content":{"rendered":"<p><body><\/p>\n<p><strong>Laura Guzm\u00e1n<\/strong><\/p>\n<\/p>\n<p>\u00b7        <strong> Autores:<\/strong><\/p>\n<\/p>\n<p>o    Federica Mogherini, Alta Representante y Vicepresidenta de la Comisi\u00f3n Europea<\/p>\n<\/p>\n<p>o    Filippo Grandi, Alto Comisionado de las Naciones Unidas para los Refugiados<\/p>\n<\/p>\n<p>o    Ant\u00f3nio Vitorino, Director General de la Organizaci\u00f3n Internacional para las Migraciones<\/p>\n<\/p>\n<p>Durante d\u00e9cadas, Venezuela fue un pa\u00eds de acogida para las personas refugiadas, as\u00ed como un destino para los migrantes atra\u00eddos por su auge econ\u00f3mico en los sectores petrolero, agr\u00edcola y manufacturero. Ahora su poblaci\u00f3n est\u00e1 mermando. La huida que se est\u00e1 produciendo ante nuestros ojos es el resultado de la inestabilidad pol\u00edtica, la creciente inseguridad y las violaciones de los derechos humanos, todo ello agravado por el colapso econ\u00f3mico del pa\u00eds.<\/p>\n<\/p>\n<p>Esta es la crisis de refugiados y migrantes m\u00e1s grave y de m\u00e1s r\u00e1pido crecimiento en la historia de Am\u00e9rica Latina, y una de las mayores crisis de desplazamiento externo en el mundo.<\/p>\n<\/p>\n<p>Hombres, mujeres, ni\u00f1os y ni\u00f1as venezolanos se est\u00e1n marchando: un movimiento masivo de poblaci\u00f3n que incluye a personas vulnerables, muchas de las cuales necesitan protecci\u00f3n internacional, mientras muchas otras buscan acceso a servicios b\u00e1sicos y oportunidades de empleo. Con frecuencia viajan a pie durante d\u00edas y semanas, a destinos tan lejanos como Santiago de Chile, S\u00e3o Paulo en Brasil y Buenos Aires en Argentina, todos ellos a varios miles de kil\u00f3metros de su tierra natal. Estas personas buscan seguridad, servicios b\u00e1sicos, trabajo o reunirse con familiares que ya se encuentran establecidos en el extranjero.<\/p>\n<\/p>\n<p>M\u00e1s del 80 por ciento de los 4,5 millones de refugiados y migrantes venezolanos han permanecido en la regi\u00f3n, acogidos por pa\u00edses de Am\u00e9rica Latina y el Caribe. Estos refugiados y migrantes no est\u00e1n confinados en campamentos, sino que viven en pueblos y ciudades, donde conviven con la poblaci\u00f3n local.<\/p>\n<\/p>\n<p>Los pa\u00edses vecinos de Venezuela apelaron a sus largas tradiciones de generosidad y solidaridad con las personas refugiadas y migrantes, implementando pol\u00edticas y mecanismos que facilitan la movilidad humana, la asistencia humanitaria y el acceso a los servicios sociales en toda Am\u00e9rica Latina.<\/p>\n<\/p>\n<p>Sin embargo, muchas de las comunidades de acogida, especialmente en las zonas fronterizas m\u00e1s apartadas, enfrentan enormes presiones a ra\u00edz de las nuevas llegadas. La capacidad de los pa\u00edses y las comunidades de acogida est\u00e1 llegando a su l\u00edmite. Las escuelas est\u00e1n desbordadas y los centros de salud y la disponibilidad de viviendas est\u00e1n en un punto cr\u00edtico. El uso irresponsable de las redes sociales y las declaraciones radicales de algunos pol\u00edticos est\u00e1n alimentando los sentimientos xen\u00f3fobos. La solidaridad regional y la voluntad pol\u00edtica se est\u00e1n debilitando r\u00e1pidamente ante la insuficiencia del apoyo internacional.<\/p>\n<\/p>\n<p>En las \u00faltimas d\u00e9cadas, Am\u00e9rica Latina y el Caribe han disfrutado de un notable crecimiento econ\u00f3mico y estabilidad pol\u00edtica. Mientras las desigualdades han aumentado en todo el mundo, este continente se ha vuelto m\u00e1s igualitario y justo. Pero este progreso podr\u00eda revertirse. Esta crisis ya est\u00e1 teniendo consecuencias desestabilizadoras en toda la regi\u00f3n, y cualquier trastorno importante en cualquier parte de Am\u00e9rica Latina repercutir\u00eda mucho m\u00e1s all\u00e1 de las fronteras regionales.<\/p>\n<\/p>\n<p>Am\u00e9rica Latina no puede enfrentar sola esta crisis. Ciertamente no puede ser abandonada por Europa, que tiene fuertes y profundos v\u00ednculos con Venezuela, y tampoco por las Naciones Unidas. Unimos nuestras fuerzas porque nadie puede abordar la crisis sin apoyo.<\/p>\n<\/p>\n<p>Para responder a la crisis de refugiados y migrantes venezolanos se requiere una alianza mundial inclusiva, y toda la comunidad internacional, m\u00e1s all\u00e1 de los pa\u00edses de acogida en la regi\u00f3n, debe asumir su parte de responsabilidad y solidaridad. Se necesita una mayor participaci\u00f3n de las instituciones financieras internacionales, los actores de desarrollo y el sector privado para apoyar los servicios y promover oportunidades econ\u00f3micas para las personas refugiadas y migrantes y las comunidades de acogida locales.<\/p>\n<\/p>\n<p>Ese es exactamente el objetivo de la Conferencia Internacional de Solidaridad que nosotros -la Comisi\u00f3n Europea, ACNUR y OIM &#8211; estamos organizando conjuntamente en Bruselas a finales de octubre. Queremos crear conciencia sobre la situaci\u00f3n, reafirmar la solidaridad internacional con los pa\u00edses y las comunidades de acogida e instar a una mayor cooperaci\u00f3n t\u00e9cnica y financiera internacional con la regi\u00f3n.<\/p>\n<\/p>\n<p>En los \u00faltimos a\u00f1os, nuestras organizaciones han asumido un papel de liderazgo para responder a las necesidades de los venezolanos desplazados. La Uni\u00f3n Europea y sus Estados Miembros ya han movilizado m\u00e1s de 170 millones de euros y han estado a la vanguardia de la respuesta regional, apoyando el Proceso de Quito. ACNUR y OIM est\u00e1n trabajando con m\u00e1s de 200 organizaciones de la sociedad civil, humanitarias y de desarrollo en las Am\u00e9ricas para poner en marcha un plan de respuesta integral de 738 millones de d\u00f3lares (USD), que hasta ahora ha sido financiado en un 48%.<\/p>\n<\/p>\n<p>Con la conferencia, reafirmaremos nuestro fuerte y permanente compromiso para proteger y brindar asistencia a los refugiados y migrantes venezolanos, para apoyar los esfuerzos de los Gobiernos de los pa\u00edses que los acogen y para abordar la necesidad de una integraci\u00f3n sostenible de los venezolanos en las comunidades de acogida. Asimismo, instaremos a renovar los esfuerzos para alcanzar una soluci\u00f3n pol\u00edtica en Venezuela, que es la precondici\u00f3n necesaria para que su pueblo pueda reconstruir su vida a su regreso.<\/p>\n<\/p>\n<p>Con esta Conferencia Internacional de Solidaridad, queremos enviar un fuerte mensaje a los refugiados y migrantes venezolanos y a quienes los acogen en Am\u00e9rica Latina y el Caribe, que el mundo no los ha olvidado y que los apoyaremos en este momento de necesidad.<\/p>\n<h6> 2019-10-29 13:06:21 <\/h6>\n<p><!--\n<link rel=\"stylesheet\" href=\"css\/bootstrap.min.css\">\n\n\n<ul class=\"pagination\">\n\t    \n\t\n\n<li >\n\t<a href='?page_no=1150'>Previous<\/a>\n\t<\/li>\n\n\n       \n    \n\n<li><a href='?page_no=1'>1<\/a><\/li>\n\n\n\n<li><a href='?page_no=2'>2<\/a><\/li>\n\n\n\n<li><a>...<\/a><\/li>\n\n\n\n<li><a href='?page_no=1149'>1149<\/a><\/li>\n\n\n\n<li><a href='?page_no=1150'>1150<\/a><\/li>\n\n\n\n<li class='active'><a>1151<\/a><\/li>\n\n\n\n<li><a href='?page_no=1152'>1152<\/a><\/li>\n\n\n\n<li><a href='?page_no=1153'>1153<\/a><\/li>\n\n\n\n<li><a>...<\/a><\/li>\n\n\n\n<li><a href='?page_no=1549'>1549<\/a><\/li>\n\n\n\n<li><a href='?page_no=1550'>1550<\/a><\/li>\n\n    \n\t\n\n<li >\n\t<a href='?page_no=1152'>Next<\/a>\n\t<\/li>\n\n\n    \n\n<li><a href='?page_no=1550'>Last &rsaquo;&rsaquo;<\/a><\/li>\n\n<\/ul>\n\n\n--><br \/>\n<\/body><\/p>\n","protected":false},"excerpt":{"rendered":"<p>Laura Guzm\u00e1n \u00b7 Autores: o Federica Mogherini, Alta Representante y Vicepresidenta de la Comisi\u00f3n Europea o Filippo Grandi, Alto Comisionado de las Naciones Unidas para los Refugiados o Ant\u00f3nio Vitorino, Director General de la Organizaci\u00f3n Internacional para las Migraciones Durante d\u00e9cadas, Venezuela fue un pa\u00eds de acogida para las personas refugiadas, as\u00ed como un destino [&hellip;]<\/p>\n","protected":false},"author":3,"featured_media":0,"comment_status":"open","ping_status":"open","sticky":false,"template":"","format":"standard","meta":{"footnotes":""},"categories":[19],"tags":[],"class_list":["post-32254","post","type-post","status-publish","format-standard","hentry","category-mi-voz"],"_links":{"self":[{"href":"https:\/\/diariodominicano.com\/index.php?rest_route=\/wp\/v2\/posts\/32254","targetHints":{"allow":["GET"]}}],"collection":[{"href":"https:\/\/diariodominicano.com\/index.php?rest_route=\/wp\/v2\/posts"}],"about":[{"href":"https:\/\/diariodominicano.com\/index.php?rest_route=\/wp\/v2\/types\/post"}],"author":[{"embeddable":true,"href":"https:\/\/diariodominicano.com\/index.php?rest_route=\/wp\/v2\/users\/3"}],"replies":[{"embeddable":true,"href":"https:\/\/diariodominicano.com\/index.php?rest_route=%2Fwp%2Fv2%2Fcomments&post=32254"}],"version-history":[{"count":0,"href":"https:\/\/diariodominicano.com\/index.php?rest_route=\/wp\/v2\/posts\/32254\/revisions"}],"wp:attachment":[{"href":"https:\/\/diariodominicano.com\/index.php?rest_route=%2Fwp%2Fv2%2Fmedia&parent=32254"}],"wp:term":[{"taxonomy":"category","embeddable":true,"href":"https:\/\/diariodominicano.com\/index.php?rest_route=%2Fwp%2Fv2%2Fcategories&post=32254"},{"taxonomy":"post_tag","embeddable":true,"href":"https:\/\/diariodominicano.com\/index.php?rest_route=%2Fwp%2Fv2%2Ftags&post=32254"}],"curies":[{"name":"wp","href":"https:\/\/api.w.org\/{rel}","templated":true}]}}