{"id":32253,"date":"2019-10-30T11:07:45","date_gmt":"2019-10-30T11:07:45","guid":{"rendered":"http:\/\/diariodominicano.ddns.net\/?p=32253"},"modified":"2019-10-30T11:07:45","modified_gmt":"2019-10-30T11:07:45","slug":"dominicanos-ny-protestan-por-uso-bandera-sin-escudo","status":"publish","type":"post","link":"https:\/\/diariodominicano.com\/?p=32253","title":{"rendered":"Dominicanos NY protestan por uso bandera sin escudo"},"content":{"rendered":"<p><body><\/p>\n<p><img decoding=\"async\" src=\"img3\/bander1.jpg\" \/>  <\/p>\n<p><strong>Video:<\/strong> https:\/\/www.youtube.com\/watch?v=gVms2rtO1JA<\/p>\n<\/p>\n<p>Por <strong>Ram\u00f3n Mercedes<\/strong><\/p>\n<\/p>\n<p>NUEVA YORK.- Organizaciones y personalidades dominicanas en esta ciudad contin\u00faan protestando por el uso de la  bandera dominicana sin el escudo en la Rep\u00fablica Dominicana.<\/p>\n<\/p>\n<p>Las condenas y protestas se han venido efectuando en la \u00abPe\u00f1a P\u00fablica\u00bb que preside el ex vice c\u00f3nsul, Bienvenido Lara Flores, junto a profesionales, activistas comunitarios y ciudadanos comunes en la avenida Saint Nicholas con la calle 176, en el Alto Manhattan.<\/p>\n<\/p>\n<p>Otras realizadas en los \u00faltimos d\u00edas por un grupo de quisqueyanos en el sector de Inwood y el pasado fin de semana en el parque \u00abJuan Pablo Duarte\u00bb, ubicado en la avenida Saint Nicholas con la calle 170.<\/p>\n<\/p>\n<p>Miguel Estrella, presidente del Instituto Duartiano en NY, entiende que el uso inapropiado de los s\u00edmbolos patrios, en este caso la bandera nacional, es inaceptable.<\/p>\n<\/p>\n<p>Mientras que el activista comunitario Juan Ru\u00edz Ramos expres\u00f3 no estar de acuerdo con que se elimine el escudo de nuestra bandera, \u00abah\u00ed est\u00e1 la b\u00edblica que es la palabra del se\u00f1or y ese es el que nos protege\u00bb.<\/p>\n<\/p>\n<p>Dav\u00edd Rodr\u00edguez indic\u00f3 que es un relajo que hay en muchos altos funcionarios del gobierno que est\u00e1n usando nuestra bandera sin el escudo, \u00abpienso rotundamente y me opongo a su uso\u00bb.<\/p>\n<\/p>\n<p>En la protesta del parque hablaron Junior Figueroa, quien manifest\u00f3 \u00abestamos levantando nuestra bandera en alto, porque el escudo no puede ser removido. \u00abEl Movimiento La Patria Primero est\u00e1 en pies de lucha, para decirles a todos los dominicanos que levanten sus s\u00edmbolos porque son los que nos representa\u00bb.<\/p>\n<\/p>\n<p>Asimismo, la reverenda Mar\u00eda Cordone sostuvo \u00abestamos enviando un mensaje al presidente Danilo Medina, que ahora no es contra el pueblo dominicano que \u00e9l est\u00e1 burl\u00e1ndose y violando nuestros derechos y constituci\u00f3n, es contra Dios el creador del cielo y tierra, porque ya esto es lo \u00faltimo, sacar la biblia de la bandera, de nuestra Patria. Tanto viola la constituci\u00f3n como la ley de Dios\u00bb.<\/p>\n<\/p>\n<p>Las manifestaciones de protestas en la Gran Manzana continuar\u00e1n en los pr\u00f3ximos d\u00edas han informado l\u00edderes pol\u00edticos, comunitarios y profesionales.<\/p>\n<h6> 2019-10-30 11:07:45 <\/h6>\n<p><!--\n<link rel=\"stylesheet\" href=\"css\/bootstrap.min.css\">\n\n\n<ul class=\"pagination\">\n\t    \n\t\n\n<li >\n\t<a href='?page_no=1149'>Previous<\/a>\n\t<\/li>\n\n\n       \n    \n\n<li><a href='?page_no=1'>1<\/a><\/li>\n\n\n\n<li><a href='?page_no=2'>2<\/a><\/li>\n\n\n\n<li><a>...<\/a><\/li>\n\n\n\n<li><a href='?page_no=1148'>1148<\/a><\/li>\n\n\n\n<li><a href='?page_no=1149'>1149<\/a><\/li>\n\n\n\n<li class='active'><a>1150<\/a><\/li>\n\n\n\n<li><a href='?page_no=1151'>1151<\/a><\/li>\n\n\n\n<li><a href='?page_no=1152'>1152<\/a><\/li>\n\n\n\n<li><a>...<\/a><\/li>\n\n\n\n<li><a href='?page_no=1549'>1549<\/a><\/li>\n\n\n\n<li><a href='?page_no=1550'>1550<\/a><\/li>\n\n    \n\t\n\n<li >\n\t<a href='?page_no=1151'>Next<\/a>\n\t<\/li>\n\n\n    \n\n<li><a href='?page_no=1550'>Last &rsaquo;&rsaquo;<\/a><\/li>\n\n<\/ul>\n\n\n--><br \/>\n<\/body><\/p>\n","protected":false},"excerpt":{"rendered":"<p>Video: https:\/\/www.youtube.com\/watch?v=gVms2rtO1JA Por Ram\u00f3n Mercedes NUEVA YORK.- Organizaciones y personalidades dominicanas en esta ciudad contin\u00faan protestando por el uso de la bandera dominicana sin el escudo en la Rep\u00fablica Dominicana. Las condenas y protestas se han venido efectuando en la \u00abPe\u00f1a P\u00fablica\u00bb que preside el ex vice c\u00f3nsul, Bienvenido Lara Flores, junto a profesionales, activistas [&hellip;]<\/p>\n","protected":false},"author":3,"featured_media":0,"comment_status":"open","ping_status":"open","sticky":false,"template":"","format":"standard","meta":{"footnotes":""},"categories":[19],"tags":[],"class_list":["post-32253","post","type-post","status-publish","format-standard","hentry","category-mi-voz"],"_links":{"self":[{"href":"https:\/\/diariodominicano.com\/index.php?rest_route=\/wp\/v2\/posts\/32253","targetHints":{"allow":["GET"]}}],"collection":[{"href":"https:\/\/diariodominicano.com\/index.php?rest_route=\/wp\/v2\/posts"}],"about":[{"href":"https:\/\/diariodominicano.com\/index.php?rest_route=\/wp\/v2\/types\/post"}],"author":[{"embeddable":true,"href":"https:\/\/diariodominicano.com\/index.php?rest_route=\/wp\/v2\/users\/3"}],"replies":[{"embeddable":true,"href":"https:\/\/diariodominicano.com\/index.php?rest_route=%2Fwp%2Fv2%2Fcomments&post=32253"}],"version-history":[{"count":0,"href":"https:\/\/diariodominicano.com\/index.php?rest_route=\/wp\/v2\/posts\/32253\/revisions"}],"wp:attachment":[{"href":"https:\/\/diariodominicano.com\/index.php?rest_route=%2Fwp%2Fv2%2Fmedia&parent=32253"}],"wp:term":[{"taxonomy":"category","embeddable":true,"href":"https:\/\/diariodominicano.com\/index.php?rest_route=%2Fwp%2Fv2%2Fcategories&post=32253"},{"taxonomy":"post_tag","embeddable":true,"href":"https:\/\/diariodominicano.com\/index.php?rest_route=%2Fwp%2Fv2%2Ftags&post=32253"}],"curies":[{"name":"wp","href":"https:\/\/api.w.org\/{rel}","templated":true}]}}