{"id":322517,"date":"2022-01-08T09:23:59","date_gmt":"2022-01-08T13:23:59","guid":{"rendered":"http:\/\/diariodominicano.com\/?p=322517"},"modified":"2022-01-08T09:24:45","modified_gmt":"2022-01-08T13:24:45","slug":"la-unesco-pide-mas-seguridad-a-las-y-los-periodistas-ante-la-impunidad-que-sufre-el-gremio-periodistico","status":"publish","type":"post","link":"https:\/\/diariodominicano.com\/?p=322517","title":{"rendered":"La Unesco pide m\u00e1s seguridad a las y los periodistas\u00a0\u00a0ante la impunidad que sufre el gremio period\u00edstico\u00a0"},"content":{"rendered":"\n<p><\/p>\n\n\n\n<p><strong>Por Araceli Aguilar Salgado<br><br><\/strong>&nbsp;<\/p>\n\n\n\n<p><em>\u201c<strong>Los ataques contra los profesionales de los medios de comunicaci\u00f3n a menudo son perpetrados en situaciones sin conflicto por grupos del crimen organizado, milicias, personal de seguridad e incluso polic\u00edas locales, lo que convierte a los periodistas locales entre los m\u00e1s vulnerables.\u201d<\/strong><\/em>&nbsp;<\/p>\n\n\n\n<p><strong>En 2021 en el mundo fueron asesinados 55 periodistas, la cifra menor en los \u00faltimos 10 a\u00f1os.\u00a0\u00a0<\/strong><\/p>\n\n\n\n<figure class=\"wp-block-image size-large\"><img loading=\"lazy\" decoding=\"async\" width=\"1024\" height=\"692\" src=\"https:\/\/diariodominicano.com\/wp-content\/uploads\/2022\/01\/periodistas-mexico-1024x692.jpg\" alt=\"\" class=\"wp-image-322519\" srcset=\"https:\/\/diariodominicano.com\/wp-content\/uploads\/2022\/01\/periodistas-mexico-1024x692.jpg 1024w, https:\/\/diariodominicano.com\/wp-content\/uploads\/2022\/01\/periodistas-mexico-300x203.jpg 300w, https:\/\/diariodominicano.com\/wp-content\/uploads\/2022\/01\/periodistas-mexico-768x519.jpg 768w, https:\/\/diariodominicano.com\/wp-content\/uploads\/2022\/01\/periodistas-mexico-816x551.jpg 816w, https:\/\/diariodominicano.com\/wp-content\/uploads\/2022\/01\/periodistas-mexico.jpg 1200w\" sizes=\"auto, (max-width: 1024px) 100vw, 1024px\" \/><\/figure>\n\n\n\n<p>Por pa\u00edses,&nbsp;al frente de la funesta lista se encuentra M\u00e9xico por tercer a\u00f1o consecutivo, con nueve (16 por ciento), mientras que en la serie hist\u00f3rica desde 1993 ocupa el segundo lugar,&nbsp;seg\u00fan datos de la Organizaci\u00f3n de las Naciones Unidas para la Educaci\u00f3n, la Ciencia y la Cultura (Unesco, por sus siglas en ingl\u00e9s).&nbsp;<\/p>\n\n\n\n<p>Este jueves el Observatorio de Periodistas Asesinados de la organizaci\u00f3n internacional dio a conocer su informe anual, en el que registra 55 profesionales de la comunicaci\u00f3n asesinados en el mundo.&nbsp;<\/p>\n\n\n\n<p>Destaca que es la cifra m\u00e1s baja que ha habido en m\u00e1s de 10 a\u00f1os, y que la impunidad es generalizada: 87 por ciento de los casos no se han resuelto.&nbsp;<\/p>\n\n\n\n<figure class=\"wp-block-image size-full\"><img loading=\"lazy\" decoding=\"async\" width=\"617\" height=\"347\" src=\"https:\/\/diariodominicano.com\/wp-content\/uploads\/2022\/01\/unesco-asesinados-617x347-1.jpg\" alt=\"\" class=\"wp-image-322520\" srcset=\"https:\/\/diariodominicano.com\/wp-content\/uploads\/2022\/01\/unesco-asesinados-617x347-1.jpg 617w, https:\/\/diariodominicano.com\/wp-content\/uploads\/2022\/01\/unesco-asesinados-617x347-1-300x169.jpg 300w\" sizes=\"auto, (max-width: 617px) 100vw, 617px\" \/><\/figure>\n\n\n\n<p>Otro punto que resalta es que dos terceras partes de los homicidios han ocurrido en pa\u00edses sin conflictos armados, lo que significa un cambio radical respecto a 2013, cuando 60 por ciento de ellos ocurr\u00edan en esas naciones.&nbsp;<\/p>\n\n\n\n<p>Seg\u00fan la base de datos de la organizaci\u00f3n,&nbsp;los cr\u00edmenes fueron cometidos en 24 pa\u00edses, entre los que el primer lugar es ocupado por M\u00e9xico, con nueve casos (16 por ciento).&nbsp;&nbsp;<\/p>\n\n\n\n<p>Le siguen en la lista Afganist\u00e1n, con siete; India, cinco; Pakist\u00e1n, cuatro, y Filipinas y la Rep\u00fablica Democr\u00e1tica del Congo, con tres cada uno.&nbsp;<\/p>\n\n\n\n<figure class=\"wp-block-image size-full\"><img loading=\"lazy\" decoding=\"async\" width=\"823\" height=\"373\" src=\"https:\/\/diariodominicano.com\/wp-content\/uploads\/2022\/01\/images-4.jpeg\" alt=\"\" class=\"wp-image-322521\" srcset=\"https:\/\/diariodominicano.com\/wp-content\/uploads\/2022\/01\/images-4.jpeg 823w, https:\/\/diariodominicano.com\/wp-content\/uploads\/2022\/01\/images-4-300x136.jpeg 300w, https:\/\/diariodominicano.com\/wp-content\/uploads\/2022\/01\/images-4-768x348.jpeg 768w, https:\/\/diariodominicano.com\/wp-content\/uploads\/2022\/01\/images-4-816x370.jpeg 816w\" sizes=\"auto, (max-width: 823px) 100vw, 823px\" \/><\/figure>\n\n\n\n<p>Los periodistas asesinados en M\u00e9xico en 2021 que registra el Observatorio son los siguientes: Benjam\u00edn Morales Hern\u00e1ndez, victimado en marzo; Gustavo S\u00e1nchez Cabrera y Sa\u00fal Tijerina Renter\u00eda, en junio, y Abraham Mendoza y Ricardo L\u00f3pez, en julio.&nbsp;<\/p>\n\n\n\n<p>La lista contin\u00faa con Jacinto Romero Flores, ultimado en agosto; Manuel Gonz\u00e1lez Reyes, en septiembre, y Fredy L\u00f3pez Ar\u00e9valo y Alfredo Cardoso, en octubre.&nbsp;<\/p>\n\n\n\n<p>En el caso de M\u00e9xico, el primer asesinato de periodistas registrado en la base de datos del Observatorio es el de Leoncio Pintor Garc\u00eda, ocurrido en febrero de 1997.&nbsp;&nbsp;<\/p>\n\n\n\n<figure class=\"wp-block-image size-full\"><img loading=\"lazy\" decoding=\"async\" width=\"751\" height=\"408\" src=\"https:\/\/diariodominicano.com\/wp-content\/uploads\/2022\/01\/images-2-2.jpeg\" alt=\"\" class=\"wp-image-322522\" srcset=\"https:\/\/diariodominicano.com\/wp-content\/uploads\/2022\/01\/images-2-2.jpeg 751w, https:\/\/diariodominicano.com\/wp-content\/uploads\/2022\/01\/images-2-2-300x163.jpeg 300w\" sizes=\"auto, (max-width: 751px) 100vw, 751px\" \/><\/figure>\n\n\n\n<p>En total,&nbsp;enumera 132 asesinatos hasta el 2021 (8.8 por ciento de los mil 490 que reporta desde 1993); los peores a\u00f1os fueron 2016, 2017 y 2018, con 13 casos, seguidos por 2019, con 12.&nbsp;<\/p>\n\n\n\n<p>En 2021,&nbsp;por tercer a\u00f1o consecutivo M\u00e9xico encabeza el listado de cr\u00edmenes contra periodistas: en 2020 lo hizo con 10 periodistas asesinados (16 por ciento) y en 2019 con 12 (21 por ciento). Un a\u00f1o antes, con 13, qued\u00f3 s\u00f3lo detr\u00e1s de Afganist\u00e1n.&nbsp;<\/p>\n\n\n\n<p>En la serie hist\u00f3rica&nbsp;que presenta el organismo de la Unesco,&nbsp;que inicia en 1993, los pa\u00edses con m\u00e1s periodistas asesinados son Irak, con 201; M\u00e9xico, con 132; Filipinas, 111; Pakist\u00e1n, con 85, y Afganist\u00e1n, con 81.&nbsp;<\/p>\n\n\n\n<p>De los profesionales de la comunicaci\u00f3n ultimados en M\u00e9xico, 115 han sido hombres (87 por ciento) y 17 mujeres (13 por ciento).&nbsp;<\/p>\n\n\n\n<p>En el continente americano, que incluye Am\u00e9rica del Norte y Am\u00e9rica Latina y el Caribe, M\u00e9xico ocupa con holgura el primer lugar en homicidios de periodistas, con cerca del&nbsp;37 por ciento de los casos.&nbsp;<\/p>\n\n\n\n<p>Adem\u00e1s, el Observatorio indica que&nbsp;entre 2006 y 2019 en M\u00e9xico s\u00f3lo se ha resuelto el 13.3 por ciento de los asesinatos de profesionales de la comunicaci\u00f3n.&nbsp;<\/p>\n\n\n\n<p>Por regiones, en 2021 la m\u00e1s azotada por homicidios de periodistas fue Asia Pac\u00edfico, con 23, y Am\u00e9rica Latina y el Caribe, con 14.&nbsp;&nbsp;<\/p>\n\n\n\n<p>En esta \u00faltima, adem\u00e1s de M\u00e9xico que agrupa el 64 por ciento de los asesinatos, aparecen Colombia, Guatemala, Hait\u00ed, Brasil y Ecuador, con un solo caso cada uno.&nbsp;<\/p>\n\n\n\n<p>Sobre el informe, Audrey Azoulay, directora general de la Unesco, consider\u00f3 que demasiados periodistas pagaron el precio m\u00e1ximo por sacar a la luz la verdad.&nbsp;&nbsp;<\/p>\n\n\n\n<p>Ahora mismo, el mundo necesita m\u00e1s que nunca informaci\u00f3n independiente y objetiva.&nbsp;&nbsp;<\/p>\n\n\n\n<p>Debemos hacer m\u00e1s para garantizar que quienes trabajan incansablemente para proporcionarla puedan hacerlo sin miedo&nbsp;resalt\u00f3 el enorme riesgo que enfrentan estos profesionales e inst\u00f3 a hacer m\u00e1s para garantizar su seguridad, en tiempos en que el mundo necesita cada vez m\u00e1s informaci\u00f3n independiente y objetiva.&nbsp;<\/p>\n\n\n\n<p>Naciones Unidas despliega un Plan de acci\u00f3n sobre la seguridad de los periodistas y la cuesti\u00f3n de la impunidad para abordar de manera hol\u00edstica estos problemas.&nbsp;<\/p>\n\n\n\n<p><strong><em>\u201cLos periodistas merecen especial atenci\u00f3n no solo como ocurre frecuentemente por sus actos de hero\u00edsmo ante el peligro, sino tambi\u00e9n por la importancia del papel social que desempe\u00f1an, la agresi\u00f3n a un periodista representa un atentado contra los fundamentos de la causa de los derechos humanos y contra la sociedad informada en su conjunto, la violencia contra un periodista no es solo una agresi\u00f3n contra una v\u00edctima en particular, sino contra todos los miembros de la sociedad.\u201d&nbsp;<\/em><\/strong><\/p>\n\n\n\n<p><strong>Araceli Aguilar Salgado Periodista, Abogada, Ingeniera, Escritora, Presidenta del Congreso Hispanoamericano de Prensa, Analista y comentarista mexicana, del Estado de Guerrero, M\u00e9xico.<\/strong><\/p>\n\n\n\n<p>Libre Press<a target=\"_blank\" href=\"mailto:libropress@gmail.com\" rel=\"noreferrer noopener\">libropress@gmail.com<\/a><\/p>\n","protected":false},"excerpt":{"rendered":"<p>Por Araceli Aguilar Salgado &nbsp; \u201cLos ataques contra los profesionales de los medios de comunicaci\u00f3n a menudo son perpetrados en situaciones sin conflicto por grupos del crimen organizado, milicias, personal de seguridad e incluso polic\u00edas locales, lo que convierte a los periodistas locales entre los m\u00e1s vulnerables.\u201d&nbsp; En 2021 en el mundo fueron asesinados 55 [&hellip;]<\/p>\n","protected":false},"author":28,"featured_media":322518,"comment_status":"closed","ping_status":"","sticky":true,"template":"","format":"standard","meta":{"footnotes":""},"categories":[19,16,27],"tags":[],"class_list":["post-322517","post","type-post","status-publish","format-standard","has-post-thumbnail","hentry","category-mi-voz","category-opiniones","category-portada"],"_links":{"self":[{"href":"https:\/\/diariodominicano.com\/index.php?rest_route=\/wp\/v2\/posts\/322517","targetHints":{"allow":["GET"]}}],"collection":[{"href":"https:\/\/diariodominicano.com\/index.php?rest_route=\/wp\/v2\/posts"}],"about":[{"href":"https:\/\/diariodominicano.com\/index.php?rest_route=\/wp\/v2\/types\/post"}],"author":[{"embeddable":true,"href":"https:\/\/diariodominicano.com\/index.php?rest_route=\/wp\/v2\/users\/28"}],"replies":[{"embeddable":true,"href":"https:\/\/diariodominicano.com\/index.php?rest_route=%2Fwp%2Fv2%2Fcomments&post=322517"}],"version-history":[{"count":2,"href":"https:\/\/diariodominicano.com\/index.php?rest_route=\/wp\/v2\/posts\/322517\/revisions"}],"predecessor-version":[{"id":322524,"href":"https:\/\/diariodominicano.com\/index.php?rest_route=\/wp\/v2\/posts\/322517\/revisions\/322524"}],"wp:featuredmedia":[{"embeddable":true,"href":"https:\/\/diariodominicano.com\/index.php?rest_route=\/wp\/v2\/media\/322518"}],"wp:attachment":[{"href":"https:\/\/diariodominicano.com\/index.php?rest_route=%2Fwp%2Fv2%2Fmedia&parent=322517"}],"wp:term":[{"taxonomy":"category","embeddable":true,"href":"https:\/\/diariodominicano.com\/index.php?rest_route=%2Fwp%2Fv2%2Fcategories&post=322517"},{"taxonomy":"post_tag","embeddable":true,"href":"https:\/\/diariodominicano.com\/index.php?rest_route=%2Fwp%2Fv2%2Ftags&post=322517"}],"curies":[{"name":"wp","href":"https:\/\/api.w.org\/{rel}","templated":true}]}}