{"id":32251,"date":"2019-10-30T12:16:29","date_gmt":"2019-10-30T12:16:29","guid":{"rendered":"http:\/\/diariodominicano.ddns.net\/?p=32251"},"modified":"2019-10-30T12:16:29","modified_gmt":"2019-10-30T12:16:29","slug":"autoridades-diplomaticas-y-consulares-organizan-conferencia-cero-trato-con-la-trata","status":"publish","type":"post","link":"https:\/\/diariodominicano.com\/?p=32251","title":{"rendered":"Autoridades diplom\u00e1ticas y consulares organizan conferencia \u00abCero trato con la Trata\u00bb"},"content":{"rendered":"<p><body><\/p>\n<p><img decoding=\"async\" src=\"img3\/sv3.jpg\" \/><br \/><img decoding=\"async\" src=\"img3\/sv2.jpg\" \/>  <\/p>\n<p>Por Olmedo Pineda<\/p>\n<\/p>\n<p>ZURICH.- Con la presencia de Rafael Hern\u00e1ndez, Consulado General de la Rep\u00fablica Dominicana en Zurich y Alfonsina Nicasio ministra  consejera en representaci\u00f3n del embajador Julio Sim\u00f3n Casta\u00f1o, de la Embajada Dominicana en Suiza, se llev\u00f3 a cabo la conferencia \u00abCero trato con la Trata\u00bb.<\/p>\n<\/p>\n<p>Nicasio ministra consejera de dicha embajada, dict\u00f3 la conferencia contra el delito de la trata de personas con el objetivo de sensibilizar nuestra di\u00e1spora en Suiza. \u00abCero Trato con la Trata\u00bb.<\/p>\n<\/p>\n<p>Rafael Hern\u00e1ndez c\u00f3nsul general en Suiza estuvo presente en dicho evento de mano con la comunidad dominicana aportando las facilidades disponibles y estrategias que desarrollan la OIM y FIZ en Suiza para ayudar a los migrantes que son v\u00edctimas del tr\u00e1fico ilegal, abuso laboral, sexual.<\/p>\n<\/p>\n<p>La alianza est\u00e1 fundamentada  estrat\u00e9gicamente entre la Organizaci\u00f3n Internacional para las Migraciones OIM, La ONG FIZ , la Embajada de Rep\u00fablica Dominicana en Suiza y el Consulado General Dominicano en Zurich, con la finalidad de ayudar a la di\u00e1spora dominicana en el pa\u00eds Helv\u00e9tico quienes organizaron el pasado domingo 27 de octubre, la conferencia compartida \u00bb Cero Trato con la Trata \u00ab. Esto as\u00ed debido a la planificaci\u00f3n  de la OIM quien organiz\u00f3 todo ese evento, aliado con la embajada y consulado de Suiza.<\/p>\n<\/p>\n<p>La OIM es la Organizaci\u00f3n de Naciones Unidas para las Migraci\u00f3n.<\/p>\n<\/p>\n<p>La conferencia compartida entra dentro del marco del mes de la lucha contra la violencia contra la mujer. Tanto la OIM como FIZ, informaron a los presentes, los programas que ambas organizaciones tiene<\/p>\n<\/p>\n<p>disponibles en Suiza, para ayudar a prevenir el abuso contra ;la mujer migrante, abuso laboral, abuso sexual, contractual, y el tr\u00e1fico de seres humanos en sentido general.<\/p>\n<\/p>\n<p>Agregaron que existen programas de ayuda psicol\u00f3gicas, financiera, y tambi\u00e9n, en conjunto con el estado dominicano, ayudan a repatriar voluntariamente, a todo aquella persona, abusada, que quiera regresar a su pa\u00eds, ayud\u00e1ndolo en su pa\u00eds de origen, a instalar peque\u00f1os negocios, para reinsertarse en la vida productiva de su pa\u00eds.<\/p>\n<\/p>\n<\/p>\n<p>Olmedo Pineda<\/p>\n<p>CDP-SNTP<\/p>\n<h6> 2019-10-30 12:16:29 <\/h6>\n<p><!--\n<link rel=\"stylesheet\" href=\"css\/bootstrap.min.css\">\n\n\n<ul class=\"pagination\">\n\t    \n\t\n\n<li >\n\t<a href='?page_no=1148'>Previous<\/a>\n\t<\/li>\n\n\n       \n    \n\n<li><a href='?page_no=1'>1<\/a><\/li>\n\n\n\n<li><a href='?page_no=2'>2<\/a><\/li>\n\n\n\n<li><a>...<\/a><\/li>\n\n\n\n<li><a href='?page_no=1147'>1147<\/a><\/li>\n\n\n\n<li><a href='?page_no=1148'>1148<\/a><\/li>\n\n\n\n<li class='active'><a>1149<\/a><\/li>\n\n\n\n<li><a href='?page_no=1150'>1150<\/a><\/li>\n\n\n\n<li><a href='?page_no=1151'>1151<\/a><\/li>\n\n\n\n<li><a>...<\/a><\/li>\n\n\n\n<li><a href='?page_no=1549'>1549<\/a><\/li>\n\n\n\n<li><a href='?page_no=1550'>1550<\/a><\/li>\n\n    \n\t\n\n<li >\n\t<a href='?page_no=1150'>Next<\/a>\n\t<\/li>\n\n\n    \n\n<li><a href='?page_no=1550'>Last &rsaquo;&rsaquo;<\/a><\/li>\n\n<\/ul>\n\n\n--><br \/>\n<\/body><\/p>\n","protected":false},"excerpt":{"rendered":"<p>Por Olmedo Pineda ZURICH.- Con la presencia de Rafael Hern\u00e1ndez, Consulado General de la Rep\u00fablica Dominicana en Zurich y Alfonsina Nicasio ministra consejera en representaci\u00f3n del embajador Julio Sim\u00f3n Casta\u00f1o, de la Embajada Dominicana en Suiza, se llev\u00f3 a cabo la conferencia \u00abCero trato con la Trata\u00bb. Nicasio ministra consejera de dicha embajada, dict\u00f3 la [&hellip;]<\/p>\n","protected":false},"author":3,"featured_media":0,"comment_status":"open","ping_status":"open","sticky":false,"template":"","format":"standard","meta":{"footnotes":""},"categories":[19],"tags":[],"class_list":["post-32251","post","type-post","status-publish","format-standard","hentry","category-mi-voz"],"_links":{"self":[{"href":"https:\/\/diariodominicano.com\/index.php?rest_route=\/wp\/v2\/posts\/32251","targetHints":{"allow":["GET"]}}],"collection":[{"href":"https:\/\/diariodominicano.com\/index.php?rest_route=\/wp\/v2\/posts"}],"about":[{"href":"https:\/\/diariodominicano.com\/index.php?rest_route=\/wp\/v2\/types\/post"}],"author":[{"embeddable":true,"href":"https:\/\/diariodominicano.com\/index.php?rest_route=\/wp\/v2\/users\/3"}],"replies":[{"embeddable":true,"href":"https:\/\/diariodominicano.com\/index.php?rest_route=%2Fwp%2Fv2%2Fcomments&post=32251"}],"version-history":[{"count":0,"href":"https:\/\/diariodominicano.com\/index.php?rest_route=\/wp\/v2\/posts\/32251\/revisions"}],"wp:attachment":[{"href":"https:\/\/diariodominicano.com\/index.php?rest_route=%2Fwp%2Fv2%2Fmedia&parent=32251"}],"wp:term":[{"taxonomy":"category","embeddable":true,"href":"https:\/\/diariodominicano.com\/index.php?rest_route=%2Fwp%2Fv2%2Fcategories&post=32251"},{"taxonomy":"post_tag","embeddable":true,"href":"https:\/\/diariodominicano.com\/index.php?rest_route=%2Fwp%2Fv2%2Ftags&post=32251"}],"curies":[{"name":"wp","href":"https:\/\/api.w.org\/{rel}","templated":true}]}}