{"id":322499,"date":"2022-01-07T23:24:47","date_gmt":"2022-01-08T03:24:47","guid":{"rendered":"http:\/\/diariodominicano.com\/?p=322499"},"modified":"2022-01-07T23:24:47","modified_gmt":"2022-01-08T03:24:47","slug":"colon-descubre-el-rio-yaque-del-norte","status":"publish","type":"post","link":"https:\/\/diariodominicano.com\/?p=322499","title":{"rendered":"Col\u00f3n descubre el r\u00edo Yaque del Norte"},"content":{"rendered":"\n<p><\/p>\n\n\n\n<p>&nbsp;&nbsp;&nbsp;&nbsp; MONTECRISTI, el 8 de enero del a\u00f1o 1493, Crist\u00f3bal Col\u00f3n y su comitiva avistaron el r\u00edo Yaque del Norte, denominado en la \u00e9poca de la colonizaci\u00f3n &nbsp;R\u00edo del Oro.<\/p>\n\n\n\n<p>&nbsp;&nbsp;&nbsp; Crist\u00f3bal Col\u00f3n descubri\u00f3 el Rio del Oro, en la zona de Montecristi, donde hab\u00eda&nbsp; desembarcado el 5 de enero de 1493.<\/p>\n\n\n\n<p>&nbsp;&nbsp;&nbsp; En el momento en que fue descubierto, el R\u00edo del Oro o Yaque del Norte, era navegable.<\/p>\n","protected":false},"excerpt":{"rendered":"<p>&nbsp;&nbsp;&nbsp;&nbsp; MONTECRISTI, el 8 de enero del a\u00f1o 1493, Crist\u00f3bal Col\u00f3n y su comitiva avistaron el r\u00edo Yaque del Norte, denominado en la \u00e9poca de la colonizaci\u00f3n &nbsp;R\u00edo del Oro. &nbsp;&nbsp;&nbsp; Crist\u00f3bal Col\u00f3n descubri\u00f3 el Rio del Oro, en la zona de Montecristi, donde hab\u00eda&nbsp; desembarcado el 5 de enero de 1493. &nbsp;&nbsp;&nbsp; En el [&hellip;]<\/p>\n","protected":false},"author":28,"featured_media":288809,"comment_status":"closed","ping_status":"","sticky":true,"template":"","format":"standard","meta":{"footnotes":""},"categories":[26,27],"tags":[],"class_list":["post-322499","post","type-post","status-publish","format-standard","has-post-thumbnail","hentry","category-efemerides","category-portada"],"_links":{"self":[{"href":"https:\/\/diariodominicano.com\/index.php?rest_route=\/wp\/v2\/posts\/322499","targetHints":{"allow":["GET"]}}],"collection":[{"href":"https:\/\/diariodominicano.com\/index.php?rest_route=\/wp\/v2\/posts"}],"about":[{"href":"https:\/\/diariodominicano.com\/index.php?rest_route=\/wp\/v2\/types\/post"}],"author":[{"embeddable":true,"href":"https:\/\/diariodominicano.com\/index.php?rest_route=\/wp\/v2\/users\/28"}],"replies":[{"embeddable":true,"href":"https:\/\/diariodominicano.com\/index.php?rest_route=%2Fwp%2Fv2%2Fcomments&post=322499"}],"version-history":[{"count":1,"href":"https:\/\/diariodominicano.com\/index.php?rest_route=\/wp\/v2\/posts\/322499\/revisions"}],"predecessor-version":[{"id":322500,"href":"https:\/\/diariodominicano.com\/index.php?rest_route=\/wp\/v2\/posts\/322499\/revisions\/322500"}],"wp:featuredmedia":[{"embeddable":true,"href":"https:\/\/diariodominicano.com\/index.php?rest_route=\/wp\/v2\/media\/288809"}],"wp:attachment":[{"href":"https:\/\/diariodominicano.com\/index.php?rest_route=%2Fwp%2Fv2%2Fmedia&parent=322499"}],"wp:term":[{"taxonomy":"category","embeddable":true,"href":"https:\/\/diariodominicano.com\/index.php?rest_route=%2Fwp%2Fv2%2Fcategories&post=322499"},{"taxonomy":"post_tag","embeddable":true,"href":"https:\/\/diariodominicano.com\/index.php?rest_route=%2Fwp%2Fv2%2Ftags&post=322499"}],"curies":[{"name":"wp","href":"https:\/\/api.w.org\/{rel}","templated":true}]}}