{"id":32249,"date":"2019-10-31T11:24:19","date_gmt":"2019-10-31T11:24:19","guid":{"rendered":"http:\/\/diariodominicano.ddns.net\/?p=32249"},"modified":"2019-10-31T11:24:19","modified_gmt":"2019-10-31T11:24:19","slug":"la-dictadura-chilena-no-pudo-matar-las-esperanzas","status":"publish","type":"post","link":"https:\/\/diariodominicano.com\/?p=32249","title":{"rendered":"La dictadura chilena no pudo matar las esperanzas"},"content":{"rendered":"<p><body><\/p>\n<p><img decoding=\"async\" src=\"img3\/chil1.jpg\" \/>  <\/p>\n<p>18:59:00      Barometro Latinoamericano      <\/p>\n<\/p>\n<p>Por Ernesto Wong Maestre:<\/p>\n<\/p>\n<p>Leyendo los reportes de prensa realizados por los medios de comunicaci\u00f3n sobre la rebeli\u00f3n popular chilena, esos articulados a las redes informativas que cumplen los dictados de los gobiernos de los EE.UU,  se puede constatar tanto la incapacidad de sus periodistas, como tambi\u00e9n las intenciones de sus jefes, para comprender o para hacer creer lo que actualmente est\u00e1 aconteciendo en Chile, en particular cuando hace pocas horas atr\u00e1s la rebeli\u00f3n ha llegado a sumar casi mill\u00f3n y medio de manifestantes de todas las edades en las calles de la capital; en una concentraci\u00f3n considerada la m\u00e1s numerosa de la historia chilena, solo comparable con las efectuadas en apoyo al socialista Salvador Allende, quien ganara la presidencia de Chile en 1970, y luego fuera derrocado en 1973 por el cruento golpe militar encabezado por el general Augusto Pinochet y dirigido desde Washington.<\/p>\n<\/p>\n<p>Pinochet se convirti\u00f3 en el dictador suramericano m\u00e1s sanguinario de la historia y apoyado en las fuerzas armadas.  Asesin\u00f3 y desapareci\u00f3 a miles de personas, incluidos ni\u00f1os y ancianos, e impuso leyes, medidas no escritas, y normas de comportamiento dictatoriales que cercenaron la democracia durante varias d\u00e9cadas. Algunas de ellas siguen  vigentes en el actual gobierno de Sebasti\u00e1n Pi\u00f1era, como es la Constituci\u00f3n de la Rep\u00fablica, por citar solo algunas que siguen limitando la vida democr\u00e1tica, si acaso a elecciones porque ni libre expresi\u00f3n hay en un pa\u00eds donde un alto por ciento de los medios de comunicaci\u00f3n responden a los intereses del capital, y sobre todo de un capital ensangrentado porque gran parte de \u00e9l se origin\u00f3 desde el reparto y apropiaci\u00f3n de bienes de producci\u00f3n y servicios que la casta militar golpista y sus empresarios aduladores aprovecharon para enriquecerse; el actual presidente entre ellos.<\/p>\n<\/p>\n<p>El dictador que dirigi\u00f3 el gobierno de facto estuvo reprimiendo a la sociedad chilena durante diecisiete a\u00f1os porque es un pueblo que cuando vot\u00f3 mayoritariamente por Allende en 1970 sobrepas\u00f3 la cifra del mill\u00f3n de electores (1.075.016)  y despu\u00e9s de casi cincuenta a\u00f1os, la mayor\u00eda de los que sobrevivieron a la represi\u00f3n o a la muerte natural contin\u00faa decidido a rescatar el ideal socialista y ahora junto a sus hijos ya maduros y nietos que hoy son la mayor\u00eda de los rebelados contra Pi\u00f1era y el sistema pol\u00edtico-econ\u00f3mico. \u00abNo tenemos miedo\u00bb exclaman sin capucha y sin armas, abiertamente ante los y las periodistas, esos jovencitos que ya son verdaderos soldados de la Patria enfrentados a los carabineros de la dictadura. <\/p>\n<\/p>\n<p>Nadie deber\u00eda dudar de la potencialidad de esa fusi\u00f3n de generaciones porque es l\u00f3gico pensar que aquel mill\u00f3n allendista se quintuplic\u00f3, sea dentro como fuera de Chile debido a la emigraci\u00f3n forzada causada por las masacres de Pinochet, y si bien muchas de esas familias emprendieron nuevas vidas, la mayor\u00eda qued\u00f3 residiendo en el pa\u00eds, pendientes y con su cultura chilena, la verdadera del pueblo, que es, como en toda Suram\u00e9rica, de raigambre independentista y por ello democr\u00e1tica.<\/p>\n<\/p>\n<p>Allende tuvo muchas razones cuando avizor\u00f3 que se abrir\u00edan, m\u00e1s temprano que tarde, \u00ablas grandes alamedas\u00bb por donde pasar\u00eda \u00abel hombre nuevo\u00bb, ese que a\u00f1os antes hab\u00eda imaginado Fidel Castro y Che Guevara y que despu\u00e9s en 1979 fue (y es) ideal tambi\u00e9n de la Revoluci\u00f3n Sandinista, e idea clave en la corta vida de Maurice Bishop con su Revoluci\u00f3n de la Nueva Joya en Granada, los cuatro procesos sociales enfocados en el ideal socialista que precedi\u00f3 y fueron objeto de estudio, del Comandante y l\u00edder Hugo Ch\u00e1vez, para iniciar una nueva fase, ahora victoriosa, de la Revoluci\u00f3n Bolivariana que ahora lidera, ejemplarmente, Nicol\u00e1s Maduro. Hoy, en los Andes de los aymaras y los quechuas, donde a\u00f1o tras a\u00f1os rememoran al Che y a Allende se enarbola tambi\u00e9n el ideal del \u00abhombre nuevo\u00bb, liderado por ese ejemplo de ind\u00edgena nuevo llamado Evo Morales.<\/p>\n<\/p>\n<p>Esa fusi\u00f3n de generaciones es el gran proceso humano y social  en el que se dirimir\u00e1n las contradicciones en el siglo XXI y est\u00e1 condicionado ahora por tres procesos, a saber:  a) por una aguda crisis estructural del capitalismo, en tensi\u00f3n con los proyectos nacionales o plurinacionales enfocados al socialismo; b) por un tipo de pol\u00edtica cada d\u00eda m\u00e1s demag\u00f3gica e inmoral de los gobernantes pro capitalistas que es evidenciada con mayor significado social debido a la expansi\u00f3n de las redes sociales, con su correlato de rechazo masivo, y por ello 3) de una conciencia pol\u00edtica de liberaci\u00f3n y emancipaci\u00f3n m\u00e1s profunda y extendida en la ciudadan\u00eda.<\/p>\n<\/p>\n<p>De esa dial\u00e9ctica de las tensiones sociales y pol\u00edticas, como \u00abexpresi\u00f3n concentrada de la econom\u00eda\u00bb surgir\u00e1n, cada a\u00f1o, en cantidades mayores en el mundo, tres tipos de gobiernos: unos enfocados abiertamente al socialismo con fortalecimiento del Estado y presencia de capital privado y del globalizado con diferentes tipos de alianzas; otros con variantes pol\u00edticas socialdem\u00f3cratas como tr\u00e1nsito para contener al capitalismo depredador pero priorizando al capital privado sobre el p\u00fablico; y otros, gobiernos del tipo \u00abliberal\u00bb que como consecuencia de correlaciones de fuerzas entre los poderes de esos estados, mantendr\u00e1n y tratar\u00e1n de prolongar de una u otra forma ?por ahora- el poder de la burgues\u00eda, la que nunca podr\u00e1 asesinar las esperanzas de los pueblos, tal y como lo estamos viviendo ahora, en cada naci\u00f3n en transformaci\u00f3n, con sus particularidades y generalidades, sea en Suram\u00e9rica, Centroam\u00e9rica, Caribe, \u00c1frica del norte, \u00c1frica Central y Meridional, Asia Menor, Europa, Medio Oriente, Norteam\u00e9rica, Eurasia o incluso Australia. <\/p>\n<\/p>\n<p>Aunado a esos tres tipos de gobiernos, se encuentran los restantes, esos que seguir\u00e1n desestructur\u00e1ndose, integrantes del \u00abimperialismo colectivo\u00bb y practicantes asiduos del no reconocimiento social como pol\u00edtica gubernamental, y todo como consecuencia de las tensiones sociales crecientes al interior de sus sociedades y de las tensiones con el entorno regional o global, en lo que est\u00e1 mediando una aceleraci\u00f3n inusitada y diversificada de las comunicaciones, y en las que cada d\u00eda intervienen m\u00e1s millones de seres, de esos siete mil millones que hoy conforman la esperanzadora humanidad, m\u00e1s confuciana, roussoniana y bolivariana que hobbesiana o durkheimana, y por ello predominando el ideal del destino com\u00fan y de los beneficios compartidos.<\/p>\n<\/p>\n<p>De manera que la fusi\u00f3n de generaciones imbuidas de un ideal com\u00fan y decididas a transformar la sociedad y las relaciones con su entorno no es un resultado evolucionista sino la expresi\u00f3n de un proceso de desarrollo en que ellas llegan al punto de \u00abno retorno\u00bb aunque no exenta de contradicciones tripolares, o al momento de evitar a toda costa y bajo cualquier peligro de que no les maten las esperanzas quienes, por a\u00f1os, injustamente, no les han reconocido sus anhelos y sus derechos.   <\/p>\n<\/p>\n<p>wongmaestre@gmail.com<\/p>\n<h6> 2019-10-31 11:24:19 <\/h6>\n<p><!--\n<link rel=\"stylesheet\" href=\"css\/bootstrap.min.css\">\n\n\n<ul class=\"pagination\">\n\t    \n\t\n\n<li >\n\t<a href='?page_no=1146'>Previous<\/a>\n\t<\/li>\n\n\n       \n    \n\n<li><a href='?page_no=1'>1<\/a><\/li>\n\n\n\n<li><a href='?page_no=2'>2<\/a><\/li>\n\n\n\n<li><a>...<\/a><\/li>\n\n\n\n<li><a href='?page_no=1145'>1145<\/a><\/li>\n\n\n\n<li><a href='?page_no=1146'>1146<\/a><\/li>\n\n\n\n<li class='active'><a>1147<\/a><\/li>\n\n\n\n<li><a href='?page_no=1148'>1148<\/a><\/li>\n\n\n\n<li><a href='?page_no=1149'>1149<\/a><\/li>\n\n\n\n<li><a>...<\/a><\/li>\n\n\n\n<li><a href='?page_no=1549'>1549<\/a><\/li>\n\n\n\n<li><a href='?page_no=1550'>1550<\/a><\/li>\n\n    \n\t\n\n<li >\n\t<a href='?page_no=1148'>Next<\/a>\n\t<\/li>\n\n\n    \n\n<li><a href='?page_no=1550'>Last &rsaquo;&rsaquo;<\/a><\/li>\n\n<\/ul>\n\n\n--><br \/>\n<\/body><\/p>\n","protected":false},"excerpt":{"rendered":"<p>18:59:00 Barometro Latinoamericano Por Ernesto Wong Maestre: Leyendo los reportes de prensa realizados por los medios de comunicaci\u00f3n sobre la rebeli\u00f3n popular chilena, esos articulados a las redes informativas que cumplen los dictados de los gobiernos de los EE.UU, se puede constatar tanto la incapacidad de sus periodistas, como tambi\u00e9n las intenciones de sus jefes, [&hellip;]<\/p>\n","protected":false},"author":3,"featured_media":0,"comment_status":"open","ping_status":"open","sticky":false,"template":"","format":"standard","meta":{"footnotes":""},"categories":[19],"tags":[],"class_list":["post-32249","post","type-post","status-publish","format-standard","hentry","category-mi-voz"],"_links":{"self":[{"href":"https:\/\/diariodominicano.com\/index.php?rest_route=\/wp\/v2\/posts\/32249","targetHints":{"allow":["GET"]}}],"collection":[{"href":"https:\/\/diariodominicano.com\/index.php?rest_route=\/wp\/v2\/posts"}],"about":[{"href":"https:\/\/diariodominicano.com\/index.php?rest_route=\/wp\/v2\/types\/post"}],"author":[{"embeddable":true,"href":"https:\/\/diariodominicano.com\/index.php?rest_route=\/wp\/v2\/users\/3"}],"replies":[{"embeddable":true,"href":"https:\/\/diariodominicano.com\/index.php?rest_route=%2Fwp%2Fv2%2Fcomments&post=32249"}],"version-history":[{"count":0,"href":"https:\/\/diariodominicano.com\/index.php?rest_route=\/wp\/v2\/posts\/32249\/revisions"}],"wp:attachment":[{"href":"https:\/\/diariodominicano.com\/index.php?rest_route=%2Fwp%2Fv2%2Fmedia&parent=32249"}],"wp:term":[{"taxonomy":"category","embeddable":true,"href":"https:\/\/diariodominicano.com\/index.php?rest_route=%2Fwp%2Fv2%2Fcategories&post=32249"},{"taxonomy":"post_tag","embeddable":true,"href":"https:\/\/diariodominicano.com\/index.php?rest_route=%2Fwp%2Fv2%2Ftags&post=32249"}],"curies":[{"name":"wp","href":"https:\/\/api.w.org\/{rel}","templated":true}]}}