{"id":322487,"date":"2022-01-07T22:50:55","date_gmt":"2022-01-08T02:50:55","guid":{"rendered":"http:\/\/diariodominicano.com\/?p=322487"},"modified":"2022-01-07T22:51:34","modified_gmt":"2022-01-08T02:51:34","slug":"lewandowski-messi-y-salah-finalistas-al-premio-fifa-the-best","status":"publish","type":"post","link":"https:\/\/diariodominicano.com\/?p=322487","title":{"rendered":"Lewandowski, Messi y Salah finalistas al premio FIFA The BEST"},"content":{"rendered":"\n<p>Zurich, Suiza, 7 ene (Prensa Latina) Los delanteros Robert Lewandowski (Bayern M\u00fanich), Lionel Messi (Par\u00eds Saint Germain) y Mohamed Salah (Liverpool), fueron anunciados hoy como los finalistas al premio The Best 2021 de la Federaci\u00f3n Internacional de Asociaciones de F\u00fatbol (FIFA).<\/p>\n\n\n\n<ul class=\"wp-block-list\"><li>enero 7, 2022<\/li><li>CST13:48 (GMT) -0500<\/li><\/ul>\n\n\n\n<p>Lewandowski, quien ostenta el t\u00edtulo de campe\u00f3n en la Bundesliga alemana, adem\u00e1s de implantar el r\u00e9cord de goleo para esa competencia en el per\u00edodo que se eval\u00faa, se alza como un serio aspirante a conseguir el trofeo.<\/p>\n\n\n\n<p><\/p>\n\n\n\n<p>El delantero argentino Lionel Messi, recientemente galardonado con el Bal\u00f3n de Oro, s\u00e9ptimo de su carrera, exhibe en su palmar\u00e9s el liderato de goles en la LaLiga espa\u00f1ola y el t\u00edtulo de la Copa Am\u00e9rica como argumentos de peso para llevarse el premio.<\/p>\n\n\n\n<p>Mientras que el egipcio Mohamed Salah llega a la votaci\u00f3n final tras una temporada impresionante, su cuarta al hilo con al menos 35 goles producidos para el Liverpool y el t\u00edtulo de la Liga Premier.<\/p>\n\n\n\n<p>Para elegir al ganador del premio los capitanes y seleccionadores nacionales de los pa\u00edses miembros de la FIFA, emiten un voto en el que otorgan cinco puntos al ganador, tres al segundo lugar y uno al tercero.<\/p>\n\n\n\n<p>Entre las damas tres finalistas optan por el premio, son ellas Jennifer Hermoso (Espa\u00f1a \/ FC Barcelona), Sam Kerr (Australia\/Chelsea FC) y Alexia Putellas (Espa\u00f1a\/FC Barcelona.<\/p>\n\n\n\n<p>rgh\/arp<\/p>\n","protected":false},"excerpt":{"rendered":"<p>Zurich, Suiza, 7 ene (Prensa Latina) Los delanteros Robert Lewandowski (Bayern M\u00fanich), Lionel Messi (Par\u00eds Saint Germain) y Mohamed Salah (Liverpool), fueron anunciados hoy como los finalistas al premio The Best 2021 de la Federaci\u00f3n Internacional de Asociaciones de F\u00fatbol (FIFA). enero 7, 2022 CST13:48 (GMT) -0500 Lewandowski, quien ostenta el t\u00edtulo de campe\u00f3n en [&hellip;]<\/p>\n","protected":false},"author":28,"featured_media":322490,"comment_status":"closed","ping_status":"","sticky":true,"template":"","format":"standard","meta":{"footnotes":""},"categories":[17,27],"tags":[],"class_list":["post-322487","post","type-post","status-publish","format-standard","has-post-thumbnail","hentry","category-deportes","category-portada"],"_links":{"self":[{"href":"https:\/\/diariodominicano.com\/index.php?rest_route=\/wp\/v2\/posts\/322487","targetHints":{"allow":["GET"]}}],"collection":[{"href":"https:\/\/diariodominicano.com\/index.php?rest_route=\/wp\/v2\/posts"}],"about":[{"href":"https:\/\/diariodominicano.com\/index.php?rest_route=\/wp\/v2\/types\/post"}],"author":[{"embeddable":true,"href":"https:\/\/diariodominicano.com\/index.php?rest_route=\/wp\/v2\/users\/28"}],"replies":[{"embeddable":true,"href":"https:\/\/diariodominicano.com\/index.php?rest_route=%2Fwp%2Fv2%2Fcomments&post=322487"}],"version-history":[{"count":3,"href":"https:\/\/diariodominicano.com\/index.php?rest_route=\/wp\/v2\/posts\/322487\/revisions"}],"predecessor-version":[{"id":322491,"href":"https:\/\/diariodominicano.com\/index.php?rest_route=\/wp\/v2\/posts\/322487\/revisions\/322491"}],"wp:featuredmedia":[{"embeddable":true,"href":"https:\/\/diariodominicano.com\/index.php?rest_route=\/wp\/v2\/media\/322490"}],"wp:attachment":[{"href":"https:\/\/diariodominicano.com\/index.php?rest_route=%2Fwp%2Fv2%2Fmedia&parent=322487"}],"wp:term":[{"taxonomy":"category","embeddable":true,"href":"https:\/\/diariodominicano.com\/index.php?rest_route=%2Fwp%2Fv2%2Fcategories&post=322487"},{"taxonomy":"post_tag","embeddable":true,"href":"https:\/\/diariodominicano.com\/index.php?rest_route=%2Fwp%2Fv2%2Ftags&post=322487"}],"curies":[{"name":"wp","href":"https:\/\/api.w.org\/{rel}","templated":true}]}}