{"id":32248,"date":"2019-10-31T11:27:41","date_gmt":"2019-10-31T11:27:41","guid":{"rendered":"http:\/\/diariodominicano.ddns.net\/?p=32248"},"modified":"2019-10-31T11:27:41","modified_gmt":"2019-10-31T11:27:41","slug":"chile-abriendo-las-grandes-alamedas","status":"publish","type":"post","link":"https:\/\/diariodominicano.com\/?p=32248","title":{"rendered":"Chile Abriendo las grandes Alamedas"},"content":{"rendered":"<p><body><\/p>\n<p><img decoding=\"async\" src=\"img3\/chil2.jpg\" \/>  <\/p>\n<p>18:36:00      Barometro Latinoamericano      <\/p>\n<\/p>\n<p>Por Eduardo Contreras:<\/p>\n<\/p>\n<p>Hasta la prensa m\u00e1s reaccionaria de Chile, \u00abEl Mercurio\u00bb, \u00abLa Tercera\u00bb y otros, as\u00ed como los medios televisivos y radiales del m\u00e1s variado espectro, han debido reconocer que las manifestaciones de protesta en curso del pueblo chileno son las m\u00e1s grandes registradas en toda su historia. No pueden ocultarlo. Un hecho reconocido por todos es que el viernes 25 de octubre fueron m\u00e1s de 2 millones de personas las que desfilaron por el centro de Santiago mientras en provincias se registraban a la par las demostraciones m\u00e1s entusiastas y masivas de todos los tiempos, hasta en pueblos peque\u00f1os.<\/p>\n<\/p>\n<p>Es la inmensa mayor\u00eda del pueblo chileno la que est\u00e1 en pie de lucha protestando por lo esencial: la mantenci\u00f3n del modelo econ\u00f3mico y social privatizador y expoliador de los derechos fundamentales de la ciudadan\u00eda impuesto por la dictadura de Pinochet sobre la base de miles y miles de asesinados, detenidos desaparecidos, torturados, prisioneros, exiliados, a partir de septiembre de 1973.<\/p>\n<\/p>\n<p>Un modelo que todos los gobiernos posteriores, aunque democr\u00e1ticamente electos, no han modificado en lo esencial. Tanto es as\u00ed que Chile contin\u00faa rigi\u00e9ndose por la Constituci\u00f3n Pol\u00edtica impuesta precisamente por la dictadura y que s\u00f3lo ha tenido leves modificaciones que no van al fondo del problema.<\/p>\n<\/p>\n<p>\u00bfY cu\u00e1l es el fondo del problema? \u00bfPor qu\u00e9 lucha hoy el pueblo? \u00bfPor qu\u00e9 el tema constitucional est\u00e1 en el centro de sus demandas?<\/p>\n<\/p>\n<p>Porque esa ley suprema de la sociedad chilena que es la constituci\u00f3n pinochetista consagra un modelo econ\u00f3mico que en los hechos termin\u00f3 con el rol del Estado en materias esenciales para entreg\u00e1rselas al sector privado y transformar entonces los derechos esenciales de las personas en meros negocios de un peque\u00f1o grupo de empresarios chilenos y a empresas extranjeras.<\/p>\n<\/p>\n<p>En Chile hace 46 a\u00f1os que se privatiz\u00f3 la Salud, la Previsi\u00f3n Social, la Educaci\u00f3n, el Transporte y las grandes empresas estatales, como Soquimich, entregada a un yerno de Pinochet. El Estado no tiene los recursos necesarios para resolver los grandes problemas de la gente y nadie se atreve a tocar a los privados. Eso no est\u00e1 en el imaginario de los gobernantes, son intocables.<\/p>\n<\/p>\n<p>Un ejemplo claro es la \u00abagenda social\u00bb con la que respondi\u00f3 Pi\u00f1era, s\u00f3lo un par de migajas, \u00a1\u00a1ah!! Pero sin tocar un centavo de los grandes empresarios. Obviamente el sujeto no est\u00e1 a la altura de los acontecimientos. Deteng\u00e1monos un momento en esto.<\/p>\n<\/p>\n<p>Principal orador en los actos en defensa de Pinochet cuando el dictador estaba arrestado en Londres, constituye una verg\u00fcenza para chilenas y chilenos haber elegido en dos oportunidades como presidente de la Rep\u00fablica a un individuo como \u00e9ste que registra una orden de detenci\u00f3n y su calidad de pr\u00f3fugo por el delito de estafa al Banco de Talca, que fue el origen de su fortuna, hoy estratosf\u00e9rica. Si alguien duda, puede ya buscar su historia en Google y hay copias del expediente judicial.<\/p>\n<\/p>\n<p>Un personaje as\u00ed no tiene altura para enfrentar situaciones como las que se viven y, si tuviera un m\u00ednimo de honestidad, que no parece ser el caso, debiera renunciar al cargo, ya ahora y dar paso a convocar a nuevas elecciones. Habr\u00e1 acusaci\u00f3n constitucional en su contra.<\/p>\n<\/p>\n<p>Su respuesta real ha sido la violencia brutal. Muertos, desaparecidos, torturados, prisioneros ilegales marcan estos d\u00edas y hacen recordar otros hechos que suele olvidarse y es que estricto rigor la historia de Chile est\u00e1 signada por la violencia, las masacres contra el pueblo. Desde el nacimiento de la rep\u00fablica y hasta hoy son decenas y decenas de sucesos funestos en que la burgues\u00eda gobernante ? usando como hoy a militares y carabineros &#8211; ha dado muertes a miles de hombres y mujeres de la patria de todas las edades. Desde luego vienen a la memoria las masacres de comienzos del siglo pasado en el norte, aunque todo ese horror habr\u00eda de ser dolorosamente mayor con Pinochet.<\/p>\n<\/p>\n<p>No est\u00e1 de m\u00e1s se\u00f1alar que a los mandos de las FFAA y Carabineros la convulsi\u00f3n social en que sus tropas participan brutalmente de alg\u00fan modo les ayuda a que pasen a segundo plano los procesos judiciales por estafas y latrocinios que hoy afectan a varios de sus ex jefes superiores. Ni est\u00e1 de m\u00e1s se\u00f1alar que la violencia haya sido claramente m\u00e1s dura y sostenida en contra de dirigentes pol\u00edticos y sociales, en especial en contra de dirigentes adultos y juveniles que son reconocidos como militantes comunistas. Hay varios y claros ejemplos de lo que denunciamos.<\/p>\n<\/p>\n<p>En este contexto y a la luz de la realidad del actual gobierno, no deja de llamar la atenci\u00f3n que Chile sea sede de eventos internacionales y que alguna vez se haya dicho que \u00e9ste era un pa\u00eds de bienestar econ\u00f3mico. Eso es enteramente falso. Como ha dicho con raz\u00f3n la Facultad de Ciencias F\u00edsicas y Matem\u00e1ticas de la Universidad de Chile, que es sin duda una instituci\u00f3n fundamental de la Rep\u00fablica, \u00abaun cuando nuestro pa\u00eds ha tenido un significativo desarrollo material en las \u00faltimas d\u00e9cadas, \u00e9ste ha venido acompa\u00f1ado de niveles crecientes de desigualdad, abuso de privilegios, segregaci\u00f3n e injusticia, que han motivado el profundo malestar que se expresa en esta crisis.\u00bb<\/p>\n<\/p>\n<p>As\u00ed es en efecto, y como se\u00f1alaron en su art\u00edculo \u00abLa Propaganda Enga\u00f1osa sobre Chile. Agotamiento Relativo del Capitalismo Neoliberal\u00bb escrito por los economistas Graciela Galarce y Orlando Caputo en el a\u00f1o 2011, \u00abLas estad\u00edsticas oficiales muestran que Chile creci\u00f3 7,8% en el per\u00edodo 1987-1997. En los \u00faltimos 12 a\u00f1os (1998-2009) ha tenido un crecimiento de s\u00f3lo 3,2%.  Sin considerar la crisis de 2009, el crecimiento 1998-2008 fue de s\u00f3lo de 3,7%. \u00aby agregaron \u00abCon cifras oficiales mostraremos tambi\u00e9n que Chile tiene una de las peores distribuciones del ingreso del mundo y niveles de pobreza que superan el 30%, porcentaje 50% mayor a los niveles de pobreza previa y durante el gobierno de Allende. Es decir, una pobreza mucho mayor en el modelo neoliberal del desarrollo hacia afuera que en el modelo de desarrollo hacia adentro\u00bb.<\/p>\n<\/p>\n<p>Y concluyeron se\u00f1alando que: \u00abUna verdad cient\u00edfica incontrarrestable pero que el control de los medios de comunicaci\u00f3n y las mentiras sobre la econom\u00eda chilena de economistas, autoridades internacionales y de m\u00e1ximas autoridades de Israel y de Estados Unidos se encargan de ocultar\u00bb. En rigor el llamado \u00abcrecimiento econ\u00f3mico\u00bb del pa\u00eds s\u00f3lo guarda relaci\u00f3n con las fabulosas ganancias de las grandes empresas por m\u00e1s que se trate de disfrazar la verdad.<\/p>\n<\/p>\n<p>El movimiento actual estalla por el alza del pasaje del Metro, pero el fondo de su proyecci\u00f3n va mucho m\u00e1s all\u00e1 y expresa un malestar contenido durante ya muchos a\u00f1os y dice relaci\u00f3n con el sistema de vida en su conjunto,<\/p>\n<\/p>\n<p>Es cierto que el movimiento carece de una direcci\u00f3n \u00fanica y que es tarea de las organizaciones pol\u00edticas y sociales asumir el compromiso de encausar la hermosa lucha en funci\u00f3n de lograr objetivos reales. Es la tarea del momento de la Izquierda chilena. Pero claro est\u00e1 ya la prensa de derecha recoge denuncias del gobierno norteamericano en el sentido que hay fuerzas y personajes de pa\u00edses extranjeros que estar\u00edan dirigiendo el movimiento en Chile. Habr\u00e1 que poner atenci\u00f3n a todo tipo de provocaciones que tienden a abortar con violencia este hist\u00f3rico proceso.<\/p>\n<\/p>\n<p>El pueblo entre tanto recoge en sus luchas la hermosa herencia de los que dieron su vida por el bienestar de todos.  No es casual, por ejemplo, que en Chile y el exterior, todos los d\u00edas conozcamos de actividades en que en el centro est\u00e1 la interpretaci\u00f3n de canciones del gran V\u00edctor Jara horrorosamente torturado y asesinado por la dictadura de la derecha chilena. Su exigencia del \u00abDerecho a Vivir en Paz\u00bb est\u00e1 permanentemente presente. Ni es casual que el grito central de las manifestaciones es el mismo de varias decenas de a\u00f1os y desde antes de la dictadura: \u00bb El pueblo unido jam\u00e1s ser\u00e1 vencido\u00bb<\/p>\n<\/p>\n<p>Es decir que pese al cambio generacional hay principios unitarios que siguen orientando al clamor popular. Bien lo sab\u00eda el propio presidente Salvador Allende cuando nos dijo en sus palabras finales, que \u00abPuesto en un tr\u00e1nsito hist\u00f3rico, pagar\u00e9 con mi vida la lealtad al pueblo. La historia es nuestra y la hacen los pueblos. Trabajadores de mi patria, tengo fe en Chile y su destino.<\/p>\n<\/p>\n<p>Superar\u00e1n otros hombres este momento gris y amargo en que la traici\u00f3n parece imponerse. Sigan ustedes sabiendo que m\u00e1s temprano que tarde se abrir\u00e1n las grandes alamedas para que pase el hombre libre para constru\u00edr una sociedad mejor\u00bb.<\/p>\n<\/p>\n<p>Eso y no otra cosa es lo que ha empezado a suceder en Chile y estas grandes batallas dar\u00e1n sus frutos en d\u00edas ya no tan lejanos. La unidad y la combatividad que hoy apreciamos llega para quedarse y con esos valores y la solidaridad internacional todo es posible. Ahora o muy pronto.<\/p>\n<\/p>\n<p>eduardocontreras2@gmail.com<\/p>\n<h6> 2019-10-31 11:27:41 <\/h6>\n<p><!--\n<link rel=\"stylesheet\" href=\"css\/bootstrap.min.css\">\n\n\n<ul class=\"pagination\">\n\t    \n\t\n\n<li >\n\t<a href='?page_no=1145'>Previous<\/a>\n\t<\/li>\n\n\n       \n    \n\n<li><a href='?page_no=1'>1<\/a><\/li>\n\n\n\n<li><a href='?page_no=2'>2<\/a><\/li>\n\n\n\n<li><a>...<\/a><\/li>\n\n\n\n<li><a href='?page_no=1144'>1144<\/a><\/li>\n\n\n\n<li><a href='?page_no=1145'>1145<\/a><\/li>\n\n\n\n<li class='active'><a>1146<\/a><\/li>\n\n\n\n<li><a href='?page_no=1147'>1147<\/a><\/li>\n\n\n\n<li><a href='?page_no=1148'>1148<\/a><\/li>\n\n\n\n<li><a>...<\/a><\/li>\n\n\n\n<li><a href='?page_no=1549'>1549<\/a><\/li>\n\n\n\n<li><a href='?page_no=1550'>1550<\/a><\/li>\n\n    \n\t\n\n<li >\n\t<a href='?page_no=1147'>Next<\/a>\n\t<\/li>\n\n\n    \n\n<li><a href='?page_no=1550'>Last &rsaquo;&rsaquo;<\/a><\/li>\n\n<\/ul>\n\n\n--><br \/>\n<\/body><\/p>\n","protected":false},"excerpt":{"rendered":"<p>18:36:00 Barometro Latinoamericano Por Eduardo Contreras: Hasta la prensa m\u00e1s reaccionaria de Chile, \u00abEl Mercurio\u00bb, \u00abLa Tercera\u00bb y otros, as\u00ed como los medios televisivos y radiales del m\u00e1s variado espectro, han debido reconocer que las manifestaciones de protesta en curso del pueblo chileno son las m\u00e1s grandes registradas en toda su historia. No pueden ocultarlo. [&hellip;]<\/p>\n","protected":false},"author":3,"featured_media":0,"comment_status":"open","ping_status":"open","sticky":false,"template":"","format":"standard","meta":{"footnotes":""},"categories":[19],"tags":[],"class_list":["post-32248","post","type-post","status-publish","format-standard","hentry","category-mi-voz"],"_links":{"self":[{"href":"https:\/\/diariodominicano.com\/index.php?rest_route=\/wp\/v2\/posts\/32248","targetHints":{"allow":["GET"]}}],"collection":[{"href":"https:\/\/diariodominicano.com\/index.php?rest_route=\/wp\/v2\/posts"}],"about":[{"href":"https:\/\/diariodominicano.com\/index.php?rest_route=\/wp\/v2\/types\/post"}],"author":[{"embeddable":true,"href":"https:\/\/diariodominicano.com\/index.php?rest_route=\/wp\/v2\/users\/3"}],"replies":[{"embeddable":true,"href":"https:\/\/diariodominicano.com\/index.php?rest_route=%2Fwp%2Fv2%2Fcomments&post=32248"}],"version-history":[{"count":0,"href":"https:\/\/diariodominicano.com\/index.php?rest_route=\/wp\/v2\/posts\/32248\/revisions"}],"wp:attachment":[{"href":"https:\/\/diariodominicano.com\/index.php?rest_route=%2Fwp%2Fv2%2Fmedia&parent=32248"}],"wp:term":[{"taxonomy":"category","embeddable":true,"href":"https:\/\/diariodominicano.com\/index.php?rest_route=%2Fwp%2Fv2%2Fcategories&post=32248"},{"taxonomy":"post_tag","embeddable":true,"href":"https:\/\/diariodominicano.com\/index.php?rest_route=%2Fwp%2Fv2%2Ftags&post=32248"}],"curies":[{"name":"wp","href":"https:\/\/api.w.org\/{rel}","templated":true}]}}