{"id":32239,"date":"2019-11-06T20:27:51","date_gmt":"2019-11-06T20:27:51","guid":{"rendered":"http:\/\/diariodominicano.ddns.net\/?p=32239"},"modified":"2019-11-06T20:27:51","modified_gmt":"2019-11-06T20:27:51","slug":"brexit-el-juego-debe-terminar","status":"publish","type":"post","link":"https:\/\/diariodominicano.com\/?p=32239","title":{"rendered":"Brexit: El juego debe terminar"},"content":{"rendered":"<p><body><\/p>\n<p><img decoding=\"async\" src=\"img3\/Isidoros555.jpg\" \/>  <\/p>\n<p><strong><span class=\"text1noticias\">Diariodominicano.com<\/span><\/strong><\/p>\n<\/p>\n<p><strong><span class=\"text1noticias\">Isidoros Karderinis <\/span><\/strong><\/p>\n<p><strong> <\/strong><\/p>\n<p><span class=\"text1noticias\">Hace tres a\u00f1os, con el refer\u00e9ndum del 23 de junio de 2016, el pueblo brit\u00e1nico decidi\u00f3 con casi el 52 por ciento y con una participaci\u00f3n del 71.8 por ciento la salida de Gran Breta\u00f1a de la Uni\u00f3n Europea. Este gran resultado fue, sin duda, la primera gran derrota dolorosa para la Uni\u00f3n Europea de bancos y multinacionales, bajo control alem\u00e1n.<\/span><\/p>\n<\/p>\n<p><span class=\"text1noticias\">Sin embargo, la salida de Gran Breta\u00f1a de la Uni\u00f3n Europea, que estaba programada para el 29 de marzo de 2019, despu\u00e9s de que exactamente dos a\u00f1os antes se hubiera activado el art\u00edculo 50 del Tratado de Lisboa, que permite a los estados miembros abandonar la Uni\u00f3n, finalmente no sucedi\u00f3.<\/span><\/p>\n<\/p>\n<p><span class=\"text1noticias\">Este acto de salida, que lamentablemente no tuvo lugar el 31 de octubre de 2019 y durante la grande segunda extension y que liberar\u00e1 a Gran Breta\u00f1a de los grilletes de la Uni\u00f3n Europea, muestra, por un lado, pleno respeto por la voluntad del pueblo brit\u00e1nico y, por otro lado, est\u00e1 en conflicto con quienes lo intentan en varios formas de retrasar o incluso cancelar el orgulloso Brexit.<\/span><\/p>\n<\/p>\n<p><span class=\"text1noticias\">Tras los obst\u00e1culos parlamentarios planteados por los partidos de oposici\u00f3n frente al Brexit y el reciente acuerdo del Primer Ministro Boris Johnson con la Uni\u00f3n Europea, finalmente el Parlamento pudo aprobar su proyecto de ley sobre elecciones parlamentarias anticipadas, que tendr\u00e1n lugar el 12 de diciembre de 2019. Al mismo tiempo, la Uni\u00f3n Europea ha otorgado otra extensi\u00f3n del plazo del Brexit, esta vez hasta el 31 de enero de 2020.<\/span><\/p>\n<\/p>\n<p><span class=\"text1noticias\">Estas elecciones son absolutamente cruciales para poner fin al interminable psicodrama del Brexit. Y esto suceder\u00e1 en el caso de la arrolladora victoria de Boris Johnson y la conquista de la mayor\u00eda<\/span><\/p>\n<p><span class=\"text1noticias\">parlamentaria necesaria, quien as\u00ed podr\u00e1 avanzar con la aprobaci\u00f3n del acuerdo de retirada.<\/span><\/p>\n<\/p>\n<p><span class=\"text1noticias\">Es m\u00e1s que seguro que con Brexit no llegar\u00e1 el fin del mundo para Gran Breta\u00f1a, ya que no sucedi\u00f3 cuando decidi\u00f3 permanecer fuera de la eurozona. Y, como dicen expertos eminentes, la econom\u00eda brit\u00e1nica despu\u00e9s de un corto per\u00edodo problem\u00e1tico se fortalecer\u00e1 significativamente desde un punto de vista competitivo. Por lo tanto, no hay duda para ning\u00fan observador y analista perspicaz de que, a mediano y largo plazo, Gran Breta\u00f1a, que recuperar\u00e1 por completo la capacidad de seguir una pol\u00edtica nacional en todas las \u00e1reas, prosperar\u00e1 afuera de un plan antidemocr\u00e1tico y altamente burocr\u00e1tico en el que Alemania tiene un papel dominante.<\/span><\/p>\n<\/p>\n<p><span class=\"text1noticias\">Sin embargo, los partidarios de la estad\u00eda de Gran Breta\u00f1a en la Uni\u00f3n Europea esencialmente quieren que se anule la voluntad del pueblo brit\u00e1nico y se arroje el refer\u00e9ndum a la basura, cuyo resultado no caus\u00f3 ninguna crisis<\/span><\/p>\n<\/p>\n<p><span class=\"text1noticias\">econ\u00f3mica inmediata, ya que estaban advirtiendo. Entonces siembran miedo y terror al inflar y magnificar cualquier efecto negativo a corto plazo.<\/span><\/p>\n<\/p>\n<p><span class=\"text1noticias\">Sin embargo, el Brexit no solo tendr\u00e1 impactos negativos en Gran  Breta\u00f1a, sino tambi\u00e9n en la Uni\u00f3n Europea. El Brexit, sin duda, amenaza la unidad de la Uni\u00f3n y crea un ejemplo de secesi\u00f3n que otros pa\u00edses probablemente seguir\u00e1n en el futuro (efecto domin\u00f3), mientras que la falta de la contribuci\u00f3n financiera de Gran Breta\u00f1a (alrededor de diez mil millones anuales) afectar\u00e1 significativamente el presupuesto comunitario.<\/span><\/p>\n<\/p>\n<p><span class=\"text1noticias\"> Al mismo tiempo, los principales socios comerciales de Gran Breta\u00f1a (Alemania, Francia, Pa\u00edses Bajos, Italia, Espa\u00f1a y B\u00e9lgica) se ver\u00e1n significativamente afectados, mientras que la Uni\u00f3n Europea en su conjunto dejar\u00e1 de tener la mayor parte del PIB mundial y ser el mayor poder comercial internacional,<\/span><\/p>\n<p><span class=\"text1noticias\">dando su posici\u00f3n a los Estados Unidos y China.<\/span><\/p>\n<\/p>\n<p><span class=\"text1noticias\">El golpe para la Uni\u00f3n Europea desde el Brexit y dada la solidaridad de Estados Unidos que lo acompa\u00f1a y puede ser traducido probablemente en un importante acuerdo comercial bilateral privilegiado entre Gran Breta\u00f1a y Estados Unidos, es mucho m\u00e1s que crucial y puede resultar fatal para la Uni\u00f3n Europea y la eurozona, en un momento en que estos \u00faltimos experimentan una prolongada crisis econ\u00f3mica y pol\u00edtica, que ha ido en aumento \u00faltimamente.<\/span><\/p>\n<\/p>\n<p><span class=\"text1noticias\">Entonces, ante la mayor competencia de poder entre las potencias mundiales (EE. UU., China, Rusia, UE), es m\u00e1s que obvio que el gobierno de Donald Trump y el estado profundo de Estados Unidos han decidido frenar la influencia alemana en el \u00e1rea del campamento occidental y evitar decisivamente la aplicaci\u00f3n de voluntades alemanas en el espacio europeo.<\/span><\/p>\n<\/p>\n<p><span class=\"text1noticias\">La visi\u00f3n de hoy contra la podrida, totalitaria y altamente neoliberal Uni\u00f3n Europea Alemana, que es el experimento m\u00e1s fallido de Uni\u00f3n econ\u00f3mica y pol\u00edtica entre diferentes Estados-Naci\u00f3n en la historia, solo puede ser la cooperaci\u00f3n igualitaria de los pueblos europeos libres y los pa\u00edses democr\u00e1ticos independientes soberanos de un extremo de Europa al otro.<\/span><\/p>\n<\/p>\n<p><span class=\"text1noticias\">Para concluir, me gustar\u00eda enfatizar que nada puede impedir la voluntad del pueblo brit\u00e1nico, que ha sido entrenado durante muchos siglos con las tradiciones democr\u00e1ticas y con los preceptos de libertad e independencia, para liberar a su pa\u00eds de los grilletes de hierro de la Uni\u00f3n Europea. Aquellos que est\u00e1n pidiendo un segundo refer\u00e9ndum para hacer surgir lo que quieren, es decir, chantajear realmente la democracia, tienen que saber que el ganador final ser\u00e1 el pueblo soberano y la decisi\u00f3n que tomaron hace tres a\u00f1os.<\/span><\/p>\n<\/p>\n<p><strong><span class=\"text1noticias\">Curriculum vitae<\/span><\/strong><\/p>\n<p><span class=\"text1noticias\">Isidoros Karderinis naci\u00f3 en Atenas en 1967. Es novelista, poeta y columnista. Ha estudiado econom\u00eda y ha completado estudios de posgrado en la econom\u00eda del turismo. Sus art\u00edculos han sido publicados en peri\u00f3dicos, revistas y sitios de todo el mundo. Sus poemas han sido traducidos al ingl\u00e9s, franc\u00e9s y espa\u00f1ol y publicados en antolog\u00edas po\u00e9ticas, en revistas literarias y secciones literarias de peri\u00f3dicos. Ha publicado siete libros de poes\u00eda y tres novelas. Sus libros han sido publicados en Estados Unidos, Gran Breta\u00f1a, Espa\u00f1a e Italia.<\/span><\/p>\n<p><span class=\"text1noticias\"><strong>E-mail: skarderinis@hotmail.gr<\/strong><\/span><\/p>\n<p><span class=\"text1noticias\"><strong>Facebook: Karderinis Isidoros<\/strong><\/span><\/p>\n<p><span class=\"text1noticias\"><strong>Twitter: isidoros karderinis<\/strong><\/span><\/p>\n<\/p>\n<h6> 2019-11-06 20:27:51 <\/h6>\n<p><!--\n<link rel=\"stylesheet\" href=\"css\/bootstrap.min.css\">\n\n\n<ul class=\"pagination\">\n\t    \n\t\n\n<li >\n\t<a href='?page_no=1137'>Previous<\/a>\n\t<\/li>\n\n\n       \n    \n\n<li><a href='?page_no=1'>1<\/a><\/li>\n\n\n\n<li><a href='?page_no=2'>2<\/a><\/li>\n\n\n\n<li><a>...<\/a><\/li>\n\n\n\n<li><a href='?page_no=1136'>1136<\/a><\/li>\n\n\n\n<li><a href='?page_no=1137'>1137<\/a><\/li>\n\n\n\n<li class='active'><a>1138<\/a><\/li>\n\n\n\n<li><a href='?page_no=1139'>1139<\/a><\/li>\n\n\n\n<li><a href='?page_no=1140'>1140<\/a><\/li>\n\n\n\n<li><a>...<\/a><\/li>\n\n\n\n<li><a href='?page_no=1549'>1549<\/a><\/li>\n\n\n\n<li><a href='?page_no=1550'>1550<\/a><\/li>\n\n    \n\t\n\n<li >\n\t<a href='?page_no=1139'>Next<\/a>\n\t<\/li>\n\n\n    \n\n<li><a href='?page_no=1550'>Last &rsaquo;&rsaquo;<\/a><\/li>\n\n<\/ul>\n\n\n--><br \/>\n<\/body><\/p>\n","protected":false},"excerpt":{"rendered":"<p>Diariodominicano.com Isidoros Karderinis Hace tres a\u00f1os, con el refer\u00e9ndum del 23 de junio de 2016, el pueblo brit\u00e1nico decidi\u00f3 con casi el 52 por ciento y con una participaci\u00f3n del 71.8 por ciento la salida de Gran Breta\u00f1a de la Uni\u00f3n Europea. Este gran resultado fue, sin duda, la primera gran derrota dolorosa para la [&hellip;]<\/p>\n","protected":false},"author":3,"featured_media":0,"comment_status":"open","ping_status":"open","sticky":false,"template":"","format":"standard","meta":{"footnotes":""},"categories":[19],"tags":[],"class_list":["post-32239","post","type-post","status-publish","format-standard","hentry","category-mi-voz"],"_links":{"self":[{"href":"https:\/\/diariodominicano.com\/index.php?rest_route=\/wp\/v2\/posts\/32239","targetHints":{"allow":["GET"]}}],"collection":[{"href":"https:\/\/diariodominicano.com\/index.php?rest_route=\/wp\/v2\/posts"}],"about":[{"href":"https:\/\/diariodominicano.com\/index.php?rest_route=\/wp\/v2\/types\/post"}],"author":[{"embeddable":true,"href":"https:\/\/diariodominicano.com\/index.php?rest_route=\/wp\/v2\/users\/3"}],"replies":[{"embeddable":true,"href":"https:\/\/diariodominicano.com\/index.php?rest_route=%2Fwp%2Fv2%2Fcomments&post=32239"}],"version-history":[{"count":0,"href":"https:\/\/diariodominicano.com\/index.php?rest_route=\/wp\/v2\/posts\/32239\/revisions"}],"wp:attachment":[{"href":"https:\/\/diariodominicano.com\/index.php?rest_route=%2Fwp%2Fv2%2Fmedia&parent=32239"}],"wp:term":[{"taxonomy":"category","embeddable":true,"href":"https:\/\/diariodominicano.com\/index.php?rest_route=%2Fwp%2Fv2%2Fcategories&post=32239"},{"taxonomy":"post_tag","embeddable":true,"href":"https:\/\/diariodominicano.com\/index.php?rest_route=%2Fwp%2Fv2%2Ftags&post=32239"}],"curies":[{"name":"wp","href":"https:\/\/api.w.org\/{rel}","templated":true}]}}