{"id":32237,"date":"2019-11-07T10:40:35","date_gmt":"2019-11-07T10:40:35","guid":{"rendered":"http:\/\/diariodominicano.ddns.net\/?p=32237"},"modified":"2019-11-07T10:40:35","modified_gmt":"2019-11-07T10:40:35","slug":"se-desploma-la-imagen-del-auto-titulado-dictador-sebastian-pinera","status":"publish","type":"post","link":"https:\/\/diariodominicano.com\/?p=32237","title":{"rendered":"Se desploma la imagen del auto titulado dictador Sebasti\u00e1n Pi\u00f1era"},"content":{"rendered":"<p><body><\/p>\n<p><img decoding=\"async\" src=\"img3\/chil12.jpg\" \/>  <\/p>\n<p>20:06:00      Barometro Latinoamericano<\/p>\n<\/p>\n<p>Por Eduardo Andrade Bone:<\/p>\n<\/p>\n<p>Mientras en diversos lugares de Chile a\u00fan se siguen realizando manifestaciones, velatones conversatorios y cabildos abiertos con el objeto de buscar soluciones reales y efectivas a la crisis social, pol\u00edtica y econ\u00f3mica que vive el pa\u00eds, los chilenos se van posesionando de la idea clara, de que el pa\u00eds requiere de una nueva Constituci\u00f3n democr\u00e1tica y representativa de todo los chilenos, adem\u00e1s de un nuevo modelo de desarrollo econ\u00f3mico, que avente definitivamente al neoliberalismo econ\u00f3mico, es que se produce la ca\u00edda en las encuestas de forma estrepitosa de la popularidad del auto titulado nuevo dictador que tiene Chile.<\/p>\n<\/p>\n<p>La baja en las encuestas de Sebasti\u00e1n Pi\u00f1era se produce adem\u00e1s en v\u00edspera del arribo al pa\u00eds, de una comisi\u00f3n investigadoras de la violaci\u00f3n de los derechos humanos de la ONU, con la existencia de un Estado de Excepci\u00f3n, con toque de queda y una brutal represi\u00f3n y con exigencias que puedan aclarar las cifras de personas muertas desde que se aplic\u00f3 el estado de emergencia, el pasado viernes 18 de octubre.<\/p>\n<\/p>\n<p>Si bien el Gobierno de Pi\u00f1era no ha entregado la cifra oficial de fallecidos, las informaciones indican la existencia de 20 las personas que han muerto en la \u00faltima semana, tambi\u00e9n hay denuncias de personas que han desaparecidos en las protestas.<\/p>\n<\/p>\n<p>El Instituto Nacional de Derechos Humanos (INDH), estimo en 437 personas heridas por armas de fuegos en las protestas contra el gobierno de los empresarios. Adem\u00e1s se informa la detenci\u00f3n de 3163 detenidos, 70 querellas de las cuales 15 son por abusos y amenazas sexuales. Es en este contexto que se produce la ca\u00edda de la popularidad de Sebasti\u00e1n Pi\u00f1era.<\/p>\n<\/p>\n<p>Ahora en medio de la crisis social que se vive en el pa\u00eds, de la guerra desatada por Pi\u00f1era contra las manifestaciones contra su gobierno y de los estados de excepci\u00f3n que se dictaron para acallarlas, de all\u00ed que la aprobaci\u00f3n del presidente Pi\u00f1era seg\u00fan la encuesta Cadem cay\u00f3 a un 14 por ciento.<\/p>\n<\/p>\n<p>Lo cierto es que la ca\u00edda ha sido estrepitosa con un subida de un 78% de desaprobaci\u00f3n a la gesti\u00f3n gubernamental de Pi\u00f1era y la derecha chilena, rompiendo un r\u00e9cord desde la aparici\u00f3n de los gobiernos post dictadura, en esta seudo democracia existente en Chile y que tiene al pa\u00eds en una especie de vac\u00edo de poder, con un mandatario secuestrado por su propia ineptitud e incompetencia para administrar el pa\u00eds, en donde y producto de la crisis, algunos piden su renuncia, otros optan por exigir un plebiscito y el pueblo en las calles exige que simplemente se vaya.<\/p>\n<\/p>\n<p>En la consulta de Cadem del 18 de octubre, solo el 29 por ciento de los que han contestado la encuesta aprueba la gesti\u00f3n de Pi\u00f1era, mientras que un 58 por ciento se ha manifestado en contra de la gesti\u00f3n gubernamental del gobierno de los empresarios y Chile Vamos. Tambi\u00e9n llama la atenci\u00f3n de la consulta, es la ca\u00edda de las personas que se sienten identificados con la derecha pinochetista, que en un 40 por cierto se sienten identificados con la coalici\u00f3n Chile Vamos, pero que a ra\u00edz de las protestas podr\u00eda ser a\u00fan menor.<\/p>\n<\/p>\n<p>Otras de las figuras que ha sido condenada por el veredicto ciudadano v\u00eda encuestas, es el actual ministro del Interior y primo del mandatario, Andr\u00e9s Chadwick Pi\u00f1era, que es el responsable directo de la represi\u00f3n y la violaci\u00f3n de los derechos humanos, acontecido bajo el estado de excepci\u00f3n. De all\u00ed que dicho siniestro personaje cuenta con la aprobaci\u00f3n de apenas un 12 por ciento, y la desaprobaci\u00f3n del 80 por ciento. Cabe destacar adem\u00e1s y que producto de la visita de la comisi\u00f3n de DDHH de la ONU todos los fuegos est\u00e1n dirigidos contra esta figura pol\u00edtica que est\u00e1 en el gabinete presidencial producto del nepotismo existente en una buena parte de la elite pol\u00edtica chilena.<\/p>\n<\/p>\n<p>Ahora las principales razones de la ca\u00edda en las encuestas del gobierno de Pi\u00f1era est\u00e1n asociadas a un \u00abmal manejo de las protestas\u00bb y una \u00abmala gesti\u00f3n en general\u00bb, adem\u00e1s que se suele decir que Pi\u00f1era \u00abno escucha a la gente\u00bb, \u00abno cumple sus promesas\u00bb y \u00abque solo protege los intereses de los grandes empresarios y de la \u00e9lite (3%) m\u00e1s rica del pa\u00eds\u00bb.<\/p>\n<\/p>\n<p>La encuesta tambi\u00e9n apunta al gran descontento existente por las \u00abbajas pensiones\u00bb; \u00ablas grandes desigualdades sociales y abusos\u00bb; la p\u00e9sima \u00abgesti\u00f3n en materias como educaci\u00f3n y salud\u00bb; \u00abbajos salarios\u00bb; \u00abelevado costo de los servicios b\u00e1sicos\u00bb; \u00abp\u00e9simo gabinete y asesores\u00bb y \u00abfalta de seguridad ciudadana\u00bb, como los principales motivos de la protesta.<\/p>\n<\/p>\n<p>El sondeo indica adem\u00e1s la fuerte condena de los consultados, un 86 por ciento, a las expresiones presidenciales de que el pa\u00eds est\u00e1 en guerra contra un enemigo muy poderoso, solo un 11 por cierto apoya dichas expresiones. Ahora la respuesta de la gente en la mas grande de las manifestaciones de estos \u00faltimos treinta a\u00f1os, que exhib\u00eda carteles que dec\u00edan que Chile no esta en guerra, simbolizada con una inmensa bandera central con la misma inscripci\u00f3n.<\/p>\n<\/p>\n<p>La consulta tambi\u00e9n refleja que un 49 por ciento manifest\u00f3 estar de acuerdo con el \u00abestado de excepci\u00f3n\u00bb y la presencia militar en las calles para salvaguardar la situaci\u00f3n en las calles, mientras que un 45 por ciento rechaza la medida.  Un 55 por ciento manifiesta estar de acuerdo en que se dictara el toque de queda, mientras que un 43 por ciento se ha manifestado en contra. Sin embargo, algunos juristas del \u00e1mbito de lo Constitucional, las medidas tomadas por Pi\u00f1era han sido ampliamente cuestionadas, las cuales ser\u00edan una seria trasgresi\u00f3n a la actual Constituci\u00f3n del pa\u00eds.<\/p>\n<\/p>\n<p>Ahora el paquete de medidas desesperadas del mandatario chileno para aplacar las protestas, han sido evaluadas como \u00abmal o muy mal\u00bb por el 53 por ciento, que estiman que los anuncios son cambios cosm\u00e9ticos, m\u00e1s de lo mismo y sin soluciones reales y efectivas. En este sentido un 80 por ciento no cree que cumplan con lo que han prometido Pi\u00f1era. Con respecto a las diversas medidas tomadas por el gobierno de la derecha, se refleja que hay una gran exc\u00e9pticidad, manifestada por diversos medios de prensa nacionales, lo que augura una gran incertidumbre al desarrollo de los acontecimientos y las demandas sociales.<\/p>\n<\/p>\n<p>En este sentido y en relaci\u00f3n a las demandas m\u00e1s sentidas del pueblo chileno, cabe destacar que dichas propuestas reivindicativas han estado todas expresadas en las m\u00e1s diversas manifestaciones y protestas, de la cual el gobierno y la elite pol\u00edtica tiene que atender y dar respuestas claras y precisas, de los contrarios el camino se puede precipitar hacia un abismo dif\u00edcil de controlar.<\/p>\n<\/p>\n<p>Lo cierto es que la actual situaci\u00f3n de crisis pol\u00edtica social y con un Pi\u00f1era que se hunde en el fango, junto a su camarilla que lo acompa\u00f1a en su nefasto gobierno de los empresarios, tambi\u00e9n tiene en una gran incertidumbre al conjunto de la elite pol\u00edtica, que se encuentra descolocada y sin propuestas claras para salir de la crisis. <\/p>\n<\/p>\n<p>Finalmente cabe destacar, que lo m\u00e1s relevante de la encuesta Cadem, ante la crisis que vive el pa\u00eds, es que dicha consultora se encuentra alineada ideol\u00f3gicamente con Pi\u00f1era y la derecha chilena y que dicha empresa, es financiada con recursos p\u00fablicos y de forma encubierta por el propio mandatario, de all\u00ed que lo que marcan sus tendencias debe ser digerida, teniendo en cuenta el origen de quienes las realizan.<\/p>\n<\/p>\n<p>aindoamericanap@gmail.com<\/p>\n<h6> 2019-11-07 10:40:35 <\/h6>\n<p><!--\n<link rel=\"stylesheet\" href=\"css\/bootstrap.min.css\">\n\n\n<ul class=\"pagination\">\n\t    \n\t\n\n<li >\n\t<a href='?page_no=1135'>Previous<\/a>\n\t<\/li>\n\n\n       \n    \n\n<li><a href='?page_no=1'>1<\/a><\/li>\n\n\n\n<li><a href='?page_no=2'>2<\/a><\/li>\n\n\n\n<li><a>...<\/a><\/li>\n\n\n\n<li><a href='?page_no=1134'>1134<\/a><\/li>\n\n\n\n<li><a href='?page_no=1135'>1135<\/a><\/li>\n\n\n\n<li class='active'><a>1136<\/a><\/li>\n\n\n\n<li><a href='?page_no=1137'>1137<\/a><\/li>\n\n\n\n<li><a href='?page_no=1138'>1138<\/a><\/li>\n\n\n\n<li><a>...<\/a><\/li>\n\n\n\n<li><a href='?page_no=1549'>1549<\/a><\/li>\n\n\n\n<li><a href='?page_no=1550'>1550<\/a><\/li>\n\n    \n\t\n\n<li >\n\t<a href='?page_no=1137'>Next<\/a>\n\t<\/li>\n\n\n    \n\n<li><a href='?page_no=1550'>Last &rsaquo;&rsaquo;<\/a><\/li>\n\n<\/ul>\n\n\n--><br \/>\n<\/body><\/p>\n","protected":false},"excerpt":{"rendered":"<p>20:06:00 Barometro Latinoamericano Por Eduardo Andrade Bone: Mientras en diversos lugares de Chile a\u00fan se siguen realizando manifestaciones, velatones conversatorios y cabildos abiertos con el objeto de buscar soluciones reales y efectivas a la crisis social, pol\u00edtica y econ\u00f3mica que vive el pa\u00eds, los chilenos se van posesionando de la idea clara, de que el [&hellip;]<\/p>\n","protected":false},"author":3,"featured_media":0,"comment_status":"open","ping_status":"open","sticky":false,"template":"","format":"standard","meta":{"footnotes":""},"categories":[19],"tags":[],"class_list":["post-32237","post","type-post","status-publish","format-standard","hentry","category-mi-voz"],"_links":{"self":[{"href":"https:\/\/diariodominicano.com\/index.php?rest_route=\/wp\/v2\/posts\/32237","targetHints":{"allow":["GET"]}}],"collection":[{"href":"https:\/\/diariodominicano.com\/index.php?rest_route=\/wp\/v2\/posts"}],"about":[{"href":"https:\/\/diariodominicano.com\/index.php?rest_route=\/wp\/v2\/types\/post"}],"author":[{"embeddable":true,"href":"https:\/\/diariodominicano.com\/index.php?rest_route=\/wp\/v2\/users\/3"}],"replies":[{"embeddable":true,"href":"https:\/\/diariodominicano.com\/index.php?rest_route=%2Fwp%2Fv2%2Fcomments&post=32237"}],"version-history":[{"count":0,"href":"https:\/\/diariodominicano.com\/index.php?rest_route=\/wp\/v2\/posts\/32237\/revisions"}],"wp:attachment":[{"href":"https:\/\/diariodominicano.com\/index.php?rest_route=%2Fwp%2Fv2%2Fmedia&parent=32237"}],"wp:term":[{"taxonomy":"category","embeddable":true,"href":"https:\/\/diariodominicano.com\/index.php?rest_route=%2Fwp%2Fv2%2Fcategories&post=32237"},{"taxonomy":"post_tag","embeddable":true,"href":"https:\/\/diariodominicano.com\/index.php?rest_route=%2Fwp%2Fv2%2Ftags&post=32237"}],"curies":[{"name":"wp","href":"https:\/\/api.w.org\/{rel}","templated":true}]}}