{"id":32236,"date":"2019-11-07T12:10:00","date_gmt":"2019-11-07T12:10:00","guid":{"rendered":"http:\/\/diariodominicano.ddns.net\/?p=32236"},"modified":"2019-11-07T12:10:00","modified_gmt":"2019-11-07T12:10:00","slug":"fedodim-condena-violencia-contra-alcaldesa","status":"publish","type":"post","link":"https:\/\/diariodominicano.com\/?p=32236","title":{"rendered":"FEDODIM condena violencia contra alcaldesa"},"content":{"rendered":"<p><body><\/p>\n<p><img decoding=\"async\" src=\"img3\/fedod1.jpg\" \/>  <\/p>\n<p><strong>Diariodominicanmo.com<\/strong><\/p>\n<\/p>\n<p>La Federaci\u00f3n Dominicana de Distritos Municipales (FEDODIM) expres\u00f3 su m\u00e1s en\u00e9rgica condena ante el atropellos a la Alcaldesa de Vinto, Cochabamba-Bolivia, Mar\u00eda Patricia Arce Guzm\u00e1n, quien fue v\u00edctima de agresiones f\u00edsicas y psicol\u00f3gicas, que van en contra de sus derechos humanos, de su dignidad como persona y autoridad local.<\/p>\n<\/p>\n<p>El doctor Pedro Richardson, director ejecutivo de la m\u00e1s grande entidad municipalista dominicana, indic\u00f3 que la solidaridad del gremio se hace extensiva a todos los actores locales que ven afectados sus derechos.<\/p>\n<\/p>\n<p>Record\u00f3 los lazos que unen la municipalidad de Vinto con Fedodim por lo que ese ultraje lo es tambi\u00e9n para todos los hombres y mujeres que en Iberoam\u00e9rica luchamos por la autonom\u00eda local.<\/p>\n<h6> 2019-11-07 12:10:00 <\/h6>\n<p><!--\n<link rel=\"stylesheet\" href=\"css\/bootstrap.min.css\">\n\n\n<ul class=\"pagination\">\n\t    \n\t\n\n<li >\n\t<a href='?page_no=1134'>Previous<\/a>\n\t<\/li>\n\n\n       \n    \n\n<li><a href='?page_no=1'>1<\/a><\/li>\n\n\n\n<li><a href='?page_no=2'>2<\/a><\/li>\n\n\n\n<li><a>...<\/a><\/li>\n\n\n\n<li><a href='?page_no=1133'>1133<\/a><\/li>\n\n\n\n<li><a href='?page_no=1134'>1134<\/a><\/li>\n\n\n\n<li class='active'><a>1135<\/a><\/li>\n\n\n\n<li><a href='?page_no=1136'>1136<\/a><\/li>\n\n\n\n<li><a href='?page_no=1137'>1137<\/a><\/li>\n\n\n\n<li><a>...<\/a><\/li>\n\n\n\n<li><a href='?page_no=1549'>1549<\/a><\/li>\n\n\n\n<li><a href='?page_no=1550'>1550<\/a><\/li>\n\n    \n\t\n\n<li >\n\t<a href='?page_no=1136'>Next<\/a>\n\t<\/li>\n\n\n    \n\n<li><a href='?page_no=1550'>Last &rsaquo;&rsaquo;<\/a><\/li>\n\n<\/ul>\n\n\n--><br \/>\n<\/body><\/p>\n","protected":false},"excerpt":{"rendered":"<p>Diariodominicanmo.com La Federaci\u00f3n Dominicana de Distritos Municipales (FEDODIM) expres\u00f3 su m\u00e1s en\u00e9rgica condena ante el atropellos a la Alcaldesa de Vinto, Cochabamba-Bolivia, Mar\u00eda Patricia Arce Guzm\u00e1n, quien fue v\u00edctima de agresiones f\u00edsicas y psicol\u00f3gicas, que van en contra de sus derechos humanos, de su dignidad como persona y autoridad local. El doctor Pedro Richardson, director [&hellip;]<\/p>\n","protected":false},"author":3,"featured_media":0,"comment_status":"open","ping_status":"open","sticky":false,"template":"","format":"standard","meta":{"footnotes":""},"categories":[19],"tags":[],"class_list":["post-32236","post","type-post","status-publish","format-standard","hentry","category-mi-voz"],"_links":{"self":[{"href":"https:\/\/diariodominicano.com\/index.php?rest_route=\/wp\/v2\/posts\/32236","targetHints":{"allow":["GET"]}}],"collection":[{"href":"https:\/\/diariodominicano.com\/index.php?rest_route=\/wp\/v2\/posts"}],"about":[{"href":"https:\/\/diariodominicano.com\/index.php?rest_route=\/wp\/v2\/types\/post"}],"author":[{"embeddable":true,"href":"https:\/\/diariodominicano.com\/index.php?rest_route=\/wp\/v2\/users\/3"}],"replies":[{"embeddable":true,"href":"https:\/\/diariodominicano.com\/index.php?rest_route=%2Fwp%2Fv2%2Fcomments&post=32236"}],"version-history":[{"count":0,"href":"https:\/\/diariodominicano.com\/index.php?rest_route=\/wp\/v2\/posts\/32236\/revisions"}],"wp:attachment":[{"href":"https:\/\/diariodominicano.com\/index.php?rest_route=%2Fwp%2Fv2%2Fmedia&parent=32236"}],"wp:term":[{"taxonomy":"category","embeddable":true,"href":"https:\/\/diariodominicano.com\/index.php?rest_route=%2Fwp%2Fv2%2Fcategories&post=32236"},{"taxonomy":"post_tag","embeddable":true,"href":"https:\/\/diariodominicano.com\/index.php?rest_route=%2Fwp%2Fv2%2Ftags&post=32236"}],"curies":[{"name":"wp","href":"https:\/\/api.w.org\/{rel}","templated":true}]}}