{"id":32235,"date":"2019-11-08T10:37:42","date_gmt":"2019-11-08T10:37:42","guid":{"rendered":"http:\/\/diariodominicano.ddns.net\/?p=32235"},"modified":"2019-11-08T10:37:42","modified_gmt":"2019-11-08T10:37:42","slug":"espacinsular-publica-guia-para-una-comunicacion-inclusiva","status":"publish","type":"post","link":"https:\/\/diariodominicano.com\/?p=32235","title":{"rendered":"Espacinsular publica gu\u00eda para una comunicaci\u00f3n inclusiva"},"content":{"rendered":"<p><body><\/p>\n<p><img decoding=\"async\" src=\"img3\/guia1.jpg\" \/>  <\/p>\n<p>SANTO DOMINGO- El Espacio de Comunicaci\u00f3n Insular (ESPACINSULAR) puso a la disposici\u00f3n de periodistas, comunicadores y estudiantes de Comunicaci\u00f3n Social la publicaci\u00f3n titulada \u00abGu\u00eda para una Comunicaci\u00f3n Inclusiva: Pautas para un Periodismo de Derechos\u00bb, con la que procura aportar, desde el ejercicio period\u00edstico, a la construcci\u00f3n de una sociedad con menos inequidad y en donde se incentive el buen vivir.<\/p>\n<\/p>\n<p>La publicaci\u00f3n se realiz\u00f3 en el marco del proyecto \u00abPromoci\u00f3n de una cultura democr\u00e1tica, de cero tolerancia al racismo y a la xenofobia en medios de comunicaci\u00f3n\u00bb, y cont\u00f3 con los auspicios de la Asociaci\u00f3n Mundial para la Comunicaci\u00f3n Cristiana (WACC) y de Pan para el Mundo ? Servicio Protestante para el Desarrollo.<\/p>\n<\/p>\n<p>Al presentar la publicaci\u00f3n, el director de ESPACINSULAR, Jos\u00e9 Luis Soto, argument\u00f3 acerca del gran poder que tiene el periodismo. \u00abConsideramos que ese poder debemos ponerlo al servicio de la construcci\u00f3n de una nueva ciudadan\u00eda, de una sociedad basada en el respeto de las personas en igualdad de condiciones. El periodismo inclusivo es una herramienta fundamental en la lucha contra la desigualdad a todos los niveles\u00bb.<\/p>\n<\/p>\n<p>Resalt\u00f3 que Espacio Insular tiene como una de sus l\u00edneas de trabajo la investigaci\u00f3n sobre la comunicaci\u00f3n de derechos, y anunci\u00f3 que a principio de a\u00f1o presentar\u00e1n los resultados de una investigaci\u00f3n sobre prejuicios, discriminaci\u00f3n racial y discurso de odio en la prensa nacional.<\/p>\n<\/p>\n<p>La \u00abGu\u00eda para una Comunicaci\u00f3n Inclusiva: Pautas para un Periodismo de Derechos\u00bb propone una comunicaci\u00f3n que vaya desmontando la discriminaci\u00f3n racial y social, la exclusi\u00f3n de la poblaci\u00f3n con discapacidad y la adulta mayor, as\u00ed como la discriminaci\u00f3n por g\u00e9nero y por la orientaci\u00f3n sexual.<\/p>\n<\/p>\n<p>La publicaci\u00f3n se construy\u00f3 de manera colectiva. Para su realizaci\u00f3n se levant\u00f3 informaci\u00f3n en tres talleres sobre cobertura de derechos humanos e interculturalidad, realizados por ESPACINSULAR en el Distrito Nacional, Santiago y Barahona con la participaci\u00f3n de periodistas en ejercicio y de estudiantes de la carrera de Comunicaci\u00f3n Social.<\/p>\n<\/p>\n<p>Tambi\u00e9n se realizaron entrevistas con profesionales de indiscutida autoridad en los temas abordados, tanto por su formaci\u00f3n y experiencia profesional como testimonial. Las personas entrevistadas fueron Virtudes de la Rosa, del Instituto de G\u00e9nero y Familia de la Universidad Aut\u00f3noma de Santo Domingo; Rosy Pereyra Ariza, geriatra y presidenta del Instituto del Abuelo; Tahira Vargas, antrop\u00f3loga; Leonardo S\u00e1nchez, director ejecutivo de Amigos Siempre Amigos; Yesib\u00f3n Reynoso, activista social y periodista ciudadano, y Pedro Pablo Rosario y Cheily Cruz, comunicadores del Consejo Nacional de Discapacidad (CONADIS).<\/p>\n<\/p>\n<p>La gu\u00eda est\u00e1 disponible en formato digital en el portal http:\/\/www.espacinsular.org\/. Para descargarla gratuitamente acceda al enlace http:\/\/espacinsular.org\/images\/GUIA_PARA_UNA_COMUNICACION_INCLUSIVA_PAUTAS_PARA_UN_PERIODISMO_DE_DERECHOS_PDF.pdf<\/p>\n<\/p>\n<p>Noviembre de 2019.<\/p>\n<\/p>\n<p>&#8212;<\/p>\n<p>Jos\u00e9 Luis Soto R<\/p>\n<h6> 2019-11-08 10:37:42 <\/h6>\n<p><!--\n<link rel=\"stylesheet\" href=\"css\/bootstrap.min.css\">\n\n\n<ul class=\"pagination\">\n\t    \n\t\n\n<li >\n\t<a href='?page_no=1133'>Previous<\/a>\n\t<\/li>\n\n\n       \n    \n\n<li><a href='?page_no=1'>1<\/a><\/li>\n\n\n\n<li><a href='?page_no=2'>2<\/a><\/li>\n\n\n\n<li><a>...<\/a><\/li>\n\n\n\n<li><a href='?page_no=1132'>1132<\/a><\/li>\n\n\n\n<li><a href='?page_no=1133'>1133<\/a><\/li>\n\n\n\n<li class='active'><a>1134<\/a><\/li>\n\n\n\n<li><a href='?page_no=1135'>1135<\/a><\/li>\n\n\n\n<li><a href='?page_no=1136'>1136<\/a><\/li>\n\n\n\n<li><a>...<\/a><\/li>\n\n\n\n<li><a href='?page_no=1549'>1549<\/a><\/li>\n\n\n\n<li><a href='?page_no=1550'>1550<\/a><\/li>\n\n    \n\t\n\n<li >\n\t<a href='?page_no=1135'>Next<\/a>\n\t<\/li>\n\n\n    \n\n<li><a href='?page_no=1550'>Last &rsaquo;&rsaquo;<\/a><\/li>\n\n<\/ul>\n\n\n--><br \/>\n<\/body><\/p>\n","protected":false},"excerpt":{"rendered":"<p>SANTO DOMINGO- El Espacio de Comunicaci\u00f3n Insular (ESPACINSULAR) puso a la disposici\u00f3n de periodistas, comunicadores y estudiantes de Comunicaci\u00f3n Social la publicaci\u00f3n titulada \u00abGu\u00eda para una Comunicaci\u00f3n Inclusiva: Pautas para un Periodismo de Derechos\u00bb, con la que procura aportar, desde el ejercicio period\u00edstico, a la construcci\u00f3n de una sociedad con menos inequidad y en donde [&hellip;]<\/p>\n","protected":false},"author":3,"featured_media":0,"comment_status":"open","ping_status":"open","sticky":false,"template":"","format":"standard","meta":{"footnotes":""},"categories":[19],"tags":[],"class_list":["post-32235","post","type-post","status-publish","format-standard","hentry","category-mi-voz"],"_links":{"self":[{"href":"https:\/\/diariodominicano.com\/index.php?rest_route=\/wp\/v2\/posts\/32235","targetHints":{"allow":["GET"]}}],"collection":[{"href":"https:\/\/diariodominicano.com\/index.php?rest_route=\/wp\/v2\/posts"}],"about":[{"href":"https:\/\/diariodominicano.com\/index.php?rest_route=\/wp\/v2\/types\/post"}],"author":[{"embeddable":true,"href":"https:\/\/diariodominicano.com\/index.php?rest_route=\/wp\/v2\/users\/3"}],"replies":[{"embeddable":true,"href":"https:\/\/diariodominicano.com\/index.php?rest_route=%2Fwp%2Fv2%2Fcomments&post=32235"}],"version-history":[{"count":0,"href":"https:\/\/diariodominicano.com\/index.php?rest_route=\/wp\/v2\/posts\/32235\/revisions"}],"wp:attachment":[{"href":"https:\/\/diariodominicano.com\/index.php?rest_route=%2Fwp%2Fv2%2Fmedia&parent=32235"}],"wp:term":[{"taxonomy":"category","embeddable":true,"href":"https:\/\/diariodominicano.com\/index.php?rest_route=%2Fwp%2Fv2%2Fcategories&post=32235"},{"taxonomy":"post_tag","embeddable":true,"href":"https:\/\/diariodominicano.com\/index.php?rest_route=%2Fwp%2Fv2%2Ftags&post=32235"}],"curies":[{"name":"wp","href":"https:\/\/api.w.org\/{rel}","templated":true}]}}