{"id":32234,"date":"2019-11-08T11:17:57","date_gmt":"2019-11-08T11:17:57","guid":{"rendered":"http:\/\/diariodominicano.ddns.net\/?p=32234"},"modified":"2019-11-08T11:17:57","modified_gmt":"2019-11-08T11:17:57","slug":"la-tragedia-de-severo-cabral-en-ciudad-nueva","status":"publish","type":"post","link":"https:\/\/diariodominicano.com\/?p=32234","title":{"rendered":"LA TRAGEDIA DE SEVERO CABRAL EN CIUDAD NUEVA"},"content":{"rendered":"<p><body><\/p>\n<p><img decoding=\"async\" src=\"img3\/sev2.jpg\" \/><br \/><img decoding=\"async\" src=\"img3\/sev3.jpg\" \/>  <\/p>\n<p><strong>Diariodominicano.com<\/strong><\/p>\n<p><strong>Por Sebasti\u00e1n Del Pilar S\u00e1nchez<\/strong><\/p>\n<\/p>\n<p><strong>\u00ab\u00a1Severo golpista, peor que Bonillita!\u00bb, coreaba sin cesar un grupo de manifestantes que se dirig\u00eda hacia la intersecci\u00f3n de las calles Palo Hincado y Padre Billini del sector de Ciudad Nueva, excitados por la presencia del doctor \u00c1ngel Severo Cabral y Ortiz.<\/strong><\/p>\n<p><strong> <\/strong><\/p>\n<p>El expresidente de la Uni\u00f3n C\u00edvica Nacional resid\u00eda en esa \u00e1rea pero en compa\u00f1\u00eda de su esposa y sus hijos, hab\u00eda desaparecido del lugar, al desatarse la Revoluci\u00f3n de Abril, temeroso de ser maltratado y humillado por los llamados revolucionarios que hab\u00edan establecido la sede de su gobierno en la emblem\u00e1tica y cercana calle El Conde y sus principales comandos en la zona constitucionalista.<\/p>\n<\/p>\n<p>Al doctor Severo Cabral, principal dirigente pol\u00edtico de la derecha, se le reprochaba su protagonismo en los incidentes p\u00fablicos que generaron el conflicto c\u00edvico-militar y la subsiguiente intervenci\u00f3n de tropas de los Estados Unidos en el pa\u00eds. <\/p>\n<\/p>\n<p>Por eso era una sorpresa, inesperada y desagradable, su regreso al hogar la tarde del s\u00e1bado 18 de diciembre de 1965, habiendo a\u00fan en las calles muchas personas armadas.<\/p>\n<\/p>\n<p>Pero ocurr\u00eda que el doctor Severo Cabral deseaba mudar definitivamente a su familia desde Ciudad Nueva a un sitio realmente tranquilo dentro del Distrito Nacional, igual que lo hac\u00edan otros l\u00edderes y la mayor\u00eda de los industriales, comerciantes y profesionales de clase media alta, que optaron por asentarse en zonas suburbanas cercanas, como eran entonces los ensanches Naco, Arroyo Hondo y Piantini, previendo que se repitiese una situaci\u00f3n de angustia similar a la que hab\u00edan padecido durante la acci\u00f3n b\u00e9lica.<\/p>\n<\/p>\n<p>\u00c9l estaba consciente de que su familia no tendr\u00eda paz viviendo en el centro de la ciudad de Santo Domingo, puesto que a\u00fan estaba latente en los barrios capitalinos el fantasma de la guerra, al no haber bajado lo suficiente el tono beligerante de la disputa que hab\u00edan sostenido los grupos civiles y militares que rivalizaron en dicha contienda.<\/p>\n<\/p>\n<p>Estaba claro que hab\u00eda trascurrido muy poco tiempo desde el 2 de septiembre de 1965, cuando por iniciativa de los negociadores de la OEA, el coronel Francisco Alberto Caama\u00f1o De\u00f1\u00f3, presidente constitucional en armas, rubric\u00f3 el documento jur\u00eddico conocido por el nombre de \u00abActa de Reconciliaci\u00f3n\u00bb que normaba la actuaci\u00f3n del gobierno provisional presidido por el doctor H\u00e9ctor Rafael Garc\u00eda-Godoy C\u00e1ceres, que se instal\u00f3 un d\u00eda despu\u00e9s para conducir el pa\u00eds por el camino de regreso al sistema democr\u00e1tico, celebrando elecciones el 1ro. de junio de 1966.<\/p>\n<\/p>\n<p>Severo Cabral hab\u00eda sido secretario general de la poderosa organizaci\u00f3n de centroderecha \u00abUni\u00f3n C\u00edvica Nacional\u00bb y se destac\u00f3 en la campa\u00f1a electoral de 1962 impulsando la candidatura presidencial del doctor Viriato Alberto Fiallo Rodr\u00edguez. M\u00e1s adelante, tras la victoria del profesor Juan Bosch en las elecciones del 20 de diciembre, pas\u00f3 a ser un recio adversario del nuevo gobierno, propiciando -junto a otros l\u00edderes pol\u00edticos- su derrocamiento en la madrugada del 25 de septiembre de 1963.<\/p>\n<\/p>\n<p>En el r\u00e9gimen de facto surgido de aquel fat\u00eddico golpe de Estado, Severo Cabral ocup\u00f3 el importante cargo de ministro de Interior y Polic\u00eda, aunque lo abandon\u00f3 dos meses y medio despu\u00e9s, al dimitir el 11 de diciembre de 1963, denunciando que este gobierno no le hab\u00eda permitido a su ministerio realizar una rendici\u00f3n de cuentas en el Servicio Nacional de Seguridad.<\/p>\n<\/p>\n<p>En su carta de renuncia, el exministro explic\u00f3 que la causa resid\u00eda en la obstinaci\u00f3n del Triunvirato \u00aben mantener vicios que nos indujeron a combatir el desafortunado r\u00e9gimen derrocado el 25 de septiembre pasado, y convencido de que es in\u00fatil esperar de los hombres en el Gobierno las necesarias rectificaciones\u00bb.<\/p>\n<\/p>\n<p>Severo Cabral era un prominente miembro del sector conservador, sumamente preparado y con convicciones ideol\u00f3gicas muy firmes, pero pose\u00eda un fuerte car\u00e1cter y era obsesivo defendiendo a rajatabla -sin vacilaci\u00f3n y sin miedo- sus posiciones de derecha.<\/p>\n<\/p>\n<p>Eso hizo la tarde del 18 de diciembre de 1965, cuando se enfrent\u00f3 con duros t\u00e9rminos a la multitud que rode\u00f3 su casa con intenciones de impedir que su familia concretase la mudanza de sus ajuares en un cami\u00f3n parqueado sobre la orilla de la acera de su residencia.<\/p>\n<\/p>\n<p>Esta discusi\u00f3n habr\u00eda sido una imprudencia del veterano dirigente pol\u00edtico, pues aunque la Guerra de Abril hab\u00eda concluido, segu\u00edan los resabios, las bajas pasiones y los odios entre los grupos rivales. Y esa realidad generaba sucesos vand\u00e1licos y sangrientos que acaec\u00edan a diario en cualquier esquina de la ciudad, por la ausencia de una real voluntad de respeto a la ley que aplacara las aversiones entre coterr\u00e1neos y permitiera que la gente pudiera vivir al margen de rencores, venganzas e iniquidades.<\/p>\n<\/p>\n<p>La pol\u00e9mica de Severo Cabral y sus oponentes ocurri\u00f3 en el frente de su casa, que era la marcada con el n\u00famero 99 de la calle Padre Billini, donde se hab\u00eda estacionado una muchedumbre formada por j\u00f3venes sindicalistas que acababan de participar en una manifestaci\u00f3n de obreros de la Sociedad Industrial Dominicana -Manicera-, en la periferia del parque Independencia, exigiendo la intervenci\u00f3n del gobierno para preservar sus puestos de trabajo y sus logros laborales en dicha empresa.<\/p>\n<\/p>\n<p>Los manifestantes desde que llegaron a la Padre Billini coreaban sin cesar: \u00ab\u00a1Severo golpista, peor que Bonillita!\u00bb; y tambi\u00e9n: \u00ab\u00a1Severo, asesino de Manolo!\u00bb, ignorando que cuando aconteci\u00f3 la muerte del l\u00edder guerrillero de Las Manaclas, ya el dirigente c\u00edvico hab\u00eda renunciado a su cargo de ministro de Interior y Polic\u00eda en el gobierno del Triunvirato y que su ruptura pol\u00edtica con el r\u00e9gimen era concluyente y definitiva.<\/p>\n<\/p>\n<p>Aunque como bien nos recordaba un amigo en estos d\u00edas, cuando se anunci\u00f3 la presencia de Manolo Tavarez Justo en las monta\u00f1as, en su calidad de Ministro de Interior y Polic\u00eda, Severo Cabral ofreci\u00f3 unas declaraciones desafortunadas asegurando que las Fuerzas Armadas exterminar\u00edan las guerrillas. <\/p>\n<\/p>\n<p>Tal vez por eso, la direcci\u00f3n de propaganda del Movimiento Revolucionario del 14 de Junio lleg\u00f3 a compararlo con Josef Mengele, el m\u00e9dico nazi alem\u00e1n que dirigi\u00f3 la masacre de los jud\u00edos durante la segunda guerra mundial, al ponerle el sobrenombre de \u00ab\u00c1ngel de la muerte\u00bb.<\/p>\n<\/p>\n<p>De este modo, los catorcistas, particularmente el director del peri\u00f3dico Patria, Ram\u00f3n -El Chino Ferreras, alud\u00edan con saz\u00f3n despectivo al nombre de pila del ministro y dirigente pol\u00edtico.<\/p>\n<\/p>\n<p>Pero aquella multitud hab\u00eda olvidado que este pol\u00edtico ten\u00eda en su historial la virtud de haber sido el primer funcionario despu\u00e9s de la Era de Trujillo que tuvo la decencia de dejar un alto cargo p\u00fablico por estar en desacuerdo con la actitud del Triunvirato presidido por don Emilio de los Santos, que se neg\u00f3 a transparentar los gastos en la estrat\u00e9gica \u00e1rea de inteligencia y seguridad nacional.<\/p>\n<\/p>\n<p>Esa l\u00ednea moralizante la mantendr\u00eda con mucho ah\u00ednco, erigi\u00e9ndose en un cr\u00edtico tenaz de ese mismo gobierno que pas\u00f3 a ser conducido por su primo hermano, el doctor Donald Joseph Reid Cabral, a quien enfrent\u00f3 de modo desafiante y con inigualable firmeza en su alocuci\u00f3n de 2 mil 574 palabras, del 26 de enero de 1965, a trav\u00e9s de la emisora \u00abLa Voz del Tr\u00f3pico\u00bb y una cadena radial. Ah\u00ed lo acus\u00f3 de llevar el pa\u00eds al borde del desastre por su af\u00e1n de mantenerse en el poder a cualquier precio y le exigi\u00f3 renunciar, responsabiliz\u00e1ndolo ante la opini\u00f3n p\u00fablica internacional por los males que pudieran sobrevenirle a la sociedad dominicana como consecuencia de su ambici\u00f3n desmedida.<\/p>\n<\/p>\n<p>En esa pieza discursiva de seis p\u00e1ginas, publicada de manera \u00edntegra por el diario El Caribe, un d\u00eda despu\u00e9s, el destacado pol\u00edtico -en rol de opositor- acus\u00f3 a Reid Cabral de pretender perpetuarse en el poder sostenido por poderosas autoridades implicadas en los contrabandos que estaban arruinando al sector comercial, en alusi\u00f3n al jugoso negocio de las cantinas militares y policiales.<\/p>\n<\/p>\n<p>El s\u00e1bado 29 de noviembre de 1964 Severo Cabral fue electo presidente de Uni\u00f3n C\u00edvica Nacional en una convenci\u00f3n nacional efectuada en la ciudad de Santo Domingo, en la que participaron delegados de 16 provincias de 24 que ten\u00eda el pa\u00eds; pero el poderoso triunviro Reid Cabral, como no hab\u00eda podido doblegar su firmeza ni menguar la contundencia de su l\u00ednea pol\u00edtica opositora, apoy\u00e1ndose en la natural influencia del doctor Viriato Fiallo, l\u00edder hist\u00f3rico de la organizaci\u00f3n, contrarrest\u00f3 su elecci\u00f3n ese mismo d\u00eda, auspiciando el montaje de una asamblea paralela que se llev\u00f3 a efecto en una finca de Bonao. <\/p>\n<\/p>\n<p>En esta reuni\u00f3n se suprimi\u00f3 la presidencia de la UCN y se estableci\u00f3 un triunvirato partidario, integrado por los doctores Tom\u00e1s Alcib\u00edades Espinosa, Pedro Juan Brugal y Ram\u00f3n Gonz\u00e1lez Hardy. Esta direcci\u00f3n fue denominada \u00abDirectorio Ejecutivo Central\u00bb y con el visto bueno del  doctor Fiallo, concret\u00f3 la divisi\u00f3n del partido, imponiendo la autoridad de un tribunal disciplinario que tuvo como \u00fanico objetivo sancionar al doctor Severo Cabral.<\/p>\n<\/p>\n<p>As\u00ed,  el 27 de diciembre de 1964 este juzgado partidario expuls\u00f3 a Severo Cabral de las filas de la UCN, acus\u00e1ndolo de divisionista. Por lo cual, no le qued\u00f3 otra opci\u00f3n que crear una nueva organizaci\u00f3n que parad\u00f3jicamente denomin\u00f3 \u00abAcci\u00f3n Revolucionaria\u00bb, que endureci\u00f3 sus cr\u00edticas al gobierno. La resoluci\u00f3n de expulsi\u00f3n estaba firmada por los se\u00f1ores Juan Aquiles D\u00edaz, Jes\u00fas Mar\u00eda Camilo, licenciada Amparo Franco de Bison\u00f3 y licenciada Rosana Ortiz de \u00c1lvarez.<\/p>\n<p><strong> <\/strong><\/p>\n<p><strong>El relato del capit\u00e1n Brens y la tragedia de los Cabral<\/strong><\/p>\n<\/p>\n<p>La mayor\u00eda de los j\u00f3venes que se aglomeraron frente al hogar de la familia Cabral, para repudiar al exdirigente c\u00edvico y presidente de  \u00abAcci\u00f3n Revolucionaria\u00bb, s\u00f3lo sab\u00eda que el doctor Severo Cabral era uno de los l\u00edderes civiles que particip\u00f3 en el derrocamiento de Bosch y que en las primeras horas de la Revoluci\u00f3n de Abril, durante el ef\u00edmero gobierno  del doctor Jos\u00e9 Rafael Molina Ure\u00f1a, hab\u00eda sido apresado y recluido en una habitaci\u00f3n de la casa de gobierno, junto al expresidente Rafael Filiberto Bonnelly Fondeur y el extriunviro doctor Ram\u00f3n Tapia Espinal, por el dirigente perrede\u00edsta doctor Jorge Emilio Yeara Nasser. Los tres fueron liberados casi de inmediato.<\/p>\n<\/p>\n<p>En este acto hostil se ignoraba plenamente su accionar moral durante el gobierno del Triunvirato y sus servicios a la patria combatiendo al r\u00e9gimen de Trujillo, como participante de la conjura del 30 de Mayo que culmin\u00f3 en la muerte violenta del tirano.<\/p>\n<\/p>\n<p>Se le repudiaba de mala manera por sustentar opiniones pol\u00edticas de ultraderecha que no estaban en armon\u00eda con los anhelos de los j\u00f3venes presentes; lo que era un modo incorrecto de encarar la disidencia ideol\u00f3gica en una democracia, donde a nadie se le puede negar su derecho a creer y pensar como le viene en gana, dentro de los l\u00edmites de la moral y la ley.<\/p>\n<\/p>\n<p>Se debe lamentar que dentro de la multitud no apareciera alguien con ilustraci\u00f3n y don de mando para detener la provocaci\u00f3n al dirigente pol\u00edtico y su familia, ya que poco despu\u00e9s se producir\u00eda un ataque salvaje a su vivienda, en el momento en que su esposa y sus dos hijas se dispon\u00edan a desocuparla y les impidieron sacar sus ajuares, devastando los enseres dom\u00e9sticos e incendiando su autom\u00f3vil Mercedes Benz, estacionado en un espacio de la v\u00eda.<\/p>\n<\/p>\n<p>La \u00fanica persona que intent\u00f3 evitar una desgracia fue un vecino de la familia Cabral,  el capit\u00e1n de la Marina Ra\u00fal Brens, quien en compa\u00f1\u00eda de dos de sus hijos y un amigo de apellido Santana, se aperson\u00f3 al lugar y trat\u00f3 in\u00fatilmente de calmar los \u00e1nimos  caldeados y que la multitud no violara la casa.<\/p>\n<\/p>\n<p>En una declaraci\u00f3n p\u00fablica que ofreci\u00f3 a la prensa ese mismo d\u00eda, el capit\u00e1n Brens relat\u00f3 que esa tarde \u00e9l se encontraba enfermo con una lesi\u00f3n en una pierna y un test\u00edculo inflamado, recluido en su casa, la n\u00famero 72 de la calle Padre Billini, cuando fue avisado por uno de sus hijos sobre la presencia de una turba en el vecindario  que amenazaba con agredir el hogar de la familia Cabral.<\/p>\n<\/p>\n<p>Agreg\u00f3 que pese a su problema de salud, se incorpor\u00f3 de la cama y se dirigi\u00f3 r\u00e1pidamente a la residencia de Severo Cabral, donde vio a \u00abla turba tratando de introducirse en la casa\u00bb, y en ese momento lleg\u00f3 el coronel Jorge Gerardo Marte Hern\u00e1ndez, de la Polic\u00eda y el oficial Vargas Luna, de la Marina de Guerra, quienes junto a \u00e9l \u00abintervinieron para contener a la turba\u00bb.<\/p>\n<\/p>\n<p>Indic\u00f3 que la mayor parte de los ajuares ya hab\u00edan sido subidos a un cami\u00f3n y el doctor Severo Cabral, su esposa, sus hijas, una se\u00f1ora mayor y dos hermanos del dirigente pol\u00edtico hab\u00edan abandonado el hogar con la ayuda que les prestaron sus hijos, utilizando un bastidor de cama para que se pudieran movilizar desde la azotea de su casa  hasta el tejado de la vivienda contigua.<\/p>\n<\/p>\n<p>Mientras los integrantes de la familia Cabral sal\u00edan de all\u00ed de modo subrepticio por la azotea, la turba \u00abcon pistolas sobadas en mano\u00bb se traslad\u00f3 a la casa del capit\u00e1n Brens, bajo el convencimiento de que estaba ocultando al dirigente pol\u00edtico. Unos minutos despu\u00e9s, la familia Cabral fue atacada con una r\u00e1faga disparada por una persona desconocida desde una azotea vecina.<\/p>\n<\/p>\n<p>En la embestida criminal fue herido de gravedad el doctor \u00c1ngel Severo Cabral, quien muri\u00f3 al ser rematado por un disparo que le hicieron estando su cuerpo ya dentro de la ambulancia que lo trasportaba al hospital Lithgow Ceara, junto a su esposa Ada Gil y su hija Ada Cabral Gil, quienes tambi\u00e9n fueron alcanzadas por las balas.<\/p>\n<\/p>\n<p>Este hecho criminal fue investigado durante la gesti\u00f3n del doctor Manuel Ram\u00f3n Morel Cerda como procurador General de la Rep\u00fablica, pero, aunque dispuso el apresamiento de varios pol\u00edticos y militares, a su salida del cargo la investigaci\u00f3n fue totalmente olvidada y el crimen qued\u00f3 impune.<\/p>\n<\/p>\n<p><strong>Severo Cabral fue el primer dirigente pol\u00edtico asesinado en su hogar luego de la muerte de Trujillo.<\/strong><\/p>\n<h6> 2019-11-08 11:17:57 <\/h6>\n<p><!--\n<link rel=\"stylesheet\" href=\"css\/bootstrap.min.css\">\n\n\n<ul class=\"pagination\">\n\t    \n\t\n\n<li >\n\t<a href='?page_no=1132'>Previous<\/a>\n\t<\/li>\n\n\n       \n    \n\n<li><a href='?page_no=1'>1<\/a><\/li>\n\n\n\n<li><a href='?page_no=2'>2<\/a><\/li>\n\n\n\n<li><a>...<\/a><\/li>\n\n\n\n<li><a href='?page_no=1131'>1131<\/a><\/li>\n\n\n\n<li><a href='?page_no=1132'>1132<\/a><\/li>\n\n\n\n<li class='active'><a>1133<\/a><\/li>\n\n\n\n<li><a href='?page_no=1134'>1134<\/a><\/li>\n\n\n\n<li><a href='?page_no=1135'>1135<\/a><\/li>\n\n\n\n<li><a>...<\/a><\/li>\n\n\n\n<li><a href='?page_no=1549'>1549<\/a><\/li>\n\n\n\n<li><a href='?page_no=1550'>1550<\/a><\/li>\n\n    \n\t\n\n<li >\n\t<a href='?page_no=1134'>Next<\/a>\n\t<\/li>\n\n\n    \n\n<li><a href='?page_no=1550'>Last &rsaquo;&rsaquo;<\/a><\/li>\n\n<\/ul>\n\n\n--><br \/>\n<\/body><\/p>\n","protected":false},"excerpt":{"rendered":"<p>Diariodominicano.com Por Sebasti\u00e1n Del Pilar S\u00e1nchez \u00ab\u00a1Severo golpista, peor que Bonillita!\u00bb, coreaba sin cesar un grupo de manifestantes que se dirig\u00eda hacia la intersecci\u00f3n de las calles Palo Hincado y Padre Billini del sector de Ciudad Nueva, excitados por la presencia del doctor \u00c1ngel Severo Cabral y Ortiz. El expresidente de la Uni\u00f3n C\u00edvica Nacional [&hellip;]<\/p>\n","protected":false},"author":3,"featured_media":0,"comment_status":"open","ping_status":"open","sticky":false,"template":"","format":"standard","meta":{"footnotes":""},"categories":[19],"tags":[],"class_list":["post-32234","post","type-post","status-publish","format-standard","hentry","category-mi-voz"],"_links":{"self":[{"href":"https:\/\/diariodominicano.com\/index.php?rest_route=\/wp\/v2\/posts\/32234","targetHints":{"allow":["GET"]}}],"collection":[{"href":"https:\/\/diariodominicano.com\/index.php?rest_route=\/wp\/v2\/posts"}],"about":[{"href":"https:\/\/diariodominicano.com\/index.php?rest_route=\/wp\/v2\/types\/post"}],"author":[{"embeddable":true,"href":"https:\/\/diariodominicano.com\/index.php?rest_route=\/wp\/v2\/users\/3"}],"replies":[{"embeddable":true,"href":"https:\/\/diariodominicano.com\/index.php?rest_route=%2Fwp%2Fv2%2Fcomments&post=32234"}],"version-history":[{"count":0,"href":"https:\/\/diariodominicano.com\/index.php?rest_route=\/wp\/v2\/posts\/32234\/revisions"}],"wp:attachment":[{"href":"https:\/\/diariodominicano.com\/index.php?rest_route=%2Fwp%2Fv2%2Fmedia&parent=32234"}],"wp:term":[{"taxonomy":"category","embeddable":true,"href":"https:\/\/diariodominicano.com\/index.php?rest_route=%2Fwp%2Fv2%2Fcategories&post=32234"},{"taxonomy":"post_tag","embeddable":true,"href":"https:\/\/diariodominicano.com\/index.php?rest_route=%2Fwp%2Fv2%2Ftags&post=32234"}],"curies":[{"name":"wp","href":"https:\/\/api.w.org\/{rel}","templated":true}]}}