{"id":322335,"date":"2022-01-07T10:57:35","date_gmt":"2022-01-07T14:57:35","guid":{"rendered":"http:\/\/diariodominicano.com\/?p=322335"},"modified":"2022-01-07T10:57:35","modified_gmt":"2022-01-07T14:57:35","slug":"abasaca-anuncia-la-apertura-de-su-torneo-juvenil-para-el-sabado-15-del-presente-mes-y-su-congresillo-tecnico-para-este-sabado","status":"publish","type":"post","link":"https:\/\/diariodominicano.com\/?p=322335","title":{"rendered":"ABASACA anuncia la apertura de su Torneo Juvenil para el s\u00e1bado 15 del presente mes y su congresillo t\u00e9cnico para este s\u00e1bado"},"content":{"rendered":"\n<p><\/p>\n\n\n\n<p><strong>Prensa ABASACA<\/strong><\/p>\n\n\n\n<p><strong>Santiago.-<\/strong>La prestigiosa Asociaci\u00f3n de Baloncesto de Santiago de los Caballeros (ABASACA), que preside el destacado deportista Jos\u00e9 Lu\u00eds Aracena tiene previsto iniciar su venidero Torneo en la categor\u00eda Juvenil el pr\u00f3ximo s\u00e1bado 15 del presente mes a partir de las 3:00 de la tarde, teniendo como escenario el Bajo Techo del Club Roberto Santana Lora del sector de los Jazmines, el cual est\u00e1 ubicado en la Zona Sur de esta ciudad.<\/p>\n\n\n\n<p>Previo a la apertura de este importante evento, donde se espera la participaci\u00f3n de m\u00e1s de 50 equipos, ser\u00e1 efectuado este s\u00e1bado 8 el tradicional congresillo t\u00e9cnico, el cual est\u00e1 previsto iniciar a partir de las 3:00 de la tarde, teniendo como sede el Sal\u00f3n de Conferencia de la Gran Arena del Cibao Doctor Oscar Gobaira.<\/p>\n\n\n\n<p>La informaci\u00f3n fue dada a conocer por el presidente de ABASACA, Jos\u00e9 Lu\u00eds Aracena, quien indic\u00f3 que todo est\u00e1 listo para garantizar el \u00e9xito del venidero Torneo al igual que los antes celebrados, que agradece el gran apoyo recibido fielmente por los presidentes y entrenadores de cada uno de los Clubes y Ligas afiliados a la instituci\u00f3n que \u00e9l honra como presidente.<\/p>\n\n\n\n<p>Al encuentro de este s\u00e1bado han sido invitados los gerentes, delegados t\u00e9cnicos, entrenadores, asistentes de entrenadores de cada una de las franquicias que ver\u00e1n acci\u00f3n en la venidera temporada, donde se espera la concentraci\u00f3n del mejor material de la Regi\u00f3n en esa categor\u00eda.<\/p>\n\n\n\n<p>Aracena expres\u00f3 que en los pr\u00f3ximos d\u00edas el comit\u00e9 ejecutivo de la ABASACA dar\u00e1 a conocer la dedicatoria de la justa y otros importantes datos relacionados con la misma y aprovech\u00f3 la ocasi\u00f3n para invitar a los empresarios y funcionarios de Santiago y el Pa\u00eds a unificar esfuerzos a favor del deporte y principalmente en la ni\u00f1ez y juventud de nuestra sociedad, quienes ser\u00e1n el futuro de nuestra naci\u00f3n indic\u00f3 el presidente de ABASACA \u201cJos\u00e9 Lu\u00eds Aracena\u201d.<\/p>\n\n\n\n<p>Ezequiel Sosa<a target=\"_blank\" href=\"mailto:explociondeportiva@gmail.com\" rel=\"noreferrer noopener\">explociondeportiva@gmail.com<\/a><\/p>\n","protected":false},"excerpt":{"rendered":"<p>Prensa ABASACA Santiago.-La prestigiosa Asociaci\u00f3n de Baloncesto de Santiago de los Caballeros (ABASACA), que preside el destacado deportista Jos\u00e9 Lu\u00eds Aracena tiene previsto iniciar su venidero Torneo en la categor\u00eda Juvenil el pr\u00f3ximo s\u00e1bado 15 del presente mes a partir de las 3:00 de la tarde, teniendo como escenario el Bajo Techo del Club Roberto [&hellip;]<\/p>\n","protected":false},"author":28,"featured_media":322336,"comment_status":"closed","ping_status":"","sticky":true,"template":"","format":"standard","meta":{"footnotes":""},"categories":[17,27],"tags":[],"class_list":["post-322335","post","type-post","status-publish","format-standard","has-post-thumbnail","hentry","category-deportes","category-portada"],"_links":{"self":[{"href":"https:\/\/diariodominicano.com\/index.php?rest_route=\/wp\/v2\/posts\/322335","targetHints":{"allow":["GET"]}}],"collection":[{"href":"https:\/\/diariodominicano.com\/index.php?rest_route=\/wp\/v2\/posts"}],"about":[{"href":"https:\/\/diariodominicano.com\/index.php?rest_route=\/wp\/v2\/types\/post"}],"author":[{"embeddable":true,"href":"https:\/\/diariodominicano.com\/index.php?rest_route=\/wp\/v2\/users\/28"}],"replies":[{"embeddable":true,"href":"https:\/\/diariodominicano.com\/index.php?rest_route=%2Fwp%2Fv2%2Fcomments&post=322335"}],"version-history":[{"count":1,"href":"https:\/\/diariodominicano.com\/index.php?rest_route=\/wp\/v2\/posts\/322335\/revisions"}],"predecessor-version":[{"id":322337,"href":"https:\/\/diariodominicano.com\/index.php?rest_route=\/wp\/v2\/posts\/322335\/revisions\/322337"}],"wp:featuredmedia":[{"embeddable":true,"href":"https:\/\/diariodominicano.com\/index.php?rest_route=\/wp\/v2\/media\/322336"}],"wp:attachment":[{"href":"https:\/\/diariodominicano.com\/index.php?rest_route=%2Fwp%2Fv2%2Fmedia&parent=322335"}],"wp:term":[{"taxonomy":"category","embeddable":true,"href":"https:\/\/diariodominicano.com\/index.php?rest_route=%2Fwp%2Fv2%2Fcategories&post=322335"},{"taxonomy":"post_tag","embeddable":true,"href":"https:\/\/diariodominicano.com\/index.php?rest_route=%2Fwp%2Fv2%2Ftags&post=322335"}],"curies":[{"name":"wp","href":"https:\/\/api.w.org\/{rel}","templated":true}]}}