{"id":322328,"date":"2022-01-07T10:47:13","date_gmt":"2022-01-07T14:47:13","guid":{"rendered":"http:\/\/diariodominicano.com\/?p=322328"},"modified":"2022-01-07T10:47:31","modified_gmt":"2022-01-07T14:47:31","slug":"rpdc-descarta-asistir-a-beijing-2022-y-apoya-preparativos-de-china","status":"publish","type":"post","link":"https:\/\/diariodominicano.com\/?p=322328","title":{"rendered":"RPDC descarta asistir a Beijing-2022 y apoya preparativos de China"},"content":{"rendered":"\n<p>Pyongyang, 7 ene (Prensa Latina) La Rep\u00fablica Popular Democr\u00e1tica de Corea (RPDC) inform\u00f3 hoy que no participar\u00e1 en las Olimpiadas y Paralimpiadas Invernales Beijing-2022, pero manifest\u00f3 apoyo a China en la organizaci\u00f3n de la cita y contra su politizaci\u00f3n.<\/p>\n\n\n\n<p><\/p>\n\n\n\n<ul class=\"wp-block-list\"><li>enero 7, 2022<\/li><li>CST03:59 (GMT) -0500<\/li><\/ul>\n\n\n\n<p>De acuerdo con la prensa local, el Comit\u00e9 ol\u00edmpico nacional y el Ministerio de Cultura F\u00edsica y Deportes notificaron en una carta al gigante asi\u00e1tico sobre la decisi\u00f3n, tomada principalmente por el agravamiento de la pandemia de Covid-19 en el mundo.<\/p>\n\n\n\n<p>No obstante, saludaron los esfuerzos de China para preparar el evento en medio de la crisis sanitaria global y rechazaron el af\u00e1n de Estados Unidos y aliados de empa\u00f1arlo con acciones como el boicot diplom\u00e1tico, pues las considera un insulto al esp\u00edritu de la carta ol\u00edmpica.<\/p>\n\n\n\n<p>Manifestaron plena convicci\u00f3n de que Beijing-2022 transcurrir\u00e1 con \u00e9xito y adem\u00e1s se comprometieron a contribuir para profundizar m\u00e1s la amistad tradicional, la cooperaci\u00f3n y los intercambios deportivos entre las dos naciones vecinas.<\/p>\n\n\n\n<p>Por su parte, China agradeci\u00f3 este viernes el respaldo de Pyongyang e indic\u00f3 que comprende su determinaci\u00f3n de ausentarse del certamen invernal.<\/p>\n\n\n\n<p>La RPDC tampoco asisti\u00f3 el a\u00f1o pasado a los juegos de verano Tokio-2020, igualmente por el impacto a la pandemia de Covid-19.<\/p>\n\n\n\n<p>Las competencias invernales convertir\u00e1n a Beijing en la \u00fanica urbe del planeta en albergar ambas variantes de la cita bajo los cinco aros, tras ser anfitriona de la versi\u00f3n veraniega de 2008.<\/p>\n\n\n\n<p>El cap\u00edtulo ol\u00edmpico transcurrir\u00e1 del 4 al 20 de febrero, mientras el paral\u00edmpico ser\u00e1 del 4 al 13 de marzo.<\/p>\n\n\n\n<p>China ultima los detalles finales de la lid y incluso activ\u00f3 una burbuja que acoge al personal de apoyo en todas las instalaciones deportivas, a los implicados en la producci\u00f3n de nieve artificial y a quienes atienden a la prensa.<\/p>\n\n\n\n<p>Ese sistema contempla pruebas PCR a diario, poco contacto entre los participantes, la exigencia de la vacunaci\u00f3n contra la Covid-19 y la transportaci\u00f3n en veh\u00edculos espec\u00edficos.<\/p>\n\n\n\n<p>acl\/ymr<\/p>\n","protected":false},"excerpt":{"rendered":"<p>Pyongyang, 7 ene (Prensa Latina) La Rep\u00fablica Popular Democr\u00e1tica de Corea (RPDC) inform\u00f3 hoy que no participar\u00e1 en las Olimpiadas y Paralimpiadas Invernales Beijing-2022, pero manifest\u00f3 apoyo a China en la organizaci\u00f3n de la cita y contra su politizaci\u00f3n. enero 7, 2022 CST03:59 (GMT) -0500 De acuerdo con la prensa local, el Comit\u00e9 ol\u00edmpico nacional [&hellip;]<\/p>\n","protected":false},"author":28,"featured_media":322329,"comment_status":"closed","ping_status":"","sticky":true,"template":"","format":"standard","meta":{"footnotes":""},"categories":[17,27],"tags":[],"class_list":["post-322328","post","type-post","status-publish","format-standard","has-post-thumbnail","hentry","category-deportes","category-portada"],"_links":{"self":[{"href":"https:\/\/diariodominicano.com\/index.php?rest_route=\/wp\/v2\/posts\/322328","targetHints":{"allow":["GET"]}}],"collection":[{"href":"https:\/\/diariodominicano.com\/index.php?rest_route=\/wp\/v2\/posts"}],"about":[{"href":"https:\/\/diariodominicano.com\/index.php?rest_route=\/wp\/v2\/types\/post"}],"author":[{"embeddable":true,"href":"https:\/\/diariodominicano.com\/index.php?rest_route=\/wp\/v2\/users\/28"}],"replies":[{"embeddable":true,"href":"https:\/\/diariodominicano.com\/index.php?rest_route=%2Fwp%2Fv2%2Fcomments&post=322328"}],"version-history":[{"count":2,"href":"https:\/\/diariodominicano.com\/index.php?rest_route=\/wp\/v2\/posts\/322328\/revisions"}],"predecessor-version":[{"id":322331,"href":"https:\/\/diariodominicano.com\/index.php?rest_route=\/wp\/v2\/posts\/322328\/revisions\/322331"}],"wp:featuredmedia":[{"embeddable":true,"href":"https:\/\/diariodominicano.com\/index.php?rest_route=\/wp\/v2\/media\/322329"}],"wp:attachment":[{"href":"https:\/\/diariodominicano.com\/index.php?rest_route=%2Fwp%2Fv2%2Fmedia&parent=322328"}],"wp:term":[{"taxonomy":"category","embeddable":true,"href":"https:\/\/diariodominicano.com\/index.php?rest_route=%2Fwp%2Fv2%2Fcategories&post=322328"},{"taxonomy":"post_tag","embeddable":true,"href":"https:\/\/diariodominicano.com\/index.php?rest_route=%2Fwp%2Fv2%2Ftags&post=322328"}],"curies":[{"name":"wp","href":"https:\/\/api.w.org\/{rel}","templated":true}]}}