{"id":32232,"date":"2019-11-09T11:33:03","date_gmt":"2019-11-09T11:33:03","guid":{"rendered":"http:\/\/diariodominicano.ddns.net\/?p=32232"},"modified":"2019-11-09T11:33:03","modified_gmt":"2019-11-09T11:33:03","slug":"festival-patria-grande-apuesta-por-la-unidad-latinoamericana","status":"publish","type":"post","link":"https:\/\/diariodominicano.com\/?p=32232","title":{"rendered":"Festival Patria Grande apuesta por la unidad latinoamericana"},"content":{"rendered":"<p><body><\/p>\n<p><img decoding=\"async\" src=\"img3\/patri1.jpg\" \/>  <\/p>\n<p>La Habana, 9 nov (Prensa Latina) M\u00fasicos de Panam\u00e1, M\u00e9xico, Costa Rica y Cuba comparten hoy durante el VI Festival Internacional Patria Grande, que apuesta por la unidad latinoamericana a trav\u00e9s del rock como expresi\u00f3n art\u00edstica.<\/p>\n<\/p>\n<p>El programa de conciertos incluye la presentaci\u00f3n de la agrupaci\u00f3n mexicana Tijuana No, que arriba a la isla caribe\u00f1a con m\u00fasicos fundadores e invitados, para compartir su talento con la joven formaci\u00f3n cubana Tracks.<\/p>\n<\/p>\n<p>Hasta el 16 de noviembre, el certamen propiciar\u00e1 el intercambio entre las bandas invitadas que agradecen este tipo de evento donde encuentran espacio para socializar sus realidades creativas y, a la vez, busca romper las barreras del hegemonismo y pol\u00edticas hostiles como el bloqueo de Estados Unidos a Cuba que limita el alcance de la cultura.<\/p>\n<\/p>\n<p>Sobre la presencia de la mujer en el rock de la regi\u00f3n latinoamericana, Heredia confirm\u00f3 que, en esta edici\u00f3n, el certamen aglutina a varias exponentes y, en 2016, convoc\u00f3 a la rapera chilena Anita Tijoux, considerada una de las voces femeninas m\u00e1s potentes de la m\u00fasica en la regi\u00f3n latina.<\/p>\n<\/p>\n<p>Venimos a nutrirnos del rock cubano, en sus distintas vertientes, que goza de gran apoyo, a diferencia de otros pa\u00edses como M\u00e9xico donde la creaci\u00f3n musical permanece centralizada en la capital, se\u00f1alaron los m\u00fasicos de la naci\u00f3n azteca.<\/p>\n<\/p>\n<p>Asimismo, los miembros de la banda Cabeza de Vinil expresaron su anhelo por representar a Costa Rica, compartir con las bandas cubanas y for\u00e1neas como Los Rabanes y, a su vez, integrar este movimiento que cobra m\u00e1s fuerza, refirieron.<\/p>\n<\/p>\n<p>Seremos embajadores del Festival, de todo lo que Cuba hace por el rock latino, que entendemos como un estilo de vida, sostenemos un llamado y la pasi\u00f3n por este g\u00e9nero que entrelaza las tradiciones de nuestros pueblos, afirmaron los integrantes del grupo paname\u00f1o Los Rabanes.<\/p>\n<\/p>\n<p>Por su parte, la reconocida banda Aterciopelados, de Colombia, llegar\u00e1 nuevamente a la mayor de las Antillas para unir voces con la popular agrupaci\u00f3n cubana Toques del R\u00edo, que cultiva la m\u00fasica alternativa.<\/p>\n<\/p>\n<p>A la cita musical asisten otras formaciones musicales como Los locos tristes, Kamankola, Zeus, N\u00e9mesis y Tendencia, en tanto, cuenta con el apoyo del Ministerio de Cultura de Cuba, el Instituto Cubano de la M\u00fasica, y la Asociaci\u00f3n Hermanos Sa\u00edz, que lidera la joven vanguardia art\u00edstica en la isla caribe\u00f1a.<\/p>\n<\/p>\n<p>acl\/chm<\/p>\n<h6> 2019-11-09 11:33:03 <\/h6>\n<p><!--\n<link rel=\"stylesheet\" href=\"css\/bootstrap.min.css\">\n\n\n<ul class=\"pagination\">\n\t    \n\t\n\n<li >\n\t<a href='?page_no=1130'>Previous<\/a>\n\t<\/li>\n\n\n       \n    \n\n<li><a href='?page_no=1'>1<\/a><\/li>\n\n\n\n<li><a href='?page_no=2'>2<\/a><\/li>\n\n\n\n<li><a>...<\/a><\/li>\n\n\n\n<li><a href='?page_no=1129'>1129<\/a><\/li>\n\n\n\n<li><a href='?page_no=1130'>1130<\/a><\/li>\n\n\n\n<li class='active'><a>1131<\/a><\/li>\n\n\n\n<li><a href='?page_no=1132'>1132<\/a><\/li>\n\n\n\n<li><a href='?page_no=1133'>1133<\/a><\/li>\n\n\n\n<li><a>...<\/a><\/li>\n\n\n\n<li><a href='?page_no=1549'>1549<\/a><\/li>\n\n\n\n<li><a href='?page_no=1550'>1550<\/a><\/li>\n\n    \n\t\n\n<li >\n\t<a href='?page_no=1132'>Next<\/a>\n\t<\/li>\n\n\n    \n\n<li><a href='?page_no=1550'>Last &rsaquo;&rsaquo;<\/a><\/li>\n\n<\/ul>\n\n\n--><br \/>\n<\/body><\/p>\n","protected":false},"excerpt":{"rendered":"<p>La Habana, 9 nov (Prensa Latina) M\u00fasicos de Panam\u00e1, M\u00e9xico, Costa Rica y Cuba comparten hoy durante el VI Festival Internacional Patria Grande, que apuesta por la unidad latinoamericana a trav\u00e9s del rock como expresi\u00f3n art\u00edstica. El programa de conciertos incluye la presentaci\u00f3n de la agrupaci\u00f3n mexicana Tijuana No, que arriba a la isla caribe\u00f1a [&hellip;]<\/p>\n","protected":false},"author":3,"featured_media":0,"comment_status":"open","ping_status":"open","sticky":false,"template":"","format":"standard","meta":{"footnotes":""},"categories":[19],"tags":[],"class_list":["post-32232","post","type-post","status-publish","format-standard","hentry","category-mi-voz"],"_links":{"self":[{"href":"https:\/\/diariodominicano.com\/index.php?rest_route=\/wp\/v2\/posts\/32232","targetHints":{"allow":["GET"]}}],"collection":[{"href":"https:\/\/diariodominicano.com\/index.php?rest_route=\/wp\/v2\/posts"}],"about":[{"href":"https:\/\/diariodominicano.com\/index.php?rest_route=\/wp\/v2\/types\/post"}],"author":[{"embeddable":true,"href":"https:\/\/diariodominicano.com\/index.php?rest_route=\/wp\/v2\/users\/3"}],"replies":[{"embeddable":true,"href":"https:\/\/diariodominicano.com\/index.php?rest_route=%2Fwp%2Fv2%2Fcomments&post=32232"}],"version-history":[{"count":0,"href":"https:\/\/diariodominicano.com\/index.php?rest_route=\/wp\/v2\/posts\/32232\/revisions"}],"wp:attachment":[{"href":"https:\/\/diariodominicano.com\/index.php?rest_route=%2Fwp%2Fv2%2Fmedia&parent=32232"}],"wp:term":[{"taxonomy":"category","embeddable":true,"href":"https:\/\/diariodominicano.com\/index.php?rest_route=%2Fwp%2Fv2%2Fcategories&post=32232"},{"taxonomy":"post_tag","embeddable":true,"href":"https:\/\/diariodominicano.com\/index.php?rest_route=%2Fwp%2Fv2%2Ftags&post=32232"}],"curies":[{"name":"wp","href":"https:\/\/api.w.org\/{rel}","templated":true}]}}