{"id":32229,"date":"2019-11-09T11:56:24","date_gmt":"2019-11-09T11:56:24","guid":{"rendered":"http:\/\/diariodominicano.ddns.net\/?p=32229"},"modified":"2019-11-09T11:56:24","modified_gmt":"2019-11-09T11:56:24","slug":"califican-de-vil-asedio-bloqueo-de-ee-uu-contra-cuba","status":"publish","type":"post","link":"https:\/\/diariodominicano.com\/?p=32229","title":{"rendered":"Califican de vil asedio bloqueo de EE.UU. contra Cuba"},"content":{"rendered":"<p><body><\/p>\n<p><img decoding=\"async\" src=\"img3\/bloq.jpg\" \/>  <\/p>\n<p>Asunci\u00f3n, 9 nov (Prensa Latina) La presidenta de la Sociedad de Econom\u00eda Pol\u00edtica de Paraguay, Alhel\u00ed Gonz\u00e1lez, afirm\u00f3 hoy que el bloqueo de Estados Unidos contra Cuba es un vil asedio econ\u00f3mico con t\u00e1cticas terroristas.<\/p>\n<\/p>\n<p>La tambi\u00e9n responsable de Formaci\u00f3n de la Regional Asunci\u00f3n y miembro del Comit\u00e9 Nacional de Formaci\u00f3n del Partido Comunista Paraguayo, envi\u00f3 a Prensa Latina un texto en el que entre otras cosas, expresa su satisfacci\u00f3n por la victoria cubana en la ONU en contra del bloqueo.<\/p>\n<\/p>\n<p>&#8216;El mundo entero, representado en la ONU, conden\u00f3 nuevamente ese brutal aislamiento que no se reduce solamente a aspectos econ\u00f3micos, sino que implic\u00f3 pr\u00e1cticas terroristas contra un pueblo cuyo \u00fanico pecado fue desear ser due\u00f1o de su propio destino&#8217;, se\u00f1ala el documento.<\/p>\n<\/p>\n<p>Graduada de Licenciatura en Econom\u00eda por la Universidad &#8216;Hermanos Sa\u00edz&#8217; de la occidental provincia cubana de Pinar del R\u00edo, Gonz\u00e1lez manifiesta que el triunfo de la Revoluci\u00f3n cubana signific\u00f3 para Am\u00e9rica Latina y el Caribe un punto de inflexi\u00f3n en la historia.<\/p>\n<\/p>\n<p>&#8216;Cuba se constituir\u00eda en la primera experiencia latinoamericana de construcci\u00f3n de un Estado obrero?campesino, persiguiendo la utop\u00eda de una sociedad libre de explotados y explotadores, un pa\u00eds libre del yugo neocolonial, un pueblo resuelto a ser libre&#8217;, comenta.<\/p>\n<\/p>\n<p>Subraya que es en ese contexto que, &#8216;el gigante de las siete leguas, como llamaba el H\u00e9roe Nacional cubano, Jos\u00e9 Mart\u00ed, a Estados Unidos, se arrogar\u00eda la tarea de sofocar a aquel territorio rebelde y desafiante que osaba construir el socialismo a tan s\u00f3lo 90 millas del imperio, se arrojar\u00eda la tarea de dinamitar un proceso que buscaba la dignificaci\u00f3n del ser humano&#8217;.<\/p>\n<\/p>\n<p>Asegura Gonz\u00e1lez que el bloqueo es fruto de esa impronta, y desde hace 28 a\u00f1os, el mundo entero, representado en Naciones Unidas, condena el brutal asedio econ\u00f3mico estadounidense.<\/p>\n<\/p>\n<p>&#8216;Casi un\u00e1nimemente Naciones Unidas demand\u00f3 una vez m\u00e1s el cese del cerco a Cuba, contando tan solo con el rechazo de Estados Unidos, su aliado Israel, y sum\u00e1ndose este a\u00f1o a esta oscura lista, el Brasil del fascista de (Jair) Bolsonaro, rompiendo la tradici\u00f3n de la diplomacia brasile\u00f1a con relaci\u00f3n a Cuba y al bloqueo&#8217;, recuerda.<\/p>\n<\/p>\n<p>En ese sentido, indica que el bloqueo no s\u00f3lo genera grandes y terribles impactos en la calidad de vida de la poblaci\u00f3n cubana, sino tambi\u00e9n implica una pr\u00e1ctica genocida que viola el derecho internacional y, junto con \u00e9l, el derecho de los pueblos a la autodeterminaci\u00f3n.<\/p>\n<\/p>\n<p>&#8216;El pueblo cubano ha resuelto ser libre, y m\u00e1s de medio siglo ante el asedio no ha hecho temblar a la mayor de las Antillas, a aquel primer territorio libre de Am\u00e9rica, a aquel faro de esperanza que nos ense\u00f1a que el hombre no puede ser lobo del hombre, sino su hermano&#8217;, finaliza la joven economista, una gran entusiasta de la solidaridad paraguaya con la isla caribe\u00f1a.<\/p>\n<\/p>\n<p>acl\/cw<\/p>\n<h6> 2019-11-09 11:56:24 <\/h6>\n<p><!--\n<link rel=\"stylesheet\" href=\"css\/bootstrap.min.css\">\n\n\n<ul class=\"pagination\">\n\t    \n\t\n\n<li >\n\t<a href='?page_no=1128'>Previous<\/a>\n\t<\/li>\n\n\n       \n    \n\n<li><a href='?page_no=1'>1<\/a><\/li>\n\n\n\n<li><a href='?page_no=2'>2<\/a><\/li>\n\n\n\n<li><a>...<\/a><\/li>\n\n\n\n<li><a href='?page_no=1127'>1127<\/a><\/li>\n\n\n\n<li><a href='?page_no=1128'>1128<\/a><\/li>\n\n\n\n<li class='active'><a>1129<\/a><\/li>\n\n\n\n<li><a href='?page_no=1130'>1130<\/a><\/li>\n\n\n\n<li><a href='?page_no=1131'>1131<\/a><\/li>\n\n\n\n<li><a>...<\/a><\/li>\n\n\n\n<li><a href='?page_no=1549'>1549<\/a><\/li>\n\n\n\n<li><a href='?page_no=1550'>1550<\/a><\/li>\n\n    \n\t\n\n<li >\n\t<a href='?page_no=1130'>Next<\/a>\n\t<\/li>\n\n\n    \n\n<li><a href='?page_no=1550'>Last &rsaquo;&rsaquo;<\/a><\/li>\n\n<\/ul>\n\n\n--><br \/>\n<\/body><\/p>\n","protected":false},"excerpt":{"rendered":"<p>Asunci\u00f3n, 9 nov (Prensa Latina) La presidenta de la Sociedad de Econom\u00eda Pol\u00edtica de Paraguay, Alhel\u00ed Gonz\u00e1lez, afirm\u00f3 hoy que el bloqueo de Estados Unidos contra Cuba es un vil asedio econ\u00f3mico con t\u00e1cticas terroristas. La tambi\u00e9n responsable de Formaci\u00f3n de la Regional Asunci\u00f3n y miembro del Comit\u00e9 Nacional de Formaci\u00f3n del Partido Comunista Paraguayo, [&hellip;]<\/p>\n","protected":false},"author":3,"featured_media":0,"comment_status":"open","ping_status":"open","sticky":false,"template":"","format":"standard","meta":{"footnotes":""},"categories":[19],"tags":[],"class_list":["post-32229","post","type-post","status-publish","format-standard","hentry","category-mi-voz"],"_links":{"self":[{"href":"https:\/\/diariodominicano.com\/index.php?rest_route=\/wp\/v2\/posts\/32229","targetHints":{"allow":["GET"]}}],"collection":[{"href":"https:\/\/diariodominicano.com\/index.php?rest_route=\/wp\/v2\/posts"}],"about":[{"href":"https:\/\/diariodominicano.com\/index.php?rest_route=\/wp\/v2\/types\/post"}],"author":[{"embeddable":true,"href":"https:\/\/diariodominicano.com\/index.php?rest_route=\/wp\/v2\/users\/3"}],"replies":[{"embeddable":true,"href":"https:\/\/diariodominicano.com\/index.php?rest_route=%2Fwp%2Fv2%2Fcomments&post=32229"}],"version-history":[{"count":0,"href":"https:\/\/diariodominicano.com\/index.php?rest_route=\/wp\/v2\/posts\/32229\/revisions"}],"wp:attachment":[{"href":"https:\/\/diariodominicano.com\/index.php?rest_route=%2Fwp%2Fv2%2Fmedia&parent=32229"}],"wp:term":[{"taxonomy":"category","embeddable":true,"href":"https:\/\/diariodominicano.com\/index.php?rest_route=%2Fwp%2Fv2%2Fcategories&post=32229"},{"taxonomy":"post_tag","embeddable":true,"href":"https:\/\/diariodominicano.com\/index.php?rest_route=%2Fwp%2Fv2%2Ftags&post=32229"}],"curies":[{"name":"wp","href":"https:\/\/api.w.org\/{rel}","templated":true}]}}