{"id":32228,"date":"2019-11-09T12:18:55","date_gmt":"2019-11-09T12:18:55","guid":{"rendered":"http:\/\/diariodominicano.ddns.net\/?p=32228"},"modified":"2019-11-09T12:18:55","modified_gmt":"2019-11-09T12:18:55","slug":"maduro-declara-que-es-muy-emocionante-ver-a-lula-en-las-calles-de-brasil","status":"publish","type":"post","link":"https:\/\/diariodominicano.com\/?p=32228","title":{"rendered":"Maduro declara que es \u00abmuy emocionante\u00bb ver a Lula en las calles de Brasil"},"content":{"rendered":"<p><body><\/p>\n<p>Actualizado 2019-11-09 10:25:56 | Spanish. xinhuanet. com  <\/p>\n<\/p>\n<p>CARACAS, 8 nov (Xinhua) &#8212; El presidente venezolano, Nicol\u00e1s Maduro, declar\u00f3 hoy su regocijo por la liberaci\u00f3n del expresidente Luis In\u00e1cio Lula Da Silva, tras permanecer 580 d\u00edas detenido en una c\u00e1rcel de la Polic\u00eda Federal de Curitiba luego de ser procesado por presunta corrupci\u00f3n administrativa.<\/p>\n<\/p>\n<p>\u00abEs muy emocionante ver a Lula en la calle, Lula es un gran l\u00edder de Brasil, de Am\u00e9rica Latina y el mundo\u00bb, exclam\u00f3 Maduro visiblemente emocionado desde Venezuela, mientras desarrollaba una jornada de Gobierno.<\/p>\n<\/p>\n<p>Tras vitorear al exmandatario de Brasil, Maduro asegur\u00f3 que la liberaci\u00f3n de Lula responde a un proceso de resistencia de los pueblos de Am\u00e9rica Latina frente a lo que considera una \u00abofensiva del neoliberalismo\u00bb en la regi\u00f3n.<\/p>\n<\/p>\n<p>Asimismo, dijo que, a su juicio, se est\u00e1n reconstruyendo \u00abbases de la uni\u00f3n de Am\u00e9rica Latina y El Caribe, las bases espirituales, en la uni\u00f3n, en la diversidad, en el respeto, en la cooperaci\u00f3n\u00bb.<\/p>\n<\/p>\n<p>En ese sentido, el jefe de Estado destac\u00f3 la cooperaci\u00f3n regional alcanzada cuando Lula era presidente de Brasil junto al fallecido presidente venezolano Hugo Ch\u00e1vez y en articulaci\u00f3n con el tambi\u00e9n desaparecido N\u00e9stor Kirchner. \u00abEs una noticia para el coraz\u00f3n de los pueblos\u00bb, a\u00f1adi\u00f3 Maduro.<\/p>\n<\/p>\n<p>Lula estuvo en prisi\u00f3n desde el 7 de abril de 2018 hasta hoy, cuando el Supremo Tribunal Federal consider\u00f3 inconstitucional su estado de prisi\u00f3n y el juez Danilo Pereira de la sala n\u00famero 12 del tribunal criminal de Curitiba firm\u00f3 su excarcelaci\u00f3n.<\/p>\n<\/p>\n<p>Sin embargo, el proceso jur\u00eddico contra el expresidente brasile\u00f1o continuar\u00e1, ya que fue hallado culpable por la justicia de ese pa\u00eds de corrupci\u00f3n pasiva y blanqueo de capitales, por presuntamente haber recibido un apartamento en el balneario paulista de Guaruj\u00e1 a cambio de favores pol\u00edticos.<\/p>\n<\/p>\n<p>Lula ha negado esas acusaciones en reiteradas oportunidades y ha denunciado que se trata de una retaliaci\u00f3n de sus adversarios pol\u00edticos.<\/p>\n<h6> 2019-11-09 12:18:55 <\/h6>\n<p><!--\n<link rel=\"stylesheet\" href=\"css\/bootstrap.min.css\">\n\n\n<ul class=\"pagination\">\n\t    \n\t\n\n<li >\n\t<a href='?page_no=1127'>Previous<\/a>\n\t<\/li>\n\n\n       \n    \n\n<li><a href='?page_no=1'>1<\/a><\/li>\n\n\n\n<li><a href='?page_no=2'>2<\/a><\/li>\n\n\n\n<li><a>...<\/a><\/li>\n\n\n\n<li><a href='?page_no=1126'>1126<\/a><\/li>\n\n\n\n<li><a href='?page_no=1127'>1127<\/a><\/li>\n\n\n\n<li class='active'><a>1128<\/a><\/li>\n\n\n\n<li><a href='?page_no=1129'>1129<\/a><\/li>\n\n\n\n<li><a href='?page_no=1130'>1130<\/a><\/li>\n\n\n\n<li><a>...<\/a><\/li>\n\n\n\n<li><a href='?page_no=1549'>1549<\/a><\/li>\n\n\n\n<li><a href='?page_no=1550'>1550<\/a><\/li>\n\n    \n\t\n\n<li >\n\t<a href='?page_no=1129'>Next<\/a>\n\t<\/li>\n\n\n    \n\n<li><a href='?page_no=1550'>Last &rsaquo;&rsaquo;<\/a><\/li>\n\n<\/ul>\n\n\n--><br \/>\n<\/body><\/p>\n","protected":false},"excerpt":{"rendered":"<p>Actualizado 2019-11-09 10:25:56 | Spanish. xinhuanet. com CARACAS, 8 nov (Xinhua) &#8212; El presidente venezolano, Nicol\u00e1s Maduro, declar\u00f3 hoy su regocijo por la liberaci\u00f3n del expresidente Luis In\u00e1cio Lula Da Silva, tras permanecer 580 d\u00edas detenido en una c\u00e1rcel de la Polic\u00eda Federal de Curitiba luego de ser procesado por presunta corrupci\u00f3n administrativa. \u00abEs muy [&hellip;]<\/p>\n","protected":false},"author":3,"featured_media":0,"comment_status":"open","ping_status":"open","sticky":false,"template":"","format":"standard","meta":{"footnotes":""},"categories":[19],"tags":[],"class_list":["post-32228","post","type-post","status-publish","format-standard","hentry","category-mi-voz"],"_links":{"self":[{"href":"https:\/\/diariodominicano.com\/index.php?rest_route=\/wp\/v2\/posts\/32228","targetHints":{"allow":["GET"]}}],"collection":[{"href":"https:\/\/diariodominicano.com\/index.php?rest_route=\/wp\/v2\/posts"}],"about":[{"href":"https:\/\/diariodominicano.com\/index.php?rest_route=\/wp\/v2\/types\/post"}],"author":[{"embeddable":true,"href":"https:\/\/diariodominicano.com\/index.php?rest_route=\/wp\/v2\/users\/3"}],"replies":[{"embeddable":true,"href":"https:\/\/diariodominicano.com\/index.php?rest_route=%2Fwp%2Fv2%2Fcomments&post=32228"}],"version-history":[{"count":0,"href":"https:\/\/diariodominicano.com\/index.php?rest_route=\/wp\/v2\/posts\/32228\/revisions"}],"wp:attachment":[{"href":"https:\/\/diariodominicano.com\/index.php?rest_route=%2Fwp%2Fv2%2Fmedia&parent=32228"}],"wp:term":[{"taxonomy":"category","embeddable":true,"href":"https:\/\/diariodominicano.com\/index.php?rest_route=%2Fwp%2Fv2%2Fcategories&post=32228"},{"taxonomy":"post_tag","embeddable":true,"href":"https:\/\/diariodominicano.com\/index.php?rest_route=%2Fwp%2Fv2%2Ftags&post=32228"}],"curies":[{"name":"wp","href":"https:\/\/api.w.org\/{rel}","templated":true}]}}