{"id":322252,"date":"2022-01-06T22:47:59","date_gmt":"2022-01-07T02:47:59","guid":{"rendered":"http:\/\/diariodominicano.com\/?p=322252"},"modified":"2022-01-06T22:47:59","modified_gmt":"2022-01-07T02:47:59","slug":"di-maria-y-draxler-nuevos-casos-de-covid-19-en-psg","status":"publish","type":"post","link":"https:\/\/diariodominicano.com\/?p=322252","title":{"rendered":"Di Mar\u00eda y Draxler nuevos casos de Covid-19 en PSG"},"content":{"rendered":"\n<p>Par\u00eds, 6 ene (Prensa Latina) El Paris Saint-Germain (PSG) confirm\u00f3 hoy que los futbolistas \u00c1ngel Di Mar\u00eda y Julian Draxler dieron positivo al coronavirus SARS-CoV-2 y est\u00e1n aislados, noticia que complica a los capitalinos para su partido del domingo en Lyon.<\/p>\n\n\n\n<ul class=\"wp-block-list\"><li>enero 6, 2022<\/li><li>CST17:36 (GMT) -0500<\/li><\/ul>\n\n\n\n<p>La enfermedad viral de la Covid-19 causa estragos en el club rojiazul, c\u00f3modo l\u00edder de la Ligue1, tras el diagn\u00f3stico en los \u00faltimos d\u00edas del arquero Gianluigi Donnarumma y los jugadores Laywin Kurzawa, Juan Bernat, Sergio Rico y Nathan Bitumazal, a quienes se suman ahora el extremo argentino y el volante alem\u00e1n.<\/p>\n\n\n\n<p>El PSG anunci\u00f3 ayer el regreso a Francia del astro Lionel Messi de Argentina, donde le hab\u00edan detectado la Covid-19, pero su presencia en la cancha el domingo contra el Olympique de Lyon en la jornada 20 sigue en duda.<\/p>\n\n\n\n<p>Si se considera la lesi\u00f3n del estelar atacante brasile\u00f1o Neymar, a quien restan al menos dos semanas para incorporarse, los capitalinos parece que volver\u00e1n a depender ante Les Gones del fen\u00f3meno Kylian Mbapp\u00e9, autor de un hat-trick el lunes en los dieciseisavos de final de la Copa de Francia.<\/p>\n\n\n\n<p>oda\/wmr<\/p>\n","protected":false},"excerpt":{"rendered":"<p>Par\u00eds, 6 ene (Prensa Latina) El Paris Saint-Germain (PSG) confirm\u00f3 hoy que los futbolistas \u00c1ngel Di Mar\u00eda y Julian Draxler dieron positivo al coronavirus SARS-CoV-2 y est\u00e1n aislados, noticia que complica a los capitalinos para su partido del domingo en Lyon. enero 6, 2022 CST17:36 (GMT) -0500 La enfermedad viral de la Covid-19 causa estragos [&hellip;]<\/p>\n","protected":false},"author":28,"featured_media":322253,"comment_status":"closed","ping_status":"","sticky":false,"template":"","format":"standard","meta":{"footnotes":""},"categories":[17],"tags":[],"class_list":["post-322252","post","type-post","status-publish","format-standard","has-post-thumbnail","hentry","category-deportes"],"_links":{"self":[{"href":"https:\/\/diariodominicano.com\/index.php?rest_route=\/wp\/v2\/posts\/322252","targetHints":{"allow":["GET"]}}],"collection":[{"href":"https:\/\/diariodominicano.com\/index.php?rest_route=\/wp\/v2\/posts"}],"about":[{"href":"https:\/\/diariodominicano.com\/index.php?rest_route=\/wp\/v2\/types\/post"}],"author":[{"embeddable":true,"href":"https:\/\/diariodominicano.com\/index.php?rest_route=\/wp\/v2\/users\/28"}],"replies":[{"embeddable":true,"href":"https:\/\/diariodominicano.com\/index.php?rest_route=%2Fwp%2Fv2%2Fcomments&post=322252"}],"version-history":[{"count":1,"href":"https:\/\/diariodominicano.com\/index.php?rest_route=\/wp\/v2\/posts\/322252\/revisions"}],"predecessor-version":[{"id":322254,"href":"https:\/\/diariodominicano.com\/index.php?rest_route=\/wp\/v2\/posts\/322252\/revisions\/322254"}],"wp:featuredmedia":[{"embeddable":true,"href":"https:\/\/diariodominicano.com\/index.php?rest_route=\/wp\/v2\/media\/322253"}],"wp:attachment":[{"href":"https:\/\/diariodominicano.com\/index.php?rest_route=%2Fwp%2Fv2%2Fmedia&parent=322252"}],"wp:term":[{"taxonomy":"category","embeddable":true,"href":"https:\/\/diariodominicano.com\/index.php?rest_route=%2Fwp%2Fv2%2Fcategories&post=322252"},{"taxonomy":"post_tag","embeddable":true,"href":"https:\/\/diariodominicano.com\/index.php?rest_route=%2Fwp%2Fv2%2Ftags&post=322252"}],"curies":[{"name":"wp","href":"https:\/\/api.w.org\/{rel}","templated":true}]}}