{"id":32225,"date":"2019-11-11T00:14:04","date_gmt":"2019-11-11T00:14:04","guid":{"rendered":"http:\/\/diariodominicano.ddns.net\/?p=32225"},"modified":"2019-11-11T00:14:04","modified_gmt":"2019-11-11T00:14:04","slug":"el-golpe-en-bolivia-cinco-lecciones","status":"publish","type":"post","link":"https:\/\/diariodominicano.com\/?p=32225","title":{"rendered":"El golpe en Bolivia: cinco lecciones"},"content":{"rendered":"<p><body><\/p>\n<p><img decoding=\"async\" src=\"img3\/Atilio-Boron.jpg\" \/>  <\/p>\n<p><strong>Diariodominicano.com<\/strong><\/p>\n<p><strong> <\/strong><\/p>\n<p><strong>Por Atilio Bor\u00f3n*<\/strong><\/p>\n<p><strong>Buenos Aires, 10 nov (Prensa Latina<\/strong>) La tragedia boliviana ense\u00f1a con elocuencia varias lecciones que nuestros pueblos y las fuerzas sociales y pol\u00edticas populares deben aprender y grabar en sus conciencias para siempre.<\/p>\n<\/p>\n<p>Aqu\u00ed, una breve enumeraci\u00f3n, sobre la marcha, y como preludio a un tratamiento m\u00e1s detallado en el futuro.<\/p>\n<\/p>\n<p>Primero, por m\u00e1s que se administre de modo ejemplar la econom\u00eda como lo hizo el gobierno de Evo, se garantice crecimiento, redistribuci\u00f3n, flujo de inversiones y se mejoren todos los indicadores macro y microecon\u00f3micos, la derecha y el imperialismo jam\u00e1s van a aceptar a un gobierno que no se ponga al servicio de sus intereses.<\/p>\n<\/p>\n<p>Segundo, hay que estudiar los manuales publicados por diversas agencias de Estados Unidos y sus voceros disfrazados de acad\u00e9micos o periodistas para poder percibir a tiempo las se\u00f1ales de la ofensiva.<\/p>\n<\/p>\n<p>Esos escritos invariablemente resaltan la necesidad de destrozar la reputaci\u00f3n del l\u00edder popular, lo que en la jerga especializada se llama asesinato del personaje (&#8216;character assasination&#8217;) calific\u00e1ndolo de ladr\u00f3n, corrupto, dictador o ignorante.<\/p>\n<\/p>\n<p>Esta es la tarea confiada a comunicadores sociales, autoproclamados como &#8216;periodistas independientes&#8217;, que a favor de su control cuasi monop\u00f3lico de los medios taladran el cerebro de la poblaci\u00f3n con tales difamaciones, acompa\u00f1adas, en el caso que nos ocupa, por mensajes de odio dirigidos en contra de los pueblos originarios y los pobres en general.<\/p>\n<\/p>\n<p>Tercero, cumplido lo anterior llega el turno de la dirigencia pol\u00edtica y las \u00e9lites econ\u00f3micas reclamando &#8216;un cambio&#8217;, poner fin a &#8216;la dictadura&#8217; de Evo que, como escribiera hace pocos d\u00edas el impresentable Vargas Llosa, aqu\u00e9l es un &#8216;demagogo que quiere eternizarse en el poder&#8217;.<\/p>\n<\/p>\n<p>Supongo que estar\u00e1 brindando con champagne en Madrid al ver las im\u00e1genes de las hordas fascistas saqueando, incendiando, encadenando periodistas a un poste, rapando a una mujer alcalde y pint\u00e1ndola de rojo y destruyendo las actas de la pasada elecci\u00f3n para cumplir con el mandato de don Mario y liberar a Bolivia de un maligno demagogo.<\/p>\n<\/p>\n<p>Menciono su caso porque ha sido y es el inmoral portaestandarte de este ataque vil, de esta felon\u00eda sin l\u00edmites que crucifica liderazgos populares, destruye una democracia e instala el reinado del terror a cargo de bandas de sicarios contratados para escarmentar a un pueblo digno que tuvo la osad\u00eda de querer ser libre.<\/p>\n<\/p>\n<p>Cuarto: entran en escena las &#8216;fuerzas de seguridad&#8217;. En este caso estamos hablando de instituciones controladas por numerosas agencias, militares y civiles, del gobierno de Estados Unidos.<\/p>\n<\/p>\n<p>Estas las entrenan, las arman, hacen ejercicios conjuntos y las educan pol\u00edticamente. Tuve ocasi\u00f3n de comprobarlo cuando, por invitaci\u00f3n de Evo, inaugur\u00e9 un curso sobre &#8216;Antiimperialismo&#8217; para oficiales superiores de las tres armas.<\/p>\n<\/p>\n<p>En esa oportunidad qued\u00e9 azorado por el grado de penetraci\u00f3n de las m\u00e1s reaccionarias consignas norteamericanas heredadas de la \u00e9poca de la Guerra Fr\u00eda y por la indisimulada irritaci\u00f3n causada por el hecho que un ind\u00edgena fuese presidente de su pa\u00eds.<\/p>\n<\/p>\n<p>Lo que hicieron esas &#8216;fuerzas de seguridad&#8217; fue retirarse de escena y dejar el campo libre para la descontrolada actuaci\u00f3n de las hordas fascistas -como las que actuaron en Ucrania, en Libia, en Iraq, en Siria para derrocar, o tratar de hacerlo en este \u00faltimo caso, a l\u00edderes molestos para el imperio- y de ese modo intimidar a la poblaci\u00f3n, a la militancia y a las propias figuras del gobierno.<\/p>\n<\/p>\n<p>O sea, una nueva figura sociopol\u00edtica: golpismo militar &#8216;por omisi\u00f3n&#8217;, dejando que las bandas reaccionarias, reclutadas y financiadas por la derecha, impongan su ley. Una vez que reina el terror y ante la indefensi\u00f3n del gobierno el desenlace era inevitable.<\/p>\n<\/p>\n<p>Quinto, la seguridad y el orden p\u00fablico no debieron haber sido jam\u00e1s confiadas en Bolivia a instituciones como la polic\u00eda y el ej\u00e9rcito, colonizadas por el imperialismo y sus lacayos de la derecha aut\u00f3ctona.<\/p>\n<\/p>\n<p>Cuando se lanz\u00f3 la ofensiva en contra de Evo se opt\u00f3 por una pol\u00edtica de apaciguamiento y de no responder a las provocaciones de los fascistas.<\/p>\n<\/p>\n<p>Esto sirvi\u00f3 para envalentonarlos y acrecentar la apuesta: primero, exigir balotaje; despu\u00e9s, fraude y nuevas elecciones; enseguida, elecciones pero sin Evo (como en Brasil, sin Lula).<\/p>\n<\/p>\n<p>M\u00e1s tarde, renuncia de Evo; finalmente, ante su reluctancia a aceptar el chantaje, sembrar el terror con la complicidad de polic\u00edas y militares y forzar a Evo a renunciar. De manual, todo de manual. \u00bfAprenderemos estas lecciones?<\/p>\n<\/p>\n<p>mv\/ab\/may<\/p>\n<\/p>\n<p>*Destacado polit\u00f3logo argentino. Colaborador de Prensa Latina.<\/p>\n<h6> 2019-11-11 00:14:04 <\/h6>\n<p><!--\n<link rel=\"stylesheet\" href=\"css\/bootstrap.min.css\">\n\n\n<ul class=\"pagination\">\n\t    \n\t\n\n<li >\n\t<a href='?page_no=1124'>Previous<\/a>\n\t<\/li>\n\n\n       \n    \n\n<li><a href='?page_no=1'>1<\/a><\/li>\n\n\n\n<li><a href='?page_no=2'>2<\/a><\/li>\n\n\n\n<li><a>...<\/a><\/li>\n\n\n\n<li><a href='?page_no=1123'>1123<\/a><\/li>\n\n\n\n<li><a href='?page_no=1124'>1124<\/a><\/li>\n\n\n\n<li class='active'><a>1125<\/a><\/li>\n\n\n\n<li><a href='?page_no=1126'>1126<\/a><\/li>\n\n\n\n<li><a href='?page_no=1127'>1127<\/a><\/li>\n\n\n\n<li><a>...<\/a><\/li>\n\n\n\n<li><a href='?page_no=1549'>1549<\/a><\/li>\n\n\n\n<li><a href='?page_no=1550'>1550<\/a><\/li>\n\n    \n\t\n\n<li >\n\t<a href='?page_no=1126'>Next<\/a>\n\t<\/li>\n\n\n    \n\n<li><a href='?page_no=1550'>Last &rsaquo;&rsaquo;<\/a><\/li>\n\n<\/ul>\n\n\n--><br \/>\n<\/body><\/p>\n","protected":false},"excerpt":{"rendered":"<p>Diariodominicano.com Por Atilio Bor\u00f3n* Buenos Aires, 10 nov (Prensa Latina) La tragedia boliviana ense\u00f1a con elocuencia varias lecciones que nuestros pueblos y las fuerzas sociales y pol\u00edticas populares deben aprender y grabar en sus conciencias para siempre. Aqu\u00ed, una breve enumeraci\u00f3n, sobre la marcha, y como preludio a un tratamiento m\u00e1s detallado en el futuro. [&hellip;]<\/p>\n","protected":false},"author":3,"featured_media":0,"comment_status":"open","ping_status":"open","sticky":false,"template":"","format":"standard","meta":{"footnotes":""},"categories":[19],"tags":[],"class_list":["post-32225","post","type-post","status-publish","format-standard","hentry","category-mi-voz"],"_links":{"self":[{"href":"https:\/\/diariodominicano.com\/index.php?rest_route=\/wp\/v2\/posts\/32225","targetHints":{"allow":["GET"]}}],"collection":[{"href":"https:\/\/diariodominicano.com\/index.php?rest_route=\/wp\/v2\/posts"}],"about":[{"href":"https:\/\/diariodominicano.com\/index.php?rest_route=\/wp\/v2\/types\/post"}],"author":[{"embeddable":true,"href":"https:\/\/diariodominicano.com\/index.php?rest_route=\/wp\/v2\/users\/3"}],"replies":[{"embeddable":true,"href":"https:\/\/diariodominicano.com\/index.php?rest_route=%2Fwp%2Fv2%2Fcomments&post=32225"}],"version-history":[{"count":0,"href":"https:\/\/diariodominicano.com\/index.php?rest_route=\/wp\/v2\/posts\/32225\/revisions"}],"wp:attachment":[{"href":"https:\/\/diariodominicano.com\/index.php?rest_route=%2Fwp%2Fv2%2Fmedia&parent=32225"}],"wp:term":[{"taxonomy":"category","embeddable":true,"href":"https:\/\/diariodominicano.com\/index.php?rest_route=%2Fwp%2Fv2%2Fcategories&post=32225"},{"taxonomy":"post_tag","embeddable":true,"href":"https:\/\/diariodominicano.com\/index.php?rest_route=%2Fwp%2Fv2%2Ftags&post=32225"}],"curies":[{"name":"wp","href":"https:\/\/api.w.org\/{rel}","templated":true}]}}