{"id":32224,"date":"2019-11-13T10:01:30","date_gmt":"2019-11-13T10:01:30","guid":{"rendered":"http:\/\/diariodominicano.ddns.net\/?p=32224"},"modified":"2019-11-13T10:01:30","modified_gmt":"2019-11-13T10:01:30","slug":"mpd-exhorta-a-revolucionarios-de-america-latina-y-el-mundo-a-condenar-golpe-de-estado-contra-evo-morales","status":"publish","type":"post","link":"https:\/\/diariodominicano.com\/?p=32224","title":{"rendered":"MPD exhorta a revolucionarios de America Latina y el mundo a condenar golpe de estado contra Evo Morales"},"content":{"rendered":"<p><body><\/p>\n<p>SANTO DOMINGO, REPUBLICA DOMINICANA. El Movimiento Popular Dominicano (MPD) expresa su m\u00e1s en\u00e9rgica condena al golpe de estado perpetrado contra el gobierno constitucional de Bolivia encabezado por el presidente Evo Morales Ayma; al tiempo que llamamos r toda la solidaridad militante a todos los revolucionarios de Am\u00e9rica Latina y del mundo a solidarizarse y respaldar al pueblo  boliviano.<\/p>\n<\/p>\n<p>\u00abLas oligarqu\u00edas y el imperio norteamericano, no logran aceptar la nueva decisi\u00f3n de nuestros saqueados y martirizados pueblos de construir sendas de desarrollo desde los sectores sociales que son las bases de nuestras sociedades\u00bb, expresa el MPD en una nota firmada por su vocero nacional, Pablo Ferreiras.<\/p>\n<\/p>\n<p>Agrega la organizaci\u00f3n m\u00e1s antigua de la Rep\u00fablica Dominicana que las eternamente vapuleadas y explotadas comunidades originarias de nuestros territorios, al salir de los letargos impuestos a fuerza de la miseria, aporreamiento y la alienaci\u00f3n, van constituyendo nuevas formas de democracias centradas en la reincorporaci\u00f3n de valores que defienden los recursos naturales, propician mejor redistribuci\u00f3n del producto del trabajo.<\/p>\n<\/p>\n<p>Sostiene que estas pol\u00edticas aunque no rompen radicalmente  con el esquema de la concentraci\u00f3n de riquezas en pocas manos, han posibilitado mejoras importantes en las condiciones de vida de sus ciudadanos.<\/p>\n<\/p>\n<p>\u00abEn Bolivia, bajo la certera conducci\u00f3n del Movimiento Al Socialismo (MAS), se ha ido cambiando el tradicional esquema excluyente, las comunidades ind\u00edgenas han sido merecedoras de mejores condiciones salariales y de vida; el gobierno de Evo Morales ha sabido defender los inmensos recursos naturales, logrando acuerdos de extracci\u00f3n y comerciales que les han restituido la soberan\u00eda sobre los estos al mismo tiempo que obtienen recursos que son canalizados a crear las condiciones de una sociedad m\u00e1s justa\u00bb, precisa Ferreiras.<\/p>\n<\/p>\n<p>El MPD indica que las razones antes citadas son las imperdonables razones para que el Pent\u00e1gono atizara el plan desestabilizador que diera al traste con este ensayo de buen gobierno.<\/p>\n<\/p>\n<p>Nuestra organizaci\u00f3n revolucionaria, expresa su respaldo m\u00e1s absoluto y militante a favor del restablecimiento del orden interrumpido por la violencia impuesta por oligarcas enemigos del pueblo de Bolivia, exigimos que los distintos c\u00f3nclaves internacionales se hagan garantes de la restauraci\u00f3n del Gobierno leg\u00edtimo presidido por Evo Morales Ayma.<\/p>\n<h6> 2019-11-13 10:01:30 <\/h6>\n<p><!--\n<link rel=\"stylesheet\" href=\"css\/bootstrap.min.css\">\n\n\n<ul class=\"pagination\">\n\t    \n\t\n\n<li >\n\t<a href='?page_no=1123'>Previous<\/a>\n\t<\/li>\n\n\n       \n    \n\n<li><a href='?page_no=1'>1<\/a><\/li>\n\n\n\n<li><a href='?page_no=2'>2<\/a><\/li>\n\n\n\n<li><a>...<\/a><\/li>\n\n\n\n<li><a href='?page_no=1122'>1122<\/a><\/li>\n\n\n\n<li><a href='?page_no=1123'>1123<\/a><\/li>\n\n\n\n<li class='active'><a>1124<\/a><\/li>\n\n\n\n<li><a href='?page_no=1125'>1125<\/a><\/li>\n\n\n\n<li><a href='?page_no=1126'>1126<\/a><\/li>\n\n\n\n<li><a>...<\/a><\/li>\n\n\n\n<li><a href='?page_no=1549'>1549<\/a><\/li>\n\n\n\n<li><a href='?page_no=1550'>1550<\/a><\/li>\n\n    \n\t\n\n<li >\n\t<a href='?page_no=1125'>Next<\/a>\n\t<\/li>\n\n\n    \n\n<li><a href='?page_no=1550'>Last &rsaquo;&rsaquo;<\/a><\/li>\n\n<\/ul>\n\n\n--><br \/>\n<\/body><\/p>\n","protected":false},"excerpt":{"rendered":"<p>SANTO DOMINGO, REPUBLICA DOMINICANA. El Movimiento Popular Dominicano (MPD) expresa su m\u00e1s en\u00e9rgica condena al golpe de estado perpetrado contra el gobierno constitucional de Bolivia encabezado por el presidente Evo Morales Ayma; al tiempo que llamamos r toda la solidaridad militante a todos los revolucionarios de Am\u00e9rica Latina y del mundo a solidarizarse y respaldar [&hellip;]<\/p>\n","protected":false},"author":3,"featured_media":0,"comment_status":"open","ping_status":"open","sticky":false,"template":"","format":"standard","meta":{"footnotes":""},"categories":[19],"tags":[],"class_list":["post-32224","post","type-post","status-publish","format-standard","hentry","category-mi-voz"],"_links":{"self":[{"href":"https:\/\/diariodominicano.com\/index.php?rest_route=\/wp\/v2\/posts\/32224","targetHints":{"allow":["GET"]}}],"collection":[{"href":"https:\/\/diariodominicano.com\/index.php?rest_route=\/wp\/v2\/posts"}],"about":[{"href":"https:\/\/diariodominicano.com\/index.php?rest_route=\/wp\/v2\/types\/post"}],"author":[{"embeddable":true,"href":"https:\/\/diariodominicano.com\/index.php?rest_route=\/wp\/v2\/users\/3"}],"replies":[{"embeddable":true,"href":"https:\/\/diariodominicano.com\/index.php?rest_route=%2Fwp%2Fv2%2Fcomments&post=32224"}],"version-history":[{"count":0,"href":"https:\/\/diariodominicano.com\/index.php?rest_route=\/wp\/v2\/posts\/32224\/revisions"}],"wp:attachment":[{"href":"https:\/\/diariodominicano.com\/index.php?rest_route=%2Fwp%2Fv2%2Fmedia&parent=32224"}],"wp:term":[{"taxonomy":"category","embeddable":true,"href":"https:\/\/diariodominicano.com\/index.php?rest_route=%2Fwp%2Fv2%2Fcategories&post=32224"},{"taxonomy":"post_tag","embeddable":true,"href":"https:\/\/diariodominicano.com\/index.php?rest_route=%2Fwp%2Fv2%2Ftags&post=32224"}],"curies":[{"name":"wp","href":"https:\/\/api.w.org\/{rel}","templated":true}]}}