{"id":32222,"date":"2019-11-13T22:50:33","date_gmt":"2019-11-13T22:50:33","guid":{"rendered":"http:\/\/diariodominicano.ddns.net\/?p=32222"},"modified":"2019-11-13T22:50:33","modified_gmt":"2019-11-13T22:50:33","slug":"el-prm-y-ojala-que","status":"publish","type":"post","link":"https:\/\/diariodominicano.com\/?p=32222","title":{"rendered":"EL PRM Y OJALA QUE&#8230;"},"content":{"rendered":"<p><body><\/p>\n<p><img decoding=\"async\" src=\"img3\/photo(1) (3).jpg\" \/>  <\/p>\n<p>Por: Roberto S\u00e1nchez<\/p>\n<\/p>\n<\/p>\n<p>Aparentemente hasta ahora, el PRM seg\u00fan las encuestas tiene todas las de ganar y eso es bueno. Sin embargo, este partido ha establecido y concretizado una alianza pol\u00edtica con uno de los grupos responsable de la corrupci\u00f3n, la impunidad y el endeudamiento progresivo del estado, esta facci\u00f3n la encabeza Leonel Fern\u00e1ndez.<\/p>\n<\/p>\n<p>El pueblo dominicano no debe dejarse confundir, tanto el grupo de Danilo Medina como el grupo de Leonel son iguales de corruptos y tanto el uno como el otro son responsables de los niveles de corrupci\u00f3n y el alto \u00edndice de criminalidad y de impunidad que existe en nuestro pa\u00eds.<\/p>\n<\/p>\n<p>Leonel prepar\u00f3 durante sus gobiernos de 12 a\u00f1os todo el tinglado de las altas cortes, permitiendo de esa manera la malversaci\u00f3n de los recursos del estado, garantiz\u00f3 impunidad a los monstruos de F\u00e9lix Bautista, D\u00edaz R\u00faa y Diandino Pe\u00f1a.<\/p>\n<\/p>\n<p>Leonel Fern\u00e1ndez, no abandona el PLD para ser segunda base de Luis Abinader ni de Gonzalo Castillo; lo abandona por que quiere volver a ser presidente. Si hoy no esta en el comit\u00e9 pol\u00edtico del PLD fue por que no gan\u00f3 las primarias de ese partido, no porque tenga contradicciones de fondo con el grupo de Danilo.<\/p>\n<\/p>\n<p>Leonel Fern\u00e1ndez al igual que Danilo Medina, han compartido el gobierno por casi 20 a\u00f1os Y son responsables del modelo injusto que prevalece en nuestro pa\u00eds, promoviendo el robo la corrupci\u00f3n y la impunidad. No nos dejemos confundir, Leonel y Danilo son parte del problema. Todos los miembros del comit\u00e9 pol\u00edtico y una buena parte del comit\u00e9 central del PLD son multimillonarios bajo la protecci\u00f3n de ambos. Ni el uno ni el otro, tuvieron la honradez de reconocer los altos niveles de corrupci\u00f3n y de impunidad existente en sus gobiernos.<\/p>\n<\/p>\n<p>El pueblo dominicano no debes dejarse confundir, Leonel no es opositor al gobierno, es tan perverso como Danilo Medina.<\/p>\n<\/p>\n<p>El PRM prefiri\u00f3 tomar el camino m\u00e1s f\u00e1cil, el de ganar por ganar, sin hacer esfuerzo de concertar una alianza con la sociedad y otras organizaciones que realmente quieren un cambio en la rep\u00fablica dominicana, y as\u00ed tratar de diferenciarse de los que est\u00e1n y han estado en el poder. Su diab\u00f3lica alianza ha minimizado la capacidad de movilizaci\u00f3n y el sentimiento mayoritaria hoy en la poblaci\u00f3n de que \u00abno queremos m\u00e1s PLD.\u00bb \u00bfComo se podr\u00e1 enfrentar la corrupci\u00f3n y la impunidad o perseguir los actos de corrupci\u00f3n de los gobiernos del PLD cuando parte de los corruptos de esos gobiernos est\u00e1n aliados a ellos? Derrotar al PLD y propiciar el cambio, tambi\u00e9n implica la transformaci\u00f3n del estado mercantilista y neoliberal que hoy tenemos al servicio de unos pocos y dejar definitivamente de continuar metamorfoseando la historia cada cuatro a\u00f1os. En realidad la ciudadan\u00eda aspira a un presente y a un futuro diferente.<\/p>\n<\/p>\n<p>Con el liderazgo de Leonel Fern\u00e1ndez, engrandecido, con un discurso populista tratando de desligarse de la corrupci\u00f3n y de la impunidad implementada por el partido que dirigi\u00f3 por mas de 40; con la experiencia de haber sido presidente en tres ocasiones, con un grupo que sabe como hacer trampa en los procesos electorales, nadie puede subestimarlo en este proceso, por lo que el PRM se podr\u00eda ver en el escenario de una segunda vuelta enfrent\u00e1ndose a Gonzalo o a Leonel Fern\u00e1ndez.<\/p>\n<\/p>\n<p>Con un escenario as\u00ed, cabe preguntarse, \u00bfvotar\u00edan los pelede\u00edstas en contra de Leonel o de Danilo-Gonzalo? Los pelede se conocen y como dijo uno de su l\u00edder \u00abhay medio mill\u00f3n de empleos en peligro,\u00bb en este proceso electoral.<\/p>\n<\/p>\n<p>El PRM seg\u00fan las encuestas tiene las elecciones ganada, pero faltan siete meses y ojal\u00e1 que no se equivoquen en la estrategia, de ganar por ganar, por que seg\u00fan parece todav\u00eda no hay nada escrito en este proceso.<\/p>\n<\/p>\n<p>EL AUTOR: Es analista Pol\u00edtico y educador, Reside en Florida.<\/p>\n<\/p>\n<h6> 2019-11-13 22:50:33 <\/h6>\n<p><!--\n<link rel=\"stylesheet\" href=\"css\/bootstrap.min.css\">\n\n\n<ul class=\"pagination\">\n\t    \n\t\n\n<li >\n\t<a href='?page_no=1121'>Previous<\/a>\n\t<\/li>\n\n\n       \n    \n\n<li><a href='?page_no=1'>1<\/a><\/li>\n\n\n\n<li><a href='?page_no=2'>2<\/a><\/li>\n\n\n\n<li><a>...<\/a><\/li>\n\n\n\n<li><a href='?page_no=1120'>1120<\/a><\/li>\n\n\n\n<li><a href='?page_no=1121'>1121<\/a><\/li>\n\n\n\n<li class='active'><a>1122<\/a><\/li>\n\n\n\n<li><a href='?page_no=1123'>1123<\/a><\/li>\n\n\n\n<li><a href='?page_no=1124'>1124<\/a><\/li>\n\n\n\n<li><a>...<\/a><\/li>\n\n\n\n<li><a href='?page_no=1549'>1549<\/a><\/li>\n\n\n\n<li><a href='?page_no=1550'>1550<\/a><\/li>\n\n    \n\t\n\n<li >\n\t<a href='?page_no=1123'>Next<\/a>\n\t<\/li>\n\n\n    \n\n<li><a href='?page_no=1550'>Last &rsaquo;&rsaquo;<\/a><\/li>\n\n<\/ul>\n\n\n--><br \/>\n<\/body><\/p>\n","protected":false},"excerpt":{"rendered":"<p>Por: Roberto S\u00e1nchez Aparentemente hasta ahora, el PRM seg\u00fan las encuestas tiene todas las de ganar y eso es bueno. Sin embargo, este partido ha establecido y concretizado una alianza pol\u00edtica con uno de los grupos responsable de la corrupci\u00f3n, la impunidad y el endeudamiento progresivo del estado, esta facci\u00f3n la encabeza Leonel Fern\u00e1ndez. El [&hellip;]<\/p>\n","protected":false},"author":3,"featured_media":0,"comment_status":"open","ping_status":"open","sticky":false,"template":"","format":"standard","meta":{"footnotes":""},"categories":[19],"tags":[],"class_list":["post-32222","post","type-post","status-publish","format-standard","hentry","category-mi-voz"],"_links":{"self":[{"href":"https:\/\/diariodominicano.com\/index.php?rest_route=\/wp\/v2\/posts\/32222","targetHints":{"allow":["GET"]}}],"collection":[{"href":"https:\/\/diariodominicano.com\/index.php?rest_route=\/wp\/v2\/posts"}],"about":[{"href":"https:\/\/diariodominicano.com\/index.php?rest_route=\/wp\/v2\/types\/post"}],"author":[{"embeddable":true,"href":"https:\/\/diariodominicano.com\/index.php?rest_route=\/wp\/v2\/users\/3"}],"replies":[{"embeddable":true,"href":"https:\/\/diariodominicano.com\/index.php?rest_route=%2Fwp%2Fv2%2Fcomments&post=32222"}],"version-history":[{"count":0,"href":"https:\/\/diariodominicano.com\/index.php?rest_route=\/wp\/v2\/posts\/32222\/revisions"}],"wp:attachment":[{"href":"https:\/\/diariodominicano.com\/index.php?rest_route=%2Fwp%2Fv2%2Fmedia&parent=32222"}],"wp:term":[{"taxonomy":"category","embeddable":true,"href":"https:\/\/diariodominicano.com\/index.php?rest_route=%2Fwp%2Fv2%2Fcategories&post=32222"},{"taxonomy":"post_tag","embeddable":true,"href":"https:\/\/diariodominicano.com\/index.php?rest_route=%2Fwp%2Fv2%2Ftags&post=32222"}],"curies":[{"name":"wp","href":"https:\/\/api.w.org\/{rel}","templated":true}]}}