{"id":32221,"date":"2019-11-15T19:01:31","date_gmt":"2019-11-15T19:01:31","guid":{"rendered":"http:\/\/diariodominicano.ddns.net\/?p=32221"},"modified":"2019-11-15T19:01:31","modified_gmt":"2019-11-15T19:01:31","slug":"juan-bosch-en-el-acuerdo-de-benidorm","status":"publish","type":"post","link":"https:\/\/diariodominicano.com\/?p=32221","title":{"rendered":"JUAN BOSCH EN EL ACUERDO DE BENIDORM"},"content":{"rendered":"<p><body><\/p>\n<p><img decoding=\"async\" src=\"img3\/Juan-Bosch-En-El-Acuerdo-De-Benidorm-6.jpg\" \/><br \/><img decoding=\"async\" src=\"img3\/Juan-Bosch-En-El-Acuerdo-De-Benidorm-5.jpg\" \/><br \/><img decoding=\"async\" src=\"img3\/Juan-Bosch-En-El-Acuerdo-De-Benidorm-4.jpg\" \/>  <\/p>\n<\/p>\n<p>                                         <strong>                                      Por Sebasti\u00e1n del Pilar S\u00e1nchez<\/strong><\/p>\n<\/p>\n<\/p>\n<p>A finales de noviembre de 1968 una comisi\u00f3n del partido blanco, encabezada por su secretario general, Jos\u00e9 Francisco Pe\u00f1a G\u00f3mez y su excandidato vicepresidencial, hacendado Silvestre Antonio Guzm\u00e1n Fern\u00e1ndez, viaj\u00f3 a Espa\u00f1a para entrevistarse con el profesor Juan Bosch, a fin de que reconsiderara su renuncia como asesor de esa entidad y contribuyera a contener el progresivo desencanto de sus simpatizantes, por la inercia desmoralizadora que provoc\u00f3 a nivel nacional la abstenci\u00f3n electoral perrede\u00edsta en los comicios de mayo, ganados sin competencia real por los candidatos a s\u00edndicos y regidores del Partido Reformista del presidente Joaqu\u00edn Balaguer.<\/p>\n<\/p>\n<\/p>\n<p>Esas elecciones municipales carecieron de brillo debido a la ausencia de candidaturas realmente opositoras y evidenciaron, como era l\u00f3gico, el desacierto de la dirigencia perrede\u00edsta al promover la no concurrencia a las urnas, porque -fruto de esa decisi\u00f3n- perdieron su representaci\u00f3n municipal y millares de empleos que cubr\u00edan las necesidades b\u00e1sicas de subsistencia de sus miembros en los ayuntamientos del Distrito Nacional, La Romana, San Pedro de Macor\u00eds, San Jos\u00e9 de Ocoa, Azua, Barahona, Neiba, Ban\u00ed y otros municipios cuyos cabildos pasaron a ser controlados por los reformistas.<\/p>\n<\/p>\n<\/p>\n<p>La abstenci\u00f3n electoral fue alentada desde Espa\u00f1a por el expresidente Bosch, en su calidad de conductor de la estrategia partidaria, vista la precariedad existente en el clima de paz de su pa\u00eds, sumido entonces en la violencia, dado que en esa \u00e9poca ocurrieron los asesinatos de los dirigentes de izquierda Juan Castro Arias, Rub\u00e9n Santana y Orlando Mazara, adem\u00e1s las desapariciones de Guido Gil D\u00edaz y Henry Segarra Santos, as\u00ed como los sonados atentados perpetrados en marzo y mayo de 1967 por \u00abfuerzas incontrolables\u00bb, contra las vidas del general Antonio Imbert Barrera y el senador Pablo Rafael Casimiro Castro, representante de la provincia de Pedernales.<\/p>\n<\/p>\n<\/p>\n<p>Esta iniciativa sugerida por Bosch desde su morada en la ciudad tur\u00edstica de Benidorm, c\u00e9lebre por sus atractivas playas, fascinantes monumentos y altos rascacielos, al igual que su renuncia ten\u00eda un componente rigurosamente ideol\u00f3gico, estimulado por la exposici\u00f3n y ventilaci\u00f3n p\u00fablica de su novedosa tesis de \u00abLa Dictadura con respaldo popular\u00bb, cuyo texto por cap\u00edtulo comenz\u00f3 a publicarse el 4 de septiembre de 1967 en la revista \u00a1AHORA! que dirig\u00eda el abogado y periodista Rafael Molina Morillo.<\/p>\n<\/p>\n<\/p>\n<p>El contenido esencial de esta tesis cal\u00f3 por primera vez en la opini\u00f3n p\u00fablica luego del acto de apertura del congreso mundial de la Uni\u00f3n Internacional de J\u00f3venes Socialistas (IUSY), celebrado en Suecia en junio de ese a\u00f1o, donde Bosch -como orador principal- pronunci\u00f3 un discurso poniendo de manifiesto su desencanto con las ideas democr\u00e1ticas que defendiera a capa y espada durante largos a\u00f1os. Su participaci\u00f3n en ese foro tom\u00f3 por sorpresa a sus compa\u00f1eros de partido, que lo ten\u00edan como el palad\u00edn de la democracia por enfrentarse desde el exilio a la dictadura de Trujillo y luego convertirse en connotada figura del movimiento de izquierda democr\u00e1tica que surgi\u00f3 en Am\u00e9rica Latina a principios de la d\u00e9cada de 1960, con el distintivo de un socialismo con rostro humano que contradec\u00eda la teor\u00eda leninista sobre la destrucci\u00f3n del sistema capitalista.<\/p>\n<\/p>\n<\/p>\n<p>En ese tiempo aparentaba estar vinculado a los expresidentes Pepe Figueres y Luis Alberto Monge, de Costa Rica; R\u00f3mulo Betancourt, de Venezuela; Hern\u00e1n Siles Suazo, de Bolivia; as\u00ed como al exgobernador de Puerto Rico, Luis Mu\u00f1oz Mar\u00edn y al l\u00edder peruano y fundador de la Alianza Popular Revolucionaria Americana -APRA, V\u00edctor Ra\u00fal Haya de la Torre.<\/p>\n<\/p>\n<\/p>\n<p>En este congreso, el escritor y pol\u00edtico dominicano impugn\u00f3 la democracia representativa, calific\u00e1ndola de inoperante y de \u00abun lujo de pa\u00edses ricos\u00bb, estremeciendo con esa opini\u00f3n el \u00e1nimo de la concurrencia, porque nadie esperaba una cr\u00edtica tan \u00e1cida en los labios de un estadista que en 1963 actu\u00f3 desde la presidencia aferrado al r\u00e9gimen constitucional de derechos y libertades, pero que s\u00fabitamente aseguraba que este sistema de vida no  \u00abpodr\u00e1 resolver el c\u00famulo de problemas que el pa\u00eds tiene por delante\u00bb.<\/p>\n<\/p>\n<p>All\u00ed se le ocurri\u00f3 decir, tambi\u00e9n, que \u00abPor el camino del hambre no se puede ir ya a la democracia\u00bb, que \u00abduerme sin s\u00e1banas y no se sienta a comer en el suelo\u00bb.<\/p>\n<\/p>\n<\/p>\n<p>Esa apreciaci\u00f3n sobre la inoperancia de la democracia en los pa\u00edses pobres, fue toreada por los dirigentes conservadores y moderados del partido blanco, quienes se cuidaron de exponer su desacuerdo con \u00e9l en p\u00fablico, aunque lograron postergar la discusi\u00f3n de la nueva tesis en los organismos partidarios, evitando que se impusiera una plataforma te\u00f3rica contraria a la ideolog\u00eda liberal que orient\u00f3 la lucha antitrujillista del perrede\u00edsmo, su tradici\u00f3n democr\u00e1tica, cimentada en su exitosa campa\u00f1a por el poder en 1963 y la estrategia electoralista ratificada tres a\u00f1os m\u00e1s tarde, a poco de culminar la contienda b\u00e9lica de 1965.<\/p>\n<\/p>\n<\/p>\n<p>Aun as\u00ed, la figura pol\u00edtica de Bosch se mantendr\u00eda intacta porque conven\u00eda tenerlo de asesor y s\u00edmbolo aglutinante de la membres\u00eda perrede\u00edsta para que con su renombre internacional de escritor y estadista, pudiera seguir contribuyendo desde el extranjero al establecimiento de una direcci\u00f3n colegiada institucional, que fortaleciera la posici\u00f3n de Pe\u00f1a G\u00f3mez como principal ejecutivo perrede\u00edsta, en un momento estelar del desarrollo de su liderazgo, cuando emerg\u00eda como la esperanza de las masas populares en la lucha por un futuro mejor y se desenvolv\u00eda como ente de equilibrio entre los sectores convergentes en la estructura policlasista partidaria.<\/p>\n<\/p>\n<\/p>\n<p>Por los criterios se\u00f1alados, la delegaci\u00f3n perrede\u00edsta que viaj\u00f3 a Benidorm en noviembre de 1968, presidida por Pe\u00f1a G\u00f3mez y Antonio Guzm\u00e1n, no pod\u00eda volver a Santo Domingo sin convencer a Bosch de que sopesara su decisi\u00f3n final; pues una dimisi\u00f3n suya se consideraba inoportuna y hasta perjudicial a los intereses partidarios, siendo saludable y conveniente su continuidad en la funci\u00f3n de asesor que le asign\u00f3 la cuarta convenci\u00f3n nacional perrede\u00edsta celebrada en octubre de 1966.<\/p>\n<\/p>\n<\/p>\n<p>La referida comisi\u00f3n representaba a todos los sectores del partido y llevaba un mandato leg\u00edtimo de su m\u00e1s alto organismo ejecutivo, sobresaliendo entre sus miembros el licenciado M\u00e1ximo Lovat\u00f3n Pittaluga, senador del Distrito Nacional; la licenciada Frida Mart\u00ednez de Espinal; los doctores Ambiorix D\u00edaz Estrella y Jos\u00e9 Augusto Vega Imbert, de la ciudad de Santiago; as\u00ed como la doctora Sof\u00eda Leonor S\u00e1nchez Baret, l\u00edder femenina; Miguel Soto y Pedro Julio Evangelista, representantes del sector sindical; Mariano Pe\u00f1a, l\u00edder agrario; Juan Winston Arnaud Guzm\u00e1n y Jos\u00e9 Ovalle Polanco, secretario general y secretario de organizaci\u00f3n de la combativa Juventud Revolucionaria.<\/p>\n<\/p>\n<\/p>\n<p>Arnaud y Ovalle eran los comisionados de menor edad, pr\u00e1cticamente dos muchachos que llegaron a Benidorm cargados de regalos para Bosch y su esposa, especialmente dulces y cigarrillos Crema, ya que el l\u00edder pol\u00edtico fumaba entonces, con frecuencia y placer, ese producto criollo. Sin embargo, no ser\u00eda tarea f\u00e1cil para esa comisi\u00f3n convencer a Bosch de que continuara asesorando a la direcci\u00f3n del partido, porque las diferencias de criterios entre \u00e9ste y los visitantes se hicieron visibles en la primera reuni\u00f3n que sostuvieron en esa ciudad espa\u00f1ola, debido al discreto respaldo que brindaron a su tesis.<\/p>\n<\/p>\n<\/p>\n<p>Al finalizar ese encuentro, durante un di\u00e1logo informal con Winston Arnaud, efectuado en un \u00e1rea recreativa de su apartamento, en donde el l\u00edder pol\u00edtico destap\u00f3 una cajetilla de sus preferidos cigarrillos criollos \u00abCrema\u00bb sin filtro, mientras Winston encend\u00eda un Marlboro, el expresidente le habr\u00eda insinuado que para agilizar  la aprobaci\u00f3n y puesta en pr\u00e1ctica de la tesis de \u00abLa Dictadura con Respaldo Popular\u00bb era necesario apartar de la direcci\u00f3n del partido blanco a los burgueses nacionales que ocupaban posiciones en su comit\u00e9 ejecutivo. <\/p>\n<\/p>\n<\/p>\n<p>Ese planteamiento habr\u00eda molestado al l\u00edder juvenil, por su estrecho v\u00ednculo con Antonio Guzm\u00e1n, un burgu\u00e9s nacionalista que era sost\u00e9n eficaz de las finanzas del partido blanco y uno de los l\u00edderes de la comitiva perrede\u00edsta que se encontraba en Benidorm; pero las cosas, por suerte, no pasaron de ah\u00ed. La maniobra de Bosch no fue  objeto de discusi\u00f3n ni tuvo mayor trascendencia, aunque hab\u00eda  sido una clara expresi\u00f3n de lo radical que estaba el l\u00edder pol\u00edtico en su posici\u00f3n.<\/p>\n<\/p>\n<p>Seg\u00fan la apreciaci\u00f3n del doctor Jottin Cury El\u00edas, presidente del comit\u00e9 pol\u00edtico del partido blanco y su principal vocero en el Congreso Nacional, Bosch \u00abestaba desilusionado de su larga lucha por la democracia\u00bb, pese haber cre\u00eddo durante largo tiempo en \u00abla soluci\u00f3n de los males sociales de Am\u00e9rica Latina y el pa\u00eds a trav\u00e9s de los gobiernos democr\u00e1ticos\u00bb.<\/p>\n<\/p>\n<\/p>\n<p>El jurista Cury El\u00edas, admirado por su rol estelar como canciller del gobierno en armas del coronel Francisco Caama\u00f1o durante la guerra patria, as\u00ed como por su condici\u00f3n de catedr\u00e1tico universitario y brillante legislador opositor, visit\u00f3 a Bosch en Benidorm un a\u00f1o antes; espec\u00edficamente el 4 de noviembre de 1967, siendo uno de los primeros dirigentes perrede\u00edstas en dialogar con el expresidente y examinar su transformaci\u00f3n ideol\u00f3gica; pudiendo estimar que \u00e9ste hab\u00eda llegado a la conclusi\u00f3n de que la democracia era para pa\u00edses ricos y la dictadura para subdesarrollados con mucha gente pobre, sin trabajo y sin comida, que  -como en su pueblo- acuden a las urnas a votar cada cuatro a\u00f1os.<\/p>\n<\/p>\n<\/p>\n<p>Sin embargo, una visi\u00f3n diferente ten\u00eda al respecto el comerciante y tambi\u00e9n dirigente perrede\u00edsta, don Manuel Fern\u00e1ndez M\u00e1rmol, quien visit\u00f3 la residencia del expresidente en la susodicha ciudad, a principios de noviembre de 1968 y -a su regreso- dijo en el programa de televisi\u00f3n \u00abSea Usted el Jurado\u00bb del doctor Alberto Amengual, que cre\u00eda que Juan Bosch estaba simplemente desencantado de la democracia, aunque consider\u00f3 que su estado an\u00edmico era moment\u00e1neo y ser\u00eda superado durante el di\u00e1logo que sosten\u00eda entonces en su apartamento veraniego con Pe\u00f1a G\u00f3mez, Guzm\u00e1n y los dem\u00e1s comisionados que fueron a convencerlo de que continuara en el redil de la democracia, porque este sistema s\u00f3lo deb\u00eda ser perfeccionado, jam\u00e1s cambiado.<\/p>\n<\/p>\n<p>Fern\u00e1ndez M\u00e1rmol parec\u00eda conocer el temperamento de Bosch, aunque no estaba al tanto de la evoluci\u00f3n de su pensamiento pol\u00edtico, como s\u00ed lo estaban algunos intelectuales universitarios y dirigentes perrede\u00edstas a los cuales envi\u00f3 cartas desde Benidorm, explic\u00e1ndoles el alcance de su tesis pol\u00edtica y pidi\u00e9ndoles apoyo para su divulgaci\u00f3n en el pa\u00eds. Esos fueron los casos del doctor Salvador Jorge Blanco, jurista de Santiago; el doctor Rafael Kasse Acta, decano de la Facultad de Medicina de la UASD y el sindicalista Pedro Julio Evangelista, uno de los l\u00edderes del frente sindical del partido del jacho.<\/p>\n<\/p>\n<\/p>\n<p>En una primera correspondencia remitida a este \u00faltimo, en fecha 29 de abril de 1968, enviada a trav\u00e9s del fogoso dirigente Rafael Gamundi Cordero, Bosch ped\u00eda a los sindicalistas que dedicaran sus energ\u00edas a preparar al pueblo para la revoluci\u00f3n y que se convirtieran en la columna vertebral del proceso pol\u00edtico que -seg\u00fan cre\u00eda- alg\u00fan d\u00eda se llevar\u00eda a cabo en Santo Domingo. Tambi\u00e9n le observaba que a un pueblo no s\u00f3lo se le prepara con movilizaciones y protestas, sino que era necesario \u00abdarle una bandera de lucha, una consigna positiva, algo que sea suyo y por lo cual luche hasta su \u00faltima posibilidad\u00bb, como \u00abLa Dictadura con respaldo popular\u00bb.<\/p>\n<\/p>\n<\/p>\n<p>Es bueno apuntar que de la lectura de esa carta se pod\u00eda apreciar que en Bosch declinaba la estima por la dirigencia de su partido; sin duda por vacilaci\u00f3n que \u00e9sta mostraba en acoger su tesis y posibilitar que se discutiera en los organismos intermedios y de base, para que fuera aprobada en la quinta convenci\u00f3n nacional que se celebr\u00f3 los d\u00edas 24 y 25 de febrero de 1968 en el cine-teatro Cupido de la ciudad capital.<\/p>\n<\/p>\n<\/p>\n<p>La quinta convenci\u00f3n y la abstenci\u00f3n electoral del perrede\u00edsmo<\/p>\n<\/p>\n<\/p>\n<p>En este evento participaron 240 delegados de los comit\u00e9s municipales y zonales de todo el territorio nacional y tuvo como puntos principales de agenda la abstenci\u00f3n electoral del partido en las elecciones municipales a celebrarse el 16 de mayo de ese a\u00f1o y la escogencia de un nuevo comit\u00e9 ejecutivo nacional, con Pe\u00f1a G\u00f3mez de secretario general y el doctor Jottin Cury El\u00edas como presidente de la comisi\u00f3n pol\u00edtica.<\/p>\n<\/p>\n<\/p>\n<p>Hab\u00eda mucha expectativa de que en esta convenci\u00f3n se aprobar\u00eda la tesis de \u00abLa Dictadura con respaldo popular\u00bb, pero el tema no figur\u00f3 en la agenda, dada la vibrante oposici\u00f3n de varios asamble\u00edstas de los sectores conservadores y moderados, como fueron los senadores M\u00e1ximo Lovat\u00f3n Pittaluga y Pablo Rafael Casimiro Castro; el diputado Bar\u00f3n Suero Cede\u00f1o, el comerciante Manuel Fern\u00e1ndez M\u00e1rmol, el empresario Jos\u00e9 Desiderio Ares Maldonado y los doctores Washington An\u00edbal de Pe\u00f1a, Ram\u00f3n Gabriel Ledesma P\u00e9rez, Jos\u00e9 Rodr\u00edguez Soldevilla, Hip\u00f3crates Saint-Amand  y Santos Sena P\u00e9rez.<\/p>\n<\/p>\n<p>Sin embargo, a solicitud de Pe\u00f1a G\u00f3mez, los asamble\u00edstas permitieron la promoci\u00f3n de la tesis boschista dentro de los organismos del partido y durante un buen tiempo fue posible su discusi\u00f3n en mesas redondas organizadas por el frente sindical y los j\u00f3venes universitarios, con expositores de todos los sectores sociales.<\/p>\n<\/p>\n<p>Los miembros del comit\u00e9 ejecutivo nacional del partido blanco escogidos por la quinta convenci\u00f3n nacional, adem\u00e1s del doctor Cury El\u00edas y Pe\u00f1a G\u00f3mez, fueron Rafael Gamundi Cordero, secretario nacional de organizaci\u00f3n; doctor Almanzor Gonz\u00e1lez Canahuate, director de finanzas; doctor Ram\u00f3n Antonio ?Tonito- Abreu Flores, secretario de cultura y educaci\u00f3n; doctora Milagros Ortiz Bosch de Basanta, miembro del comit\u00e9 disciplinario y Juan Winston Arnaud Guzm\u00e1n, secretario general de la Juventud Revolucionaria.<\/p>\n<\/p>\n<p>Igualmente, Antonio Guzm\u00e1n, subsecretario general; licenciado Secundino Gil Morales, presidente del comit\u00e9 de disciplina; licenciado Manny Espinal, secretario de prensa y propaganda; licenciado Julio D\u00edaz Santana, director del bur\u00f3 sindical; Mariano Pe\u00f1a, director del bur\u00f3 agrario; doctor Abraham Bautista Alc\u00e1ntara, secretario de relaciones p\u00fablicas e internacionales; Nora Nivar de Fern\u00e1ndez, directora del frente de profesionales y doctor Mario Garc\u00eda Alvarado, director de asuntos legales y electorales.<\/p>\n<\/p>\n<p>Asimismo, arquitecto John Brea, director de Planeamiento; doctor Ram\u00f3n Gabriel Ledesma P\u00e9rez, director de asistencia social; doctor Bartolom\u00e9 Moquete Andino, director de actas y correspondencias; doctora Leonor Sof\u00eda S\u00e1nchez Baret, encargada del frente femenino; doctor Segundo Armando Gonz\u00e1lez Tamayo, doctor Jos\u00e9 Augusto Vega Imbert, doctor Salvador Jorge Blanco, doctor Luis E. Lembert Peguero, licenciado M\u00e1ximo Lovat\u00f3n Pittaluga y profesor Pablo Rafael Casimiro Castro.<\/p>\n<\/p>\n<p>El comit\u00e9 de disciplina qued\u00f3 integrado por Gil Morales como presidente y los doctores Milagros Ortiz de Basanta, Frank Desueza Fleury, Jos\u00e9 Rafael Abinader y el comerciante Manuel Fern\u00e1ndez M\u00e1rmol, miembros.<\/p>\n<\/p>\n<p>Acuerdo de Benidorm<\/p>\n<\/p>\n<p>Aun cuando la comisi\u00f3n perrede\u00edsta encabezada por Pe\u00f1a G\u00f3mez y Guzm\u00e1n lleg\u00f3 a Benidorm a finales de noviembre de 1968, no fue sino hasta la primera semana de diciembre cuando se inici\u00f3 la sesi\u00f3n de trabajo con el profesor Juan Bosch, en la que se analiz\u00f3 su relaci\u00f3n con los dirigentes perrede\u00edstas y la situaci\u00f3n pol\u00edtica del pa\u00eds luego de la celebraci\u00f3n de la convenci\u00f3n del partido en el mes de febrero y las elecciones municipales de mayo.<\/p>\n<\/p>\n<p>Tras varios d\u00edas de estudio de la tesis de \u00abLa Dictadura con respaldo popular\u00bb y de valoraci\u00f3n de la labor pol\u00edtica que realizaba su autor desde el exterior, el lunes 9 de diciembre se produjo el extraordinario \u00abAcuerdo de Benidorm\u00bb que permiti\u00f3 la continuidad de Bosch como asesor del partido que contribuy\u00f3 a fundar el 21 de enero de 1939 en La Habana, Cuba, junto a Enrique Cotubanam\u00e1 Henr\u00edquez Laurans\u00f3n, Virgilio Mainardi Reyna, \u00c1ngel Miol\u00e1n y otros exiliados.<\/p>\n<\/p>\n<p>El denominado \u00abAcuerdo de Benidorm\u00bb fue dado a conocer en Santo Domingo un d\u00eda m\u00e1s tarde por el presidente de la comisi\u00f3n pol\u00edtica del partido blanco, doctor Jottin Cury El\u00edas, en una rueda de prensa en la que ley\u00f3 el cablegrama que acababa de recibir, firmado por Bosch, Jos\u00e9 Francisco Pe\u00f1a G\u00f3mez y Silvestre Antonio Guzm\u00e1n Fern\u00e1ndez, que aseguraba que el exmandatario seguir\u00eda asesorando a su partido y que \u00e9ste ser\u00eda fortalecido con la puesta en pr\u00e1ctica de varias resoluciones pol\u00edticas que ser\u00edan divulgadas m\u00e1s adelante.<\/p>\n<\/p>\n<p>Seis d\u00edas despu\u00e9s, el 15 diciembre de 1968, el llamado \u00abAcuerdo de Benidorm fue difundido por el programa Tribuna Democr\u00e1tica, \u00f3rgano de difusi\u00f3n radial perrede\u00edsta que se transmit\u00eda a trav\u00e9s de Radio Comercial y una cadena de emisoras en todo el pa\u00eds, en una grabaci\u00f3n en la voz del profesor Juan Bosch, de exactamente veinte minutos, en la que refer\u00eda  su experiencia como gobernante del pa\u00eds y expresaba las razones que lo llevaron a dejar de creer en la democracia representativa, as\u00ed como el prop\u00f3sito de la dictadura con apoyo popular.<\/p>\n<\/p>\n<p>El expresidente inform\u00f3 que junto a la comisi\u00f3n perrede\u00edsta hab\u00eda analizado el car\u00e1cter dependiente de la sociedad dominicana y la necesidad de luchar por la independencia nacional, debido a que el pa\u00eds era \u00abuna dependencia econ\u00f3mica, pol\u00edtica y militar del pentagonismo norteamericano, gobernado por fuerzas nacionales al servicio de los intereses pentagonistas\u00bb. Anunci\u00f3 que, por esa raz\u00f3n, la tarea  principal de los perrede\u00edstas ser\u00eda \u00abluchar, con los medios que permitan las circunstancias, por liberar al pa\u00eds de esa dependencia\u00bb.<\/p>\n<\/p>\n<p>A partir de ese momento, la alta direcci\u00f3n del partido blanco prohibi\u00f3 toda actividad electoral hasta la celebraci\u00f3n de la sexta convenci\u00f3n nacional, que se llev\u00f3 a efecto el 28 de febrero de 1970, en el cine-teatro Agua y Luz de la capital, donde en principio y a unanimidad, se aprob\u00f3 la mentada tesis de \u00abLa Dictadura con respaldo popular\u00bb.<\/p>\n<\/p>\n<p>Con la aprobaci\u00f3n de esta tesis, la sexta convenci\u00f3n nacional perrede\u00edsta se compromet\u00eda a impulsar un programa m\u00ednimo de gobierno, revolucionario y nacionalista, as\u00ed como la realizaci\u00f3n de una reforma agraria integral, la nacionalizaci\u00f3n de las empresas de capital norteamericano, la erradicaci\u00f3n del latifundio y otros puntos cardinales especificados en la plataforma program\u00e1tica que preparar\u00eda el partido para gobernar el pa\u00eds.<\/p>\n<\/p>\n<p>Aunque se debe decir, para concluir este relato, que esa tesis fue pronto relegada y olvidada, pues cuatro a\u00f1os m\u00e1s tarde ese mismo partido, habiendo prescindido de Bosch, retomar\u00eda el camino electoral y se abrazar\u00eda a una l\u00ednea doctrinal en el marco de la socialdemocracia. <\/p>\n<\/p>\n<h6> 2019-11-15 19:01:31 <\/h6>\n<p><!--\n<link rel=\"stylesheet\" href=\"css\/bootstrap.min.css\">\n\n\n<ul class=\"pagination\">\n\t    \n\t\n\n<li >\n\t<a href='?page_no=1120'>Previous<\/a>\n\t<\/li>\n\n\n       \n    \n\n<li><a href='?page_no=1'>1<\/a><\/li>\n\n\n\n<li><a href='?page_no=2'>2<\/a><\/li>\n\n\n\n<li><a>...<\/a><\/li>\n\n\n\n<li><a href='?page_no=1119'>1119<\/a><\/li>\n\n\n\n<li><a href='?page_no=1120'>1120<\/a><\/li>\n\n\n\n<li class='active'><a>1121<\/a><\/li>\n\n\n\n<li><a href='?page_no=1122'>1122<\/a><\/li>\n\n\n\n<li><a href='?page_no=1123'>1123<\/a><\/li>\n\n\n\n<li><a>...<\/a><\/li>\n\n\n\n<li><a href='?page_no=1549'>1549<\/a><\/li>\n\n\n\n<li><a href='?page_no=1550'>1550<\/a><\/li>\n\n    \n\t\n\n<li >\n\t<a href='?page_no=1122'>Next<\/a>\n\t<\/li>\n\n\n    \n\n<li><a href='?page_no=1550'>Last &rsaquo;&rsaquo;<\/a><\/li>\n\n<\/ul>\n\n\n--><br \/>\n<\/body><\/p>\n","protected":false},"excerpt":{"rendered":"<p>Por Sebasti\u00e1n del Pilar S\u00e1nchez A finales de noviembre de 1968 una comisi\u00f3n del partido blanco, encabezada por su secretario general, Jos\u00e9 Francisco Pe\u00f1a G\u00f3mez y su excandidato vicepresidencial, hacendado Silvestre Antonio Guzm\u00e1n Fern\u00e1ndez, viaj\u00f3 a Espa\u00f1a para entrevistarse con el profesor Juan Bosch, a fin de que reconsiderara su renuncia como asesor de esa [&hellip;]<\/p>\n","protected":false},"author":3,"featured_media":0,"comment_status":"open","ping_status":"open","sticky":false,"template":"","format":"standard","meta":{"footnotes":""},"categories":[19],"tags":[],"class_list":["post-32221","post","type-post","status-publish","format-standard","hentry","category-mi-voz"],"_links":{"self":[{"href":"https:\/\/diariodominicano.com\/index.php?rest_route=\/wp\/v2\/posts\/32221","targetHints":{"allow":["GET"]}}],"collection":[{"href":"https:\/\/diariodominicano.com\/index.php?rest_route=\/wp\/v2\/posts"}],"about":[{"href":"https:\/\/diariodominicano.com\/index.php?rest_route=\/wp\/v2\/types\/post"}],"author":[{"embeddable":true,"href":"https:\/\/diariodominicano.com\/index.php?rest_route=\/wp\/v2\/users\/3"}],"replies":[{"embeddable":true,"href":"https:\/\/diariodominicano.com\/index.php?rest_route=%2Fwp%2Fv2%2Fcomments&post=32221"}],"version-history":[{"count":0,"href":"https:\/\/diariodominicano.com\/index.php?rest_route=\/wp\/v2\/posts\/32221\/revisions"}],"wp:attachment":[{"href":"https:\/\/diariodominicano.com\/index.php?rest_route=%2Fwp%2Fv2%2Fmedia&parent=32221"}],"wp:term":[{"taxonomy":"category","embeddable":true,"href":"https:\/\/diariodominicano.com\/index.php?rest_route=%2Fwp%2Fv2%2Fcategories&post=32221"},{"taxonomy":"post_tag","embeddable":true,"href":"https:\/\/diariodominicano.com\/index.php?rest_route=%2Fwp%2Fv2%2Ftags&post=32221"}],"curies":[{"name":"wp","href":"https:\/\/api.w.org\/{rel}","templated":true}]}}