{"id":32220,"date":"2019-11-16T10:43:01","date_gmt":"2019-11-16T10:43:01","guid":{"rendered":"http:\/\/diariodominicano.ddns.net\/?p=32220"},"modified":"2019-11-16T10:43:01","modified_gmt":"2019-11-16T10:43:01","slug":"mexicanos-repudian-golpe-en-bolivia-frente-a-embajada-de-ee-uu","status":"publish","type":"post","link":"https:\/\/diariodominicano.com\/?p=32220","title":{"rendered":"Mexicanos repudian golpe en Bolivia frente a embajada de EE.UU."},"content":{"rendered":"<p><body><\/p>\n<p><img decoding=\"async\" src=\"img3\/repud2.jpg\" \/>  <\/p>\n<p>M\u00e9xico, 15 nov (Prensa Latina) Cientos de mexicanos de una veintena de organizaciones de solidaridad, sociales, sindicatos, partidos, movimientos femeninos y de la juventud, rechazaron hoy el golpe de Estado en Bolivia en un mitin frente a la embajada estadounidense.<\/p>\n<\/p>\n<p>La zona del Paseo de la Reforma, a solo unos metros del monumento El \u00c1ngel de la Independencia, se abarrot\u00f3 de simpatizantes del estado plurinacional encabezado por el l\u00edder ind\u00edgena Evo Morales, y exigieron al gobierno de Estados Unidos, principal instigador del golpe, que lo restableciera en su cargo por ser el presidente constitucional electo por el pueblo altipl\u00e1nico.<\/p>\n<\/p>\n<p>Alrededor de una veintena de oradores us\u00f3 los micr\u00f3fonos con un tiempo limitado para poder dar cabida a todos los que se hab\u00edan anotado para expresarse a nombre de sus respectivas instituciones, y nadie se movi\u00f3 del lugar a pesar de la pertinaz llovizna y el fr\u00edo que sorprendi\u00f3 a muchos.<\/p>\n<\/p>\n<p>Los oradores denunciaron la represi\u00f3n desatada por los golpistas, a quienes compararon con las hordas fascistas de Augusto Pinochet, de la Espa\u00f1a de Francisco Franco, del hitlerismo en Alemania y de la \u00e9poca de las dictaduras militares en Sudam\u00e9rica, al considerar que han regresado de la mano de Donald Trump.<\/p>\n<\/p>\n<p>En los discursos fueron reiteradas las denuncias sobre el encarcelamiento de cuatro m\u00e9dicos cubanos: Amparo Garc\u00eda, Idalberto Delgado, Ram\u00f3n \u00c1lvarez y Alexander Torres, integrantes de la Brigada M\u00e9dica en El Alto, bajo el falaz argumento de alentar acciones violentas en Bolivia.<\/p>\n<\/p>\n<p>Particularmente emotivas fueron las palabras del joven ingeniero Pablo Mantilla, hijo de un exembajador boliviano en M\u00e9xico, quien agradeci\u00f3 a nombre de su pueblo, de los ind\u00edgenas y de todos sus compatriotas que rechazan el golpe, la acogida que le ha brindado M\u00e9xico a su presidente Evo Morales.<\/p>\n<\/p>\n<p>Mantilla nombr\u00f3 directamente al gobierno de Estados Unidos como responsable principal de lo que ocurre en su pa\u00eds, y se\u00f1alando hacia la edificaci\u00f3n de la sede diplom\u00e1tica a sus espaldas, demand\u00f3 cese de la agresi\u00f3n y la matanza, y reposici\u00f3n en su cargo del l\u00edder ind\u00edgena.<\/p>\n<\/p>\n<p>En sentido similar se pronunci\u00f3 H\u00e9ctor de la Cueva, coordinador del Movimiento Mexicano de solidaridad con Bolivia y uno de los organizadores del mitin, y Jes\u00fas Escamilla, quien lo hizo a nombre de la agrupaci\u00f3n de solidaridad con Cuba.<\/p>\n<\/p>\n<p>Hace unos d\u00edas los mexicanos se concentraron frente a la embajada de Bolivia en la Ciudad de M\u00e9xico para darle la bienvenida a Evo Morales, asilado en este pa\u00eds, y patentizar el respaldo al pueblo del altiplano.<\/p>\n<\/p>\n<p>En este mitin frente a la sede diplom\u00e1tica estadounidense, al igual que hicieron ante la de Bolivia, los mexicanos se declararon en movilizaci\u00f3n permanente hasta lograr reponer en su cargo a Morales, desalojado por una derecha reaccionaria y de supremacistas blancos en contubernio con la Organizaci\u00f3n de Estados Americanos y su testaferro secretario general, Luis Almagro.<\/p>\n<\/p>\n<p>mar\/lma<\/p>\n<h6> 2019-11-16 10:43:01 <\/h6>\n<p><!--\n<link rel=\"stylesheet\" href=\"css\/bootstrap.min.css\">\n\n\n<ul class=\"pagination\">\n\t    \n\t\n\n<li >\n\t<a href='?page_no=1119'>Previous<\/a>\n\t<\/li>\n\n\n       \n    \n\n<li><a href='?page_no=1'>1<\/a><\/li>\n\n\n\n<li><a href='?page_no=2'>2<\/a><\/li>\n\n\n\n<li><a>...<\/a><\/li>\n\n\n\n<li><a href='?page_no=1118'>1118<\/a><\/li>\n\n\n\n<li><a href='?page_no=1119'>1119<\/a><\/li>\n\n\n\n<li class='active'><a>1120<\/a><\/li>\n\n\n\n<li><a href='?page_no=1121'>1121<\/a><\/li>\n\n\n\n<li><a href='?page_no=1122'>1122<\/a><\/li>\n\n\n\n<li><a>...<\/a><\/li>\n\n\n\n<li><a href='?page_no=1549'>1549<\/a><\/li>\n\n\n\n<li><a href='?page_no=1550'>1550<\/a><\/li>\n\n    \n\t\n\n<li >\n\t<a href='?page_no=1121'>Next<\/a>\n\t<\/li>\n\n\n    \n\n<li><a href='?page_no=1550'>Last &rsaquo;&rsaquo;<\/a><\/li>\n\n<\/ul>\n\n\n--><br \/>\n<\/body><\/p>\n","protected":false},"excerpt":{"rendered":"<p>M\u00e9xico, 15 nov (Prensa Latina) Cientos de mexicanos de una veintena de organizaciones de solidaridad, sociales, sindicatos, partidos, movimientos femeninos y de la juventud, rechazaron hoy el golpe de Estado en Bolivia en un mitin frente a la embajada estadounidense. La zona del Paseo de la Reforma, a solo unos metros del monumento El \u00c1ngel [&hellip;]<\/p>\n","protected":false},"author":3,"featured_media":0,"comment_status":"open","ping_status":"open","sticky":false,"template":"","format":"standard","meta":{"footnotes":""},"categories":[19],"tags":[],"class_list":["post-32220","post","type-post","status-publish","format-standard","hentry","category-mi-voz"],"_links":{"self":[{"href":"https:\/\/diariodominicano.com\/index.php?rest_route=\/wp\/v2\/posts\/32220","targetHints":{"allow":["GET"]}}],"collection":[{"href":"https:\/\/diariodominicano.com\/index.php?rest_route=\/wp\/v2\/posts"}],"about":[{"href":"https:\/\/diariodominicano.com\/index.php?rest_route=\/wp\/v2\/types\/post"}],"author":[{"embeddable":true,"href":"https:\/\/diariodominicano.com\/index.php?rest_route=\/wp\/v2\/users\/3"}],"replies":[{"embeddable":true,"href":"https:\/\/diariodominicano.com\/index.php?rest_route=%2Fwp%2Fv2%2Fcomments&post=32220"}],"version-history":[{"count":0,"href":"https:\/\/diariodominicano.com\/index.php?rest_route=\/wp\/v2\/posts\/32220\/revisions"}],"wp:attachment":[{"href":"https:\/\/diariodominicano.com\/index.php?rest_route=%2Fwp%2Fv2%2Fmedia&parent=32220"}],"wp:term":[{"taxonomy":"category","embeddable":true,"href":"https:\/\/diariodominicano.com\/index.php?rest_route=%2Fwp%2Fv2%2Fcategories&post=32220"},{"taxonomy":"post_tag","embeddable":true,"href":"https:\/\/diariodominicano.com\/index.php?rest_route=%2Fwp%2Fv2%2Ftags&post=32220"}],"curies":[{"name":"wp","href":"https:\/\/api.w.org\/{rel}","templated":true}]}}