{"id":32217,"date":"2019-11-16T11:04:53","date_gmt":"2019-11-16T11:04:53","guid":{"rendered":"http:\/\/diariodominicano.ddns.net\/?p=32217"},"modified":"2019-11-16T11:04:53","modified_gmt":"2019-11-16T11:04:53","slug":"marchan-en-hong-kong-contra-revueltas-y-ataques-a-la-policia","status":"publish","type":"post","link":"https:\/\/diariodominicano.com\/?p=32217","title":{"rendered":"Marchan en Hong Kong contra revueltas y ataques a la polic\u00eda"},"content":{"rendered":"<p><body><\/p>\n<p><img decoding=\"async\" src=\"img3\/hong1.jpg\" \/>  <\/p>\n<p>Beijing, 16 nov (Prensa Latina) Cientos de personas marcharon hoy en Hong Kong en rechazo al aumento de los disturbios, el comportamiento violento y ataques contra la polic\u00eda e inocentes realizados esta semana por grupos radicales de manifestantes.<\/p>\n<\/p>\n<p>Las concentraciones pac\u00edficas contaron con la presencia de ciudadanos de distintas edades y tuvieron lugar cerca de la sede del Consejo Legislativo (Parlamento) y estaciones policiales.<\/p>\n<\/p>\n<p>Los participantes denunciaron que en la regi\u00f3n administrativa especial reina el p\u00e1nico producto de la radicalizaci\u00f3n de las protestas y expresaron apoyo a las medidas adoptadas para poner fin a la crisis.<\/p>\n<\/p>\n<p>Desde el lunes el territorio est\u00e1 paralizado con la suspensi\u00f3n de la docencia y transporte, cierre de establecimientos comerciales, bloqueos en las calles y ocupaci\u00f3n de algunas universidades, convertidas por los extremistas en zonas de guerra donde enfrentan a la polic\u00eda con flechas, catapultas, bombas Molotov y otros objetos contundentes.<\/p>\n<\/p>\n<p>El lunes fue uno de los peores d\u00edas con disparos y quemaduras a un hombre, mientras perdi\u00f3 la vida un anciano de 70 a\u00f1os golpeado en la cabeza mientras limpiaba destrozos a una propiedad p\u00fablica.<\/p>\n<\/p>\n<p>Varias voces consideran que la crisis entr\u00f3 en una nueva fase donde se ramifican las acciones de corte extremista y se empuja al territorio hacia un colapso total con varias jornadas seguidas de interrupci\u00f3n en su vida socioecon\u00f3mica.<\/p>\n<\/p>\n<p>Frente a ese escenario, el gobierno local reforz\u00f3 los comandos de la polic\u00eda con 100 miembros del Departamento de Servicios Correccionales, bien entrenados en operaciones antidisturbios y de emergencia.<\/p>\n<\/p>\n<p>Con el mismo prop\u00f3sito ayer anunci\u00f3 el despliegue de efectivos de la Unidad de Tareas Especiales y la adopci\u00f3n de medidas m\u00e1s fuertes para controlar a las masas de inconformes.<\/p>\n<\/p>\n<p>Sin embargo, algunas personalidades sugieren valorar el apoyo de Beijing si se quiere dar fin de manera efectiva y definitiva a la agitaci\u00f3n, imperante desde hace cinco meses.<\/p>\n<\/p>\n<p>Regina Ip Lau Suk-yee, exministra hongkonesa de Seguridad, dijo al diario Global Times que es una opci\u00f3n a tener en cuenta y muchos residentes se preguntan por qu\u00e9 todav\u00eda no se escogi\u00f3.<\/p>\n<\/p>\n<p>tgj\/ymr<\/p>\n<h6> 2019-11-16 11:04:53 <\/h6>\n<p><!--\n<link rel=\"stylesheet\" href=\"css\/bootstrap.min.css\">\n\n\n<ul class=\"pagination\">\n\t    \n\t\n\n<li >\n\t<a href='?page_no=1117'>Previous<\/a>\n\t<\/li>\n\n\n       \n    \n\n<li><a href='?page_no=1'>1<\/a><\/li>\n\n\n\n<li><a href='?page_no=2'>2<\/a><\/li>\n\n\n\n<li><a>...<\/a><\/li>\n\n\n\n<li><a href='?page_no=1116'>1116<\/a><\/li>\n\n\n\n<li><a href='?page_no=1117'>1117<\/a><\/li>\n\n\n\n<li class='active'><a>1118<\/a><\/li>\n\n\n\n<li><a href='?page_no=1119'>1119<\/a><\/li>\n\n\n\n<li><a href='?page_no=1120'>1120<\/a><\/li>\n\n\n\n<li><a>...<\/a><\/li>\n\n\n\n<li><a href='?page_no=1549'>1549<\/a><\/li>\n\n\n\n<li><a href='?page_no=1550'>1550<\/a><\/li>\n\n    \n\t\n\n<li >\n\t<a href='?page_no=1119'>Next<\/a>\n\t<\/li>\n\n\n    \n\n<li><a href='?page_no=1550'>Last &rsaquo;&rsaquo;<\/a><\/li>\n\n<\/ul>\n\n\n--><br \/>\n<\/body><\/p>\n","protected":false},"excerpt":{"rendered":"<p>Beijing, 16 nov (Prensa Latina) Cientos de personas marcharon hoy en Hong Kong en rechazo al aumento de los disturbios, el comportamiento violento y ataques contra la polic\u00eda e inocentes realizados esta semana por grupos radicales de manifestantes. Las concentraciones pac\u00edficas contaron con la presencia de ciudadanos de distintas edades y tuvieron lugar cerca de [&hellip;]<\/p>\n","protected":false},"author":3,"featured_media":0,"comment_status":"open","ping_status":"open","sticky":false,"template":"","format":"standard","meta":{"footnotes":""},"categories":[19],"tags":[],"class_list":["post-32217","post","type-post","status-publish","format-standard","hentry","category-mi-voz"],"_links":{"self":[{"href":"https:\/\/diariodominicano.com\/index.php?rest_route=\/wp\/v2\/posts\/32217","targetHints":{"allow":["GET"]}}],"collection":[{"href":"https:\/\/diariodominicano.com\/index.php?rest_route=\/wp\/v2\/posts"}],"about":[{"href":"https:\/\/diariodominicano.com\/index.php?rest_route=\/wp\/v2\/types\/post"}],"author":[{"embeddable":true,"href":"https:\/\/diariodominicano.com\/index.php?rest_route=\/wp\/v2\/users\/3"}],"replies":[{"embeddable":true,"href":"https:\/\/diariodominicano.com\/index.php?rest_route=%2Fwp%2Fv2%2Fcomments&post=32217"}],"version-history":[{"count":0,"href":"https:\/\/diariodominicano.com\/index.php?rest_route=\/wp\/v2\/posts\/32217\/revisions"}],"wp:attachment":[{"href":"https:\/\/diariodominicano.com\/index.php?rest_route=%2Fwp%2Fv2%2Fmedia&parent=32217"}],"wp:term":[{"taxonomy":"category","embeddable":true,"href":"https:\/\/diariodominicano.com\/index.php?rest_route=%2Fwp%2Fv2%2Fcategories&post=32217"},{"taxonomy":"post_tag","embeddable":true,"href":"https:\/\/diariodominicano.com\/index.php?rest_route=%2Fwp%2Fv2%2Ftags&post=32217"}],"curies":[{"name":"wp","href":"https:\/\/api.w.org\/{rel}","templated":true}]}}