{"id":32216,"date":"2019-11-16T11:20:03","date_gmt":"2019-11-16T11:20:03","guid":{"rendered":"http:\/\/diariodominicano.ddns.net\/?p=32216"},"modified":"2019-11-16T11:20:03","modified_gmt":"2019-11-16T11:20:03","slug":"ponderan-al-acuerdo-de-paz-para-transformar-el-campo-colombiano","status":"publish","type":"post","link":"https:\/\/diariodominicano.com\/?p=32216","title":{"rendered":"Ponderan al Acuerdo de Paz para transformar el campo colombiano"},"content":{"rendered":"<p><body><\/p>\n<p><img decoding=\"async\" src=\"img3\/colomb1.jpg\" \/>  <\/p>\n<p>Bogot\u00e1, 16 nov (Prensa Latina) El Acuerdo de Paz firmado por el Estado y la exguerrilla FARC-EP es una herramienta muy importante para la transformaci\u00f3n estructural del campo colombiano, expres\u00f3 Pablo Catatumbo, senador por el hoy partido pol\u00edtico FARC.<\/p>\n<\/p>\n<p>Lo que all\u00ed se pact\u00f3 (en 2016) no fue otra cosa que la resoluci\u00f3n de problemas sociales que ha generado el abandono del Estado a la ruralidad y sobre todo a los territorios priorizados en lo que se llamaron las zonas Programa de Desarrollo con Enfoque Territorial (PDET), apunt\u00f3 al intervenir esta semana en un debate de control pol\u00edtico en el Senado.<\/p>\n<\/p>\n<p>Este no es un problema ideol\u00f3gico, este es un problema inminentemente social y de soluci\u00f3n a los problemas y la deuda hist\u00f3rica que tiene este pa\u00eds con el campesinado, subray\u00f3.<\/p>\n<\/p>\n<p>En este sentido, enfatiz\u00f3, la zonificaci\u00f3n ambiental y la delimitaci\u00f3n de la frontera agr\u00edcola representa una necesidad fundamental para que el pa\u00eds avance en el ordenamiento territorial con criterios de sostenibilidad.<\/p>\n<\/p>\n<p>La zonificaci\u00f3n ambiental es la forma en que podemos ordenar nuestros territorios con participaci\u00f3n de todos, teniendo en cuenta la riqueza ambiental, la biodiversidad, la abundancia de nuestras aguas y la diversidad de nuestra gente, explic\u00f3 Catatumbo.<\/p>\n<\/p>\n<p>Si conocemos con claridad las restricciones de uso de suelos e intervenci\u00f3n de los ecosistemas, podremos saber hasta d\u00f3nde pueden llegar las actividades agr\u00edcolas y pecuarias, as\u00ed como el derecho de las comunidades que habitan esas \u00e1reas de especial inter\u00e9s ambiental, precis\u00f3.<\/p>\n<\/p>\n<p>El congresista se refiri\u00f3 adem\u00e1s a la importancia de cerrar la frontera agr\u00edcola a fin de poder frenar la deforestaci\u00f3n y darles usos realmente productivos a las tierras que ya se vincularon como \u00e1reas de producci\u00f3n.<\/p>\n<\/p>\n<p>Todo ello, puntualiz\u00f3, sin dejar de lado la conservaci\u00f3n, preservaci\u00f3n y restauraci\u00f3n de los ecosistemas generadores de agua fuente de vida en los territorios.<\/p>\n<\/p>\n<p>El Estado tiene un compromiso con la ruralidad, con el campesinado y con todos los colombianos que tienen derecho a un ambiente sano, recalc\u00f3.<\/p>\n<\/p>\n<p>A su juicio, las disputas por el acceso a tierra y territorio, el control y dominio de los recursos econ\u00f3micos, materiales y naturales, son causa del deterioro ambiental en las zonas de frontera agropecuaria, en \u00e1reas de colonizaci\u00f3n y en las zonas PDET.<\/p>\n<\/p>\n<p>El desconocimiento de la realidad social, econ\u00f3mica y cultural del campesinado por parte de las pol\u00edticas municipales y los planes de manejo ambiental, causan conflictos sociales, a\u00f1adi\u00f3.<\/p>\n<\/p>\n<p>Catatumbo detall\u00f3 que en Colombia existen 191 mil 159 hect\u00e1reas de bosque deforestado, una situaci\u00f3n provocada por la expansi\u00f3n de la infraestructura vial, los pastizales para la ganader\u00eda extensiva, la tala y quema de bosques, los cultivos de usos il\u00edcito y cultivos agroindustriales.<\/p>\n<\/p>\n<p>La concentraci\u00f3n exorbitante de la tenencia de la tierra, sumado al abandono estructural del campo, ha generado que los cultivos de uso il\u00edcito sean la \u00fanica alternativa de subsistencia para las comunidades rurales empobrecidas, lo que en consecuencia ha ampliado la frontera agropecuaria, agreg\u00f3.<\/p>\n<\/p>\n<p>tgj\/mfb<\/p>\n<h6> 2019-11-16 11:20:03 <\/h6>\n<p><!--\n<link rel=\"stylesheet\" href=\"css\/bootstrap.min.css\">\n\n\n<ul class=\"pagination\">\n\t    \n\t\n\n<li >\n\t<a href='?page_no=1116'>Previous<\/a>\n\t<\/li>\n\n\n       \n    \n\n<li><a href='?page_no=1'>1<\/a><\/li>\n\n\n\n<li><a href='?page_no=2'>2<\/a><\/li>\n\n\n\n<li><a>...<\/a><\/li>\n\n\n\n<li><a href='?page_no=1115'>1115<\/a><\/li>\n\n\n\n<li><a href='?page_no=1116'>1116<\/a><\/li>\n\n\n\n<li class='active'><a>1117<\/a><\/li>\n\n\n\n<li><a href='?page_no=1118'>1118<\/a><\/li>\n\n\n\n<li><a href='?page_no=1119'>1119<\/a><\/li>\n\n\n\n<li><a>...<\/a><\/li>\n\n\n\n<li><a href='?page_no=1549'>1549<\/a><\/li>\n\n\n\n<li><a href='?page_no=1550'>1550<\/a><\/li>\n\n    \n\t\n\n<li >\n\t<a href='?page_no=1118'>Next<\/a>\n\t<\/li>\n\n\n    \n\n<li><a href='?page_no=1550'>Last &rsaquo;&rsaquo;<\/a><\/li>\n\n<\/ul>\n\n\n--><br \/>\n<\/body><\/p>\n","protected":false},"excerpt":{"rendered":"<p>Bogot\u00e1, 16 nov (Prensa Latina) El Acuerdo de Paz firmado por el Estado y la exguerrilla FARC-EP es una herramienta muy importante para la transformaci\u00f3n estructural del campo colombiano, expres\u00f3 Pablo Catatumbo, senador por el hoy partido pol\u00edtico FARC. Lo que all\u00ed se pact\u00f3 (en 2016) no fue otra cosa que la resoluci\u00f3n de problemas [&hellip;]<\/p>\n","protected":false},"author":3,"featured_media":0,"comment_status":"open","ping_status":"open","sticky":false,"template":"","format":"standard","meta":{"footnotes":""},"categories":[19],"tags":[],"class_list":["post-32216","post","type-post","status-publish","format-standard","hentry","category-mi-voz"],"_links":{"self":[{"href":"https:\/\/diariodominicano.com\/index.php?rest_route=\/wp\/v2\/posts\/32216","targetHints":{"allow":["GET"]}}],"collection":[{"href":"https:\/\/diariodominicano.com\/index.php?rest_route=\/wp\/v2\/posts"}],"about":[{"href":"https:\/\/diariodominicano.com\/index.php?rest_route=\/wp\/v2\/types\/post"}],"author":[{"embeddable":true,"href":"https:\/\/diariodominicano.com\/index.php?rest_route=\/wp\/v2\/users\/3"}],"replies":[{"embeddable":true,"href":"https:\/\/diariodominicano.com\/index.php?rest_route=%2Fwp%2Fv2%2Fcomments&post=32216"}],"version-history":[{"count":0,"href":"https:\/\/diariodominicano.com\/index.php?rest_route=\/wp\/v2\/posts\/32216\/revisions"}],"wp:attachment":[{"href":"https:\/\/diariodominicano.com\/index.php?rest_route=%2Fwp%2Fv2%2Fmedia&parent=32216"}],"wp:term":[{"taxonomy":"category","embeddable":true,"href":"https:\/\/diariodominicano.com\/index.php?rest_route=%2Fwp%2Fv2%2Fcategories&post=32216"},{"taxonomy":"post_tag","embeddable":true,"href":"https:\/\/diariodominicano.com\/index.php?rest_route=%2Fwp%2Fv2%2Ftags&post=32216"}],"curies":[{"name":"wp","href":"https:\/\/api.w.org\/{rel}","templated":true}]}}