{"id":32215,"date":"2019-11-16T13:30:26","date_gmt":"2019-11-16T13:30:26","guid":{"rendered":"http:\/\/diariodominicano.ddns.net\/?p=32215"},"modified":"2019-11-16T13:30:26","modified_gmt":"2019-11-16T13:30:26","slug":"concienciacion-que-clama-a-rd-y-al-mundo-la-deforestacion-del-planeta","status":"publish","type":"post","link":"https:\/\/diariodominicano.com\/?p=32215","title":{"rendered":"&#13;Concienciaci\u00f3n que clama a RD y al mundo la deforestaci\u00f3n del Planeta"},"content":{"rendered":"<p><body><\/p>\n<p><img decoding=\"async\" src=\"img3\/ramon urena torres000.jpg\" \/>  <\/p>\n<p><strong>Diariodominicano.com<\/strong><\/p>\n<p><strong>Por: Ing. Ram\u00f3n Ure\u00f1a Torres<\/strong><\/p>\n<p><strong> <\/strong><\/p>\n<p>Conforme la visi\u00f3n y evaluaciones t\u00e9cnicas del Consejo Regional de Desarrollo, Inc., (CRD)  de cara al presente y al futuro, si bien es cierto que  la contaminaci\u00f3n de los mares y oc\u00e9anos no cesa, m\u00e1s bien crece cada a\u00f1o; no es menor la situaci\u00f3n del planeta con respecto a la deforestaci\u00f3n.<\/p>\n<\/p>\n<p>Ve por tanto, que cada a\u00f1o se deforesta una extensi\u00f3n superior a la extensi\u00f3n del reino unido, es decir, casi 6 veces la extensi\u00f3n de la Rep\u00fablica Dominicana.<\/p>\n<\/p>\n<p>Estima pues, que lo se deforesta no vuelve, se convierte en \u00e1rea agr\u00edcola ganadera o en espacios para el crecimiento desbordado de ciudades, parques e industriales, o simplemente se desertifica.<\/p>\n<\/p>\n<p>Situaci\u00f3n que ve agravada, ante la pol\u00edtica irresponsable de algunos gobernantes respecto al compromiso global de frenar la deforestaci\u00f3n, que  ha permitido acciones como las que ha estimulado el Presidente de Brasil Jair Bolsonaro con la Amazon\u00eda, la cual esta siento deforestada a un ritmo que del 90 al 2005 perdi\u00f3 m\u00e1s de 1 mill\u00f3n de Klms2, casi dos veces el territorio de Francia; al d\u00eda de hoy las \u00e1reas deforestadas en la Amazona se ha m\u00e1s que duplicado, fruto de la pol\u00edtica que Bolsonaro estimula de manera p\u00fablica y reiterada.<\/p>\n<\/p>\n<p>Resalta  en dicho sentido, que  el comportamiento del mandatario Barasile\u00f1o, no es m\u00e1s que un fruto del mal ejemplo que sobre las Pol\u00edticas Clim\u00e1ticas Globales ha dado el Presidente Norteamericano, quien no solo ha pretendido desacreditar la lucha contra el cambio clim\u00e1tico, sino que incluso retir\u00f3 a los Estados Unidos de los acuerdo de Paris (COP-21).<\/p>\n<\/p>\n<p>Antes estas acciones incorrectas, llama pues entender  que las \u00faltimas Cumbres de las Naciones Unidas sobre el Calentamiento Global y Cambio Clim\u00e1tico en Kenia y Nueva York en marzo y septiembre pasado, enarbolaron la bandera de un necesario cambio de actitud de los Gobernantes y Gobernados y establecieron metas para reducir la deforestaci\u00f3n para el 2030; ya en el 2014 se hab\u00edan establecido compromisos para que al 2020 reducir a la mitad las \u00e1reas deforestadas en el mundo; sin embargo ese acuerdo no se ha cumplido, m\u00e1s bien el problema se ha incrementado.<\/p>\n<\/p>\n<p>Dada la tan palpable y preocupante realidad, alerta entender que al ritmo que avanzamos en los serios problemas generados por el calentamiento global, los llamados y acuerdos de estas conferencias no pasan de ser simples enunciados de buena fe, en raz\u00f3n de que no son vinculantes y aunque lo fueran en la pr\u00e1ctica las mismas no se aplican.<\/p>\n<p><strong>Una Sociedad Indiferentes:<\/strong><\/p>\n<\/p>\n<p>Dentro de la problem\u00e1tica referida, para el CRD el mal sistema y accionar que hemos construido, camina a la autodestrucci\u00f3n ambiental del planeta; dando a entender, que pareciera como si no nos importara lo que pasa a nuestro alrededor; hemos abandonados los campos y cada d\u00eda empujamos m\u00e1s a la poblaci\u00f3n a vivir en hacinamiento, creando barrios de conglomerados humanos carentes de organizaci\u00f3n y de los servicios m\u00e1s elementales como es el agua, energ\u00eda el\u00e9ctrica, eliminaci\u00f3n eficiente de residuos s\u00f3lidos; sin servicios sanitarios de ning\u00fan tipo ni sistema de tratamiento de las aguas servidas.         <\/p>\n<\/p>\n<p>Hemos hecho de las ciudades junglas invivibles que crecen de manera desbordadas y lo m\u00e1s lamentable es que a los sectores gobernantes y dominantes parece no importarle nada lo que pasa a su alrededor.<\/p>\n<\/p>\n<p>Ante esta situaci\u00f3n,  en el Consejo Regional de Desarrollo, Inc.  (CRD.) por medio de su direcci\u00f3n t\u00e9cnica, apostamos por la creaci\u00f3n de un nuevo paradigma que empodere a las nuevas generaciones a asumir un compromiso por el medio ambiente y este compromiso solo se alcanzar\u00e1 a trav\u00e9s de la educaci\u00f3n continua, que inicie desde los primeros niveles de la educaci\u00f3n primaria hasta los niveles universitarios y que se ejecute en todos los conglomerados sociales.<\/p>\n<\/p>\n<p><strong>Los J\u00f3venes:<\/strong><\/p>\n<p><strong>La \u00danica Esperanza del Planeta:<\/strong><\/p>\n<\/p>\n<p>Al observar de la \u00f3ptica y los diversos estudios del CRD sobre la problem\u00e1tica tratada en esta trabajo, en torno a  la situaci\u00f3n ambiental del mundo, debemos admitir que las generaciones pasadas y las que hoy regimos el mundo les hemos fallado a nuestros hijos y nietos, tal como indican los siguientes indicadores:<\/p>\n<\/p>\n<p>\u00b7         Le estamos legando un mundo deforestado en casi un 55% de sus reservas boscosas, situaci\u00f3n que se agrava y crece cada a\u00f1o de manera indetenible, a la par con un crecimiento desbordado de la poblaci\u00f3n.<\/p>\n<\/p>\n<p>\u00b7         Hemos llenado los mares y oc\u00e9anos de basura no degradable como son los pl\u00e1sticos y petroqu\u00edmicos.<\/p>\n<\/p>\n<p>\u00b7         Nuestras acciones han producido un calentamiento global creciente que de no mitigarse, en 30 a\u00f1os aumentar\u00e1 la temperatura del \u00e1rtico entre 3 y 5o C y que en 30 a\u00f1os m\u00e1s (2080), podr\u00eda llegar hasta los 9\u00ba C (\u00e9sta situaci\u00f3n desde ya est\u00e1 creando graves problemas clim\u00e1ticos, en todo el mundo) y en 50 a\u00f1os m\u00e1s, de no mitigarse estaremos ante una verdadera cat\u00e1strofe ambiental.<\/p>\n<\/p>\n<p>\u00b7         Hemos generados una merma de la capa de ozono por el exceso de gases t\u00f3xicos de efecto invernaderos (GEI), como el di\u00f3xido de carbono (CO2) vapor de agua, \u00f3xido de nitr\u00f3geno (NO), entre otros.<\/p>\n<\/p>\n<p>\u00b7         Creamos un modelo de desarrollo basado en un \u00b4\u00b4Capitalismo Salvaje\u00b4\u00b4 que solo le importa el dinero, dejando de lado el Ser Humano. Parecer\u00eda que nos alimentaremos, respiraremos y nos hidrataremos con d\u00f3lares y petr\u00f3leo, pues destruimos todos los d\u00edas nuestro habita sin importarnos las consecuencias.<\/p>\n<\/p>\n<p>Con este panorama generalizado que ya es una triste realidad a nivel global, surge un grito de alarma de j\u00f3venes del Mundo dirigido a llamar la atenci\u00f3n de los l\u00edderes mundiales. Millones de j\u00f3venes de todas las naciones han iniciado una especie de Huelga Mundial por el Medio Ambiente a trav\u00e9s de una serie de manifestaciones pac\u00edficas que han denominado \u00b4\u00b4Friday For The Future\u00b4\u00b4 encabezado por la joven sueca Greta Thunberg.<\/p>\n<\/p>\n<p>Este grito se ha convertido en una esperanza para sacar de la apat\u00eda y el embobamiento por los ritmos callejeros sin contenido ni sentido, a la juventud barrial sencilla y le ha marcado un rumbo a seguir; ha sido un grito dirigido a los j\u00f3venes de clase media, que persigue sacarlos de la apat\u00eda propia de las comodidades en que viven, que los llevan a no interesarse por nada, pues creen tenerlo todo y que lo que est\u00e1 pasando a su alrededor no es su problema, pues por ahora aun no lo sufren de manera directa.<\/p>\n<\/p>\n<p>El llamado de Greta Thunberg es un reclamo a los j\u00f3venes para que se involucren en acciones concretas mitigadoras de la situaci\u00f3n actual y que exijan a sus L\u00edderes Pol\u00edticos, Empresariales, Religiosos, Cient\u00edficos, Acad\u00e9micos, Sindicales, etc., planes serios que sean capaces de producir  cambios reales, no de fachada, en las Pol\u00edticas Ambientales de sus respectivos pa\u00edses.<\/p>\n<p><strong>Solo la toma de conciencia de las nuevas generaciones crear\u00e1 un mundo ambientalmente sostenible.<\/strong><\/p>\n<\/p>\n<p>Para el Consejo Regional de Desarrollo, Inc. (CRD) al vivir en un mundo globalizado y siendo nosotros parte de una isla en medio del caribe, es l\u00f3gico que lo que pasa en el mundo con un tema tan puntual, nos importa y nos afecta de manera directa, por lo que toca a nuestra generaci\u00f3n asumir un rol diferente al que hemos seguido por generaciones y es precisamente es el sentir de la direcci\u00f3n t\u00e9cnica del CRD, al lanzar el conjunto de propuestas que ha venido presentando al pa\u00eds y al mundo a trav\u00e9s de diferentes estudios, tendentes a crear un nuevo nivel de compromiso por el medio ambiente.   <\/p>\n<\/p>\n<p><strong>El autor es: <\/strong><\/p>\n<\/p>\n<p>Ing. Ram\u00f3n Ure\u00f1a Torres, Director Cibao Central del Consejo Regional de Desarrollo, Inc. (CRD), ingeniero, experto en asuntos municipales y medioambientales. Tel. 809-244-5496-Correo. crdnordeste@yahoo.es, San Francisco de Macor\u00eds, RD.<\/p>\n<\/p>\n<h6> 2019-11-16 13:30:26 <\/h6>\n<p><!--\n<link rel=\"stylesheet\" href=\"css\/bootstrap.min.css\">\n\n\n<ul class=\"pagination\">\n\t    \n\t\n\n<li >\n\t<a href='?page_no=1115'>Previous<\/a>\n\t<\/li>\n\n\n       \n    \n\n<li><a href='?page_no=1'>1<\/a><\/li>\n\n\n\n<li><a href='?page_no=2'>2<\/a><\/li>\n\n\n\n<li><a>...<\/a><\/li>\n\n\n\n<li><a href='?page_no=1114'>1114<\/a><\/li>\n\n\n\n<li><a href='?page_no=1115'>1115<\/a><\/li>\n\n\n\n<li class='active'><a>1116<\/a><\/li>\n\n\n\n<li><a href='?page_no=1117'>1117<\/a><\/li>\n\n\n\n<li><a href='?page_no=1118'>1118<\/a><\/li>\n\n\n\n<li><a>...<\/a><\/li>\n\n\n\n<li><a href='?page_no=1549'>1549<\/a><\/li>\n\n\n\n<li><a href='?page_no=1550'>1550<\/a><\/li>\n\n    \n\t\n\n<li >\n\t<a href='?page_no=1117'>Next<\/a>\n\t<\/li>\n\n\n    \n\n<li><a href='?page_no=1550'>Last &rsaquo;&rsaquo;<\/a><\/li>\n\n<\/ul>\n\n\n--><br \/>\n<\/body><\/p>\n","protected":false},"excerpt":{"rendered":"<p>Diariodominicano.com Por: Ing. Ram\u00f3n Ure\u00f1a Torres Conforme la visi\u00f3n y evaluaciones t\u00e9cnicas del Consejo Regional de Desarrollo, Inc., (CRD) de cara al presente y al futuro, si bien es cierto que la contaminaci\u00f3n de los mares y oc\u00e9anos no cesa, m\u00e1s bien crece cada a\u00f1o; no es menor la situaci\u00f3n del planeta con respecto a [&hellip;]<\/p>\n","protected":false},"author":3,"featured_media":0,"comment_status":"open","ping_status":"open","sticky":false,"template":"","format":"standard","meta":{"footnotes":""},"categories":[19],"tags":[],"class_list":["post-32215","post","type-post","status-publish","format-standard","hentry","category-mi-voz"],"_links":{"self":[{"href":"https:\/\/diariodominicano.com\/index.php?rest_route=\/wp\/v2\/posts\/32215","targetHints":{"allow":["GET"]}}],"collection":[{"href":"https:\/\/diariodominicano.com\/index.php?rest_route=\/wp\/v2\/posts"}],"about":[{"href":"https:\/\/diariodominicano.com\/index.php?rest_route=\/wp\/v2\/types\/post"}],"author":[{"embeddable":true,"href":"https:\/\/diariodominicano.com\/index.php?rest_route=\/wp\/v2\/users\/3"}],"replies":[{"embeddable":true,"href":"https:\/\/diariodominicano.com\/index.php?rest_route=%2Fwp%2Fv2%2Fcomments&post=32215"}],"version-history":[{"count":0,"href":"https:\/\/diariodominicano.com\/index.php?rest_route=\/wp\/v2\/posts\/32215\/revisions"}],"wp:attachment":[{"href":"https:\/\/diariodominicano.com\/index.php?rest_route=%2Fwp%2Fv2%2Fmedia&parent=32215"}],"wp:term":[{"taxonomy":"category","embeddable":true,"href":"https:\/\/diariodominicano.com\/index.php?rest_route=%2Fwp%2Fv2%2Fcategories&post=32215"},{"taxonomy":"post_tag","embeddable":true,"href":"https:\/\/diariodominicano.com\/index.php?rest_route=%2Fwp%2Fv2%2Ftags&post=32215"}],"curies":[{"name":"wp","href":"https:\/\/api.w.org\/{rel}","templated":true}]}}