{"id":32205,"date":"2019-11-20T12:16:36","date_gmt":"2019-11-20T12:16:36","guid":{"rendered":"http:\/\/diariodominicano.ddns.net\/?p=32205"},"modified":"2019-11-20T12:16:36","modified_gmt":"2019-11-20T12:16:36","slug":"llama-a-detener-genocidio-en-bolivia-diario-digital-boricua","status":"publish","type":"post","link":"https:\/\/diariodominicano.com\/?p=32205","title":{"rendered":"Llama a detener genocidio en Bolivia diario digital boricua"},"content":{"rendered":"<p><body><\/p>\n<p><img decoding=\"async\" src=\"img3\/post.jpg\" \/>  <\/p>\n<p>San Juan, 20 nov (Prensa Latina) El diario digital puertorrique\u00f1o El Post Antillano reclam\u00f3 hoy el fin del genocidio al que se encuentra sometido el pueblo de Bolivia, tras el golpe de Estado contra el presidente constitucional Evo Morales.<\/p>\n<\/p>\n<p>La publicaci\u00f3n llam\u00f3 la atenci\u00f3n, adem\u00e1s, que la violencia excesiva en Bolivia por parte del Estado se aplica en particular, con un car\u00e1cter racial, ya que se trata de los blancos de origen europeo o mestizos masacrando a poblaciones ind\u00edgenas, esencialmente aymara, a partir de que la senadora Jeanine A\u00f1ez se proclamara presidenta.<\/p>\n<\/p>\n<p>Indic\u00f3 que a partir del derrocamiento c\u00edvico-militar-policial se ha impuesto en la Rep\u00fablica Plurinacional de Bolivia una pr\u00e1ctica de exclusi\u00f3n, persecuci\u00f3n y asesinatos dada la v\u00eda libre que otorg\u00f3 A\u00f1ez a los militares y polic\u00edas para disparar contra los manifestantes.<\/p>\n<\/p>\n<p>En d\u00edas recientes se descubri\u00f3 que la autoproclamada presidente firm\u00f3 un decreto especial por el actual autoriza a los militares a utilizar las armas contra la poblaci\u00f3n bajo un acto de leg\u00edtima defensa o en estado de necesidad.<\/p>\n<\/p>\n<p>Bajo esto, los muertos en menos de una semana se multiplicaron por siete, desde el periodo que iniciaron las protestas sociales, luego de las elecciones disputadas el pasado 20 de octubre, solo hubo tres muertos hasta el domingo 10 de noviembre cuando Evo Morales renunci\u00f3 a la presidencia bajo presi\u00f3n policial-militar.<\/p>\n<\/p>\n<p>En menos de siete d\u00edas, anot\u00f3, las fuerzas militares y polic\u00edacas han asesinado a 21 personas, todas ellas de extracci\u00f3n ind\u00edgena, as\u00ed como los cinco mineros en Cochabamba.<\/p>\n<\/p>\n<p>&#8216;No podemos permitir es que Bolivia, pa\u00eds que ha vivido su periodo pol\u00edtico de mayor estabilidad y r\u00e9gimen prolongado m\u00e1s extenso, bajo el liderato de Evo Morales, sucumba en una dictadura militar de tipo del Siglo XX&#8217;, estableci\u00f3 el editorial.<\/p>\n<\/p>\n<p>Se\u00f1al\u00f3 adem\u00e1s que no se puede permitir que las conquistas econ\u00f3micas alcanzadas en el pa\u00eds del altiplano, con un crecimiento sostenido desde 2011 de 5,0 por ciento anual, se pierda ahora, y destruya la distribuci\u00f3n de la riqueza desarrollada all\u00ed en los \u00faltimos a\u00f1os.<\/p>\n<\/p>\n<p>El Post Antillano pidi\u00f3, finalmente, que de no cesar la violencia y asesinatos por parte del Gobierno dirigido por Jeanine A\u00f1ez se les abra un expediente ante la Corte Internacional de Derecho Penal, y sean estos nuevos gobernantes catalogados por lo que hoy se han convertido: unos delincuentes dictatoriales, reza el comentario.<\/p>\n<\/p>\n<p>oda\/nrm<\/p>\n<h6> 2019-11-20 12:16:36 <\/h6>\n<p><!--\n<link rel=\"stylesheet\" href=\"css\/bootstrap.min.css\">\n\n\n<ul class=\"pagination\">\n\t    \n\t\n\n<li >\n\t<a href='?page_no=1106'>Previous<\/a>\n\t<\/li>\n\n\n       \n    \n\n<li><a href='?page_no=1'>1<\/a><\/li>\n\n\n\n<li><a href='?page_no=2'>2<\/a><\/li>\n\n\n\n<li><a>...<\/a><\/li>\n\n\n\n<li><a href='?page_no=1105'>1105<\/a><\/li>\n\n\n\n<li><a href='?page_no=1106'>1106<\/a><\/li>\n\n\n\n<li class='active'><a>1107<\/a><\/li>\n\n\n\n<li><a href='?page_no=1108'>1108<\/a><\/li>\n\n\n\n<li><a href='?page_no=1109'>1109<\/a><\/li>\n\n\n\n<li><a>...<\/a><\/li>\n\n\n\n<li><a href='?page_no=1549'>1549<\/a><\/li>\n\n\n\n<li><a href='?page_no=1550'>1550<\/a><\/li>\n\n    \n\t\n\n<li >\n\t<a href='?page_no=1108'>Next<\/a>\n\t<\/li>\n\n\n    \n\n<li><a href='?page_no=1550'>Last &rsaquo;&rsaquo;<\/a><\/li>\n\n<\/ul>\n\n\n--><br \/>\n<\/body><\/p>\n","protected":false},"excerpt":{"rendered":"<p>San Juan, 20 nov (Prensa Latina) El diario digital puertorrique\u00f1o El Post Antillano reclam\u00f3 hoy el fin del genocidio al que se encuentra sometido el pueblo de Bolivia, tras el golpe de Estado contra el presidente constitucional Evo Morales. La publicaci\u00f3n llam\u00f3 la atenci\u00f3n, adem\u00e1s, que la violencia excesiva en Bolivia por parte del Estado [&hellip;]<\/p>\n","protected":false},"author":3,"featured_media":0,"comment_status":"open","ping_status":"open","sticky":false,"template":"","format":"standard","meta":{"footnotes":""},"categories":[19],"tags":[],"class_list":["post-32205","post","type-post","status-publish","format-standard","hentry","category-mi-voz"],"_links":{"self":[{"href":"https:\/\/diariodominicano.com\/index.php?rest_route=\/wp\/v2\/posts\/32205","targetHints":{"allow":["GET"]}}],"collection":[{"href":"https:\/\/diariodominicano.com\/index.php?rest_route=\/wp\/v2\/posts"}],"about":[{"href":"https:\/\/diariodominicano.com\/index.php?rest_route=\/wp\/v2\/types\/post"}],"author":[{"embeddable":true,"href":"https:\/\/diariodominicano.com\/index.php?rest_route=\/wp\/v2\/users\/3"}],"replies":[{"embeddable":true,"href":"https:\/\/diariodominicano.com\/index.php?rest_route=%2Fwp%2Fv2%2Fcomments&post=32205"}],"version-history":[{"count":0,"href":"https:\/\/diariodominicano.com\/index.php?rest_route=\/wp\/v2\/posts\/32205\/revisions"}],"wp:attachment":[{"href":"https:\/\/diariodominicano.com\/index.php?rest_route=%2Fwp%2Fv2%2Fmedia&parent=32205"}],"wp:term":[{"taxonomy":"category","embeddable":true,"href":"https:\/\/diariodominicano.com\/index.php?rest_route=%2Fwp%2Fv2%2Fcategories&post=32205"},{"taxonomy":"post_tag","embeddable":true,"href":"https:\/\/diariodominicano.com\/index.php?rest_route=%2Fwp%2Fv2%2Ftags&post=32205"}],"curies":[{"name":"wp","href":"https:\/\/api.w.org\/{rel}","templated":true}]}}