{"id":32204,"date":"2019-11-20T12:18:53","date_gmt":"2019-11-20T12:18:53","guid":{"rendered":"http:\/\/diariodominicano.ddns.net\/?p=32204"},"modified":"2019-11-20T12:18:53","modified_gmt":"2019-11-20T12:18:53","slug":"expresaran-en-costa-rica-solidaridad-con-lucha-del-pueblo-boliviano","status":"publish","type":"post","link":"https:\/\/diariodominicano.com\/?p=32204","title":{"rendered":"Expresar\u00e1n en Costa Rica solidaridad con lucha del pueblo boliviano"},"content":{"rendered":"<p><body><\/p>\n<p><img decoding=\"async\" src=\"img3\/cr.jpg\" \/>  <\/p>\n<p>San Jos\u00e9, 20 nov (Prensa Latina) Representantes de diversas agrupaciones pol\u00edticas, sindicales, sociales y populares de Costa Rica expresar\u00e1n hoy aqu\u00ed su solidaridad con la lucha del pueblo de Bolivia contra el golpe de Estado en ese pa\u00eds andino.<\/p>\n<\/p>\n<p>Los participantes en el acto, convocado para las 17:00 hora local en la capitalina Plaza de la Cultura, manifestar\u00e1n adem\u00e1s su rechazo a la represi\u00f3n desatada por el gobierno de facto contra los ind\u00edgenas que piden la renuncia de los golpistas y el retorno a la presidencia boliviana de Evo Morales, exiliado en M\u00e9xico, tras ser obligado a renunciar.<\/p>\n<\/p>\n<p>Esta es la segunda concentraci\u00f3n que realizar\u00e1n los ticos solidarios contra el golpe de Estado en Bolivia, pues el pasado d\u00eda 11 representantes de agrupaciones pol\u00edticas, sociales, sindicales y estudiantiles estuvieron frente a la Canciller\u00eda de Costa Rica y exhortaron al gobierno a pronunciarse contra los sucesos en la naci\u00f3n suramericana<\/p>\n<\/p>\n<p>Concentrados en la escalera que da acceso a Casa Amarilla -sede del Ministerio de Relaciones Exteriores y Culto- durante m\u00e1s de hora y media los manifestantes corearon consignas como \u00a1Evo No est\u00e1 solo Carajo! \u00a1Evo, amigo, el pueblo est\u00e1 contigo! y \u00a1Camacho, basura, vos sos la dictadura!&#8217;.<\/p>\n<\/p>\n<p>Con un meg\u00e1fono, algunos de los presentes rechazaron contundentemente el golpe militar y las expresiones racistas que tienen lugar en Bolivia, as\u00ed como aseguraron que ese golpe de Estado no solo pone en riesgo la democracia de Bolivia, sino de toda Am\u00e9rica Latina.<\/p>\n<\/p>\n<p>Otros de los oradores coincidieron en exigirle al gobierno de Costa Rica que se pronuncie y condene las acciones de violencia contra el hermano pueblo boliviano, ratificaron el respaldo a Evo Morales y llamaron a todas los latinoamericanos a expresar su solidaridad con Bolivia y repudiar el golpe militar en esa naci\u00f3n suramericana.<\/p>\n<\/p>\n<p>Hasta ahora, Costa Rica no ha reconocido el gobierno impuesto en Bolivia, pero tampoco califica de golpe de Estado lo ocurrido en ese pa\u00eds.<\/p>\n<\/p>\n<p>En dos ocasiones, el presidente de Costa Rica, Carlos Alvarado, llam\u00f3 a la paz y al respeto a la institucionalidad democr\u00e1tica en Bolivia.<\/p>\n<\/p>\n<p>tgj\/ale\/cvl<\/p>\n<h6> 2019-11-20 12:18:53 <\/h6>\n<p><!--\n<link rel=\"stylesheet\" href=\"css\/bootstrap.min.css\">\n\n\n<ul class=\"pagination\">\n\t    \n\t\n\n<li >\n\t<a href='?page_no=1105'>Previous<\/a>\n\t<\/li>\n\n\n       \n    \n\n<li><a href='?page_no=1'>1<\/a><\/li>\n\n\n\n<li><a href='?page_no=2'>2<\/a><\/li>\n\n\n\n<li><a>...<\/a><\/li>\n\n\n\n<li><a href='?page_no=1104'>1104<\/a><\/li>\n\n\n\n<li><a href='?page_no=1105'>1105<\/a><\/li>\n\n\n\n<li class='active'><a>1106<\/a><\/li>\n\n\n\n<li><a href='?page_no=1107'>1107<\/a><\/li>\n\n\n\n<li><a href='?page_no=1108'>1108<\/a><\/li>\n\n\n\n<li><a>...<\/a><\/li>\n\n\n\n<li><a href='?page_no=1549'>1549<\/a><\/li>\n\n\n\n<li><a href='?page_no=1550'>1550<\/a><\/li>\n\n    \n\t\n\n<li >\n\t<a href='?page_no=1107'>Next<\/a>\n\t<\/li>\n\n\n    \n\n<li><a href='?page_no=1550'>Last &rsaquo;&rsaquo;<\/a><\/li>\n\n<\/ul>\n\n\n--><br \/>\n<\/body><\/p>\n","protected":false},"excerpt":{"rendered":"<p>San Jos\u00e9, 20 nov (Prensa Latina) Representantes de diversas agrupaciones pol\u00edticas, sindicales, sociales y populares de Costa Rica expresar\u00e1n hoy aqu\u00ed su solidaridad con la lucha del pueblo de Bolivia contra el golpe de Estado en ese pa\u00eds andino. Los participantes en el acto, convocado para las 17:00 hora local en la capitalina Plaza de [&hellip;]<\/p>\n","protected":false},"author":3,"featured_media":0,"comment_status":"open","ping_status":"open","sticky":false,"template":"","format":"standard","meta":{"footnotes":""},"categories":[19],"tags":[],"class_list":["post-32204","post","type-post","status-publish","format-standard","hentry","category-mi-voz"],"_links":{"self":[{"href":"https:\/\/diariodominicano.com\/index.php?rest_route=\/wp\/v2\/posts\/32204","targetHints":{"allow":["GET"]}}],"collection":[{"href":"https:\/\/diariodominicano.com\/index.php?rest_route=\/wp\/v2\/posts"}],"about":[{"href":"https:\/\/diariodominicano.com\/index.php?rest_route=\/wp\/v2\/types\/post"}],"author":[{"embeddable":true,"href":"https:\/\/diariodominicano.com\/index.php?rest_route=\/wp\/v2\/users\/3"}],"replies":[{"embeddable":true,"href":"https:\/\/diariodominicano.com\/index.php?rest_route=%2Fwp%2Fv2%2Fcomments&post=32204"}],"version-history":[{"count":0,"href":"https:\/\/diariodominicano.com\/index.php?rest_route=\/wp\/v2\/posts\/32204\/revisions"}],"wp:attachment":[{"href":"https:\/\/diariodominicano.com\/index.php?rest_route=%2Fwp%2Fv2%2Fmedia&parent=32204"}],"wp:term":[{"taxonomy":"category","embeddable":true,"href":"https:\/\/diariodominicano.com\/index.php?rest_route=%2Fwp%2Fv2%2Fcategories&post=32204"},{"taxonomy":"post_tag","embeddable":true,"href":"https:\/\/diariodominicano.com\/index.php?rest_route=%2Fwp%2Fv2%2Ftags&post=32204"}],"curies":[{"name":"wp","href":"https:\/\/api.w.org\/{rel}","templated":true}]}}