{"id":32200,"date":"2019-11-20T12:28:53","date_gmt":"2019-11-20T12:28:53","guid":{"rendered":"http:\/\/diariodominicano.ddns.net\/?p=32200"},"modified":"2019-11-20T12:28:53","modified_gmt":"2019-11-20T12:28:53","slug":"voces-de-la-izquierda-mundial-denuncian-golpe-de-estado-en-bolivia","status":"publish","type":"post","link":"https:\/\/diariodominicano.com\/?p=32200","title":{"rendered":"Voces de la izquierda mundial denuncian golpe de Estado en Bolivia"},"content":{"rendered":"<p><body><\/p>\n<p><img decoding=\"async\" src=\"img3\/red11.jpg\" \/>  <\/p>\n<p>La Habana, 20 nov (Prensa Latina) Voces de personalidades pol\u00edticas de la izquierda a nivel mundial denuncian hoy el golpe de Estado contra el l\u00edder Evo Morales en Bolivia y condenan la violencia del gobierno de facto.<\/p>\n<\/p>\n<p>En las \u00faltimas horas, miembros de la Red de Intelectuales y Artistas en Defensa de la Humanidad rechazan la represi\u00f3n militar a campesinos, obreros e ind\u00edgenas, quienes en las calles bolivianas ratifican el apoyo a Evo y exigen nuevas elecciones.<\/p>\n<\/p>\n<p>Desde Brasil, el te\u00f3logo de la liberaci\u00f3n Leonardo Boff manifest\u00f3 que el golpe c\u00edvico, pol\u00edtico y policial en Bolivia destruy\u00f3 la trayectoria del expresidente Evo, quien durante su gesti\u00f3n disminuy\u00f3 la diferencia entre ricos y pobres con pol\u00edticas sociales y econ\u00f3micas.<\/p>\n<\/p>\n<p>&#8216;Por primera vez, un ind\u00edgena es presidente y ahora aquellos que nunca aceptaron la dignidad de los ind\u00edgenas, quechuas, aymaras, guaran\u00edes, ahora vuelven para impedir que sigan creando un rostro nuevo en Bolivia&#8217;, destac\u00f3.<\/p>\n<\/p>\n<p>En otro momento de su mensaje, Boff alert\u00f3 sobre la participaci\u00f3n de fuerzas extranjeras en la asonada golpista, quienes no est\u00e1n interesados en el pueblo si no en la riquezas del pa\u00eds como el petr\u00f3leo y el gas.<\/p>\n<\/p>\n<p>&#8216;Ratificamos el apoyo a Evo como la gran expresi\u00f3n de los pueblos ind\u00edgenas, de la liberaci\u00f3n y el sentido de elevar a los m\u00e1s humildes y pobres a la m\u00ednima dignidad&#8217;, subray\u00f3.<\/p>\n<\/p>\n<p>En ese sentido, el periodista chileno Pablo Jofre Leal critic\u00f3 el uso de la fuerza militar y la hipocres\u00eda de algunos gobiernos latinoamericanos, quienes no se expresan con contundencia para rechazar y denunciar el golpe de Estado en Bolivia. A la condena golpista se une el actor y m\u00fasico venezolano, Roque Valero y otras personalidades de la izquierda internacional, quienes llaman al pueblo boliviano a defender la paz y la justicia social.<\/p>\n<\/p>\n<p>La Red de Intelectuales y Artistas en Defensa de la Humanidad convocan a generar y compartir contenidos en solidaridad con el pueblo de Bolivia, utilizando las etiquetas #GolpeDeEstadoEnBolivia y #ElMundoConEvo.<\/p>\n<\/p>\n<p>jha\/otf\/yma<\/p>\n<h6> 2019-11-20 12:28:53 <\/h6>\n<p><!--\n<link rel=\"stylesheet\" href=\"css\/bootstrap.min.css\">\n\n\n<ul class=\"pagination\">\n\t    \n\t\n\n<li >\n\t<a href='?page_no=1101'>Previous<\/a>\n\t<\/li>\n\n\n       \n    \n\n<li><a href='?page_no=1'>1<\/a><\/li>\n\n\n\n<li><a href='?page_no=2'>2<\/a><\/li>\n\n\n\n<li><a>...<\/a><\/li>\n\n\n\n<li><a href='?page_no=1100'>1100<\/a><\/li>\n\n\n\n<li><a href='?page_no=1101'>1101<\/a><\/li>\n\n\n\n<li class='active'><a>1102<\/a><\/li>\n\n\n\n<li><a href='?page_no=1103'>1103<\/a><\/li>\n\n\n\n<li><a href='?page_no=1104'>1104<\/a><\/li>\n\n\n\n<li><a>...<\/a><\/li>\n\n\n\n<li><a href='?page_no=1549'>1549<\/a><\/li>\n\n\n\n<li><a href='?page_no=1550'>1550<\/a><\/li>\n\n    \n\t\n\n<li >\n\t<a href='?page_no=1103'>Next<\/a>\n\t<\/li>\n\n\n    \n\n<li><a href='?page_no=1550'>Last &rsaquo;&rsaquo;<\/a><\/li>\n\n<\/ul>\n\n\n--><br \/>\n<\/body><\/p>\n","protected":false},"excerpt":{"rendered":"<p>La Habana, 20 nov (Prensa Latina) Voces de personalidades pol\u00edticas de la izquierda a nivel mundial denuncian hoy el golpe de Estado contra el l\u00edder Evo Morales en Bolivia y condenan la violencia del gobierno de facto. En las \u00faltimas horas, miembros de la Red de Intelectuales y Artistas en Defensa de la Humanidad rechazan [&hellip;]<\/p>\n","protected":false},"author":3,"featured_media":0,"comment_status":"open","ping_status":"open","sticky":false,"template":"","format":"standard","meta":{"footnotes":""},"categories":[19],"tags":[],"class_list":["post-32200","post","type-post","status-publish","format-standard","hentry","category-mi-voz"],"_links":{"self":[{"href":"https:\/\/diariodominicano.com\/index.php?rest_route=\/wp\/v2\/posts\/32200","targetHints":{"allow":["GET"]}}],"collection":[{"href":"https:\/\/diariodominicano.com\/index.php?rest_route=\/wp\/v2\/posts"}],"about":[{"href":"https:\/\/diariodominicano.com\/index.php?rest_route=\/wp\/v2\/types\/post"}],"author":[{"embeddable":true,"href":"https:\/\/diariodominicano.com\/index.php?rest_route=\/wp\/v2\/users\/3"}],"replies":[{"embeddable":true,"href":"https:\/\/diariodominicano.com\/index.php?rest_route=%2Fwp%2Fv2%2Fcomments&post=32200"}],"version-history":[{"count":0,"href":"https:\/\/diariodominicano.com\/index.php?rest_route=\/wp\/v2\/posts\/32200\/revisions"}],"wp:attachment":[{"href":"https:\/\/diariodominicano.com\/index.php?rest_route=%2Fwp%2Fv2%2Fmedia&parent=32200"}],"wp:term":[{"taxonomy":"category","embeddable":true,"href":"https:\/\/diariodominicano.com\/index.php?rest_route=%2Fwp%2Fv2%2Fcategories&post=32200"},{"taxonomy":"post_tag","embeddable":true,"href":"https:\/\/diariodominicano.com\/index.php?rest_route=%2Fwp%2Fv2%2Ftags&post=32200"}],"curies":[{"name":"wp","href":"https:\/\/api.w.org\/{rel}","templated":true}]}}