{"id":321854,"date":"2022-01-05T19:34:22","date_gmt":"2022-01-05T23:34:22","guid":{"rendered":"http:\/\/diariodominicano.com\/?p=321854"},"modified":"2022-01-05T22:47:01","modified_gmt":"2022-01-06T02:47:01","slug":"chilena-endler-finalista-del-premio-mejor-portera-de-la-fifa","status":"publish","type":"post","link":"https:\/\/diariodominicano.com\/?p=321854","title":{"rendered":"Chilena Endler finalista del premio mejor portera de la FIFA"},"content":{"rendered":"\n<p>Santiago de Chile, 5 ene (Prensa Latina) La arquera chilena Christiane Endler qued\u00f3 entre las tres finalistas al premio The Best de la Federaci\u00f3n Internacional de Asociaciones de F\u00fatbol (FIFA), destacaron hoy aqu\u00ed medios especializados. <\/p>\n\n\n\n<p>Endler, capitana de la selecci\u00f3n femenina de f\u00fatbol de Chile (La Roja) y jugadora del Olympique de Lyon, de la liga francesa, competir\u00e1 por el galard\u00f3n con la guardameta alemana Ann-Katrin Berger y la canadiense Stephanie Lynn Marie Labb\u00e9.<\/p>\n\n\n\n<p>La considerada como la m\u00e1s destacada futbolista de Chile figura por tercer a\u00f1o consecutivo entre las candidatas al lauro, que ser\u00e1 entregado el pr\u00f3ximo 17 de enero.<\/p>\n\n\n\n<p>Christiane (Tiane) Endler complet\u00f3 una temporada espectacular en 2021 y ahora tiene altas posibilidades de quedarse con el galard\u00f3n, opin\u00f3 el diario Red Gol.<\/p>\n\n\n\n<p>La arquera nacional comand\u00f3 a La Roja en los Juegos Ol\u00edmpicos de Tokio por primera vez en la historia, record\u00f3 la publicaci\u00f3n.<\/p>\n\n\n\n<p>Adem\u00e1s, fue seleccionada en noviembre como la mejor portera del mundo por la Federaci\u00f3n Internacional de Historia y Estad\u00edstica del F\u00fatbol.<\/p>\n\n\n\n<p>mem\/car<\/p>\n","protected":false},"excerpt":{"rendered":"<p>Santiago de Chile, 5 ene (Prensa Latina) La arquera chilena Christiane Endler qued\u00f3 entre las tres finalistas al premio The Best de la Federaci\u00f3n Internacional de Asociaciones de F\u00fatbol (FIFA), destacaron hoy aqu\u00ed medios especializados. Endler, capitana de la selecci\u00f3n femenina de f\u00fatbol de Chile (La Roja) y jugadora del Olympique de Lyon, de la [&hellip;]<\/p>\n","protected":false},"author":28,"featured_media":321921,"comment_status":"closed","ping_status":"","sticky":true,"template":"","format":"standard","meta":{"footnotes":""},"categories":[17,27],"tags":[],"class_list":["post-321854","post","type-post","status-publish","format-standard","has-post-thumbnail","hentry","category-deportes","category-portada"],"_links":{"self":[{"href":"https:\/\/diariodominicano.com\/index.php?rest_route=\/wp\/v2\/posts\/321854","targetHints":{"allow":["GET"]}}],"collection":[{"href":"https:\/\/diariodominicano.com\/index.php?rest_route=\/wp\/v2\/posts"}],"about":[{"href":"https:\/\/diariodominicano.com\/index.php?rest_route=\/wp\/v2\/types\/post"}],"author":[{"embeddable":true,"href":"https:\/\/diariodominicano.com\/index.php?rest_route=\/wp\/v2\/users\/28"}],"replies":[{"embeddable":true,"href":"https:\/\/diariodominicano.com\/index.php?rest_route=%2Fwp%2Fv2%2Fcomments&post=321854"}],"version-history":[{"count":6,"href":"https:\/\/diariodominicano.com\/index.php?rest_route=\/wp\/v2\/posts\/321854\/revisions"}],"predecessor-version":[{"id":321930,"href":"https:\/\/diariodominicano.com\/index.php?rest_route=\/wp\/v2\/posts\/321854\/revisions\/321930"}],"wp:featuredmedia":[{"embeddable":true,"href":"https:\/\/diariodominicano.com\/index.php?rest_route=\/wp\/v2\/media\/321921"}],"wp:attachment":[{"href":"https:\/\/diariodominicano.com\/index.php?rest_route=%2Fwp%2Fv2%2Fmedia&parent=321854"}],"wp:term":[{"taxonomy":"category","embeddable":true,"href":"https:\/\/diariodominicano.com\/index.php?rest_route=%2Fwp%2Fv2%2Fcategories&post=321854"},{"taxonomy":"post_tag","embeddable":true,"href":"https:\/\/diariodominicano.com\/index.php?rest_route=%2Fwp%2Fv2%2Ftags&post=321854"}],"curies":[{"name":"wp","href":"https:\/\/api.w.org\/{rel}","templated":true}]}}