{"id":321851,"date":"2022-01-05T19:30:36","date_gmt":"2022-01-05T23:30:36","guid":{"rendered":"http:\/\/diariodominicano.com\/?p=321851"},"modified":"2022-01-05T19:30:36","modified_gmt":"2022-01-05T23:30:36","slug":"lionel-messi-supera-covid-19-y-regresa-a-paris","status":"publish","type":"post","link":"https:\/\/diariodominicano.com\/?p=321851","title":{"rendered":"Lionel Messi supera Covid-19 y regresa a Par\u00eds"},"content":{"rendered":"\n<p>Par\u00eds, 5 ene (Prensa Latina) El estelar futbolista Lionel Messi dio negativo a la prueba de la Covid-19 tras ser diagnosticado con la enfermedad en Argentina y ya regres\u00f3 a esta capital, anunci\u00f3 hoy el PSG<\/p>\n\n\n\n<ul class=\"wp-block-list\"><li>enero 5, 2022<\/li><li>CST16:30 (GMT) -0500<\/li><\/ul>\n\n\n\n<p>De acuerdo con un comunicado del club rojiazul, el atacante se encontraba de vacaciones en su pa\u00eds, donde le hab\u00edan detectado la Covid-19, y se incorporar\u00e1 al grupo en los pr\u00f3ximos d\u00edas.<\/p>\n\n\n\n<p>Sin embargo, los l\u00edderes de la Ligue1 no precisaron si Messi estar\u00e1 disponible para el partido del domingo de visitante contra el Olympique de Lyon, duelo que cerrar\u00e1 la jornada 20 del torneo.<\/p>\n\n\n\n<p>El PSG no tendr\u00e1 en la cancha al brasile\u00f1o Neymar, quien est\u00e1 a m\u00e1s de dos semanas de retornar de su lesi\u00f3n, por lo que los capitalinos pudieran contar solo con Kylian Mbapp\u00e9 de su tridente ofensivo de lujo.<\/p>\n\n\n\n<p>msm\/wmr<\/p>\n","protected":false},"excerpt":{"rendered":"<p>Par\u00eds, 5 ene (Prensa Latina) El estelar futbolista Lionel Messi dio negativo a la prueba de la Covid-19 tras ser diagnosticado con la enfermedad en Argentina y ya regres\u00f3 a esta capital, anunci\u00f3 hoy el PSG enero 5, 2022 CST16:30 (GMT) -0500 De acuerdo con un comunicado del club rojiazul, el atacante se encontraba de [&hellip;]<\/p>\n","protected":false},"author":28,"featured_media":321852,"comment_status":"closed","ping_status":"","sticky":true,"template":"","format":"standard","meta":{"footnotes":""},"categories":[17,27],"tags":[],"class_list":["post-321851","post","type-post","status-publish","format-standard","has-post-thumbnail","hentry","category-deportes","category-portada"],"_links":{"self":[{"href":"https:\/\/diariodominicano.com\/index.php?rest_route=\/wp\/v2\/posts\/321851","targetHints":{"allow":["GET"]}}],"collection":[{"href":"https:\/\/diariodominicano.com\/index.php?rest_route=\/wp\/v2\/posts"}],"about":[{"href":"https:\/\/diariodominicano.com\/index.php?rest_route=\/wp\/v2\/types\/post"}],"author":[{"embeddable":true,"href":"https:\/\/diariodominicano.com\/index.php?rest_route=\/wp\/v2\/users\/28"}],"replies":[{"embeddable":true,"href":"https:\/\/diariodominicano.com\/index.php?rest_route=%2Fwp%2Fv2%2Fcomments&post=321851"}],"version-history":[{"count":1,"href":"https:\/\/diariodominicano.com\/index.php?rest_route=\/wp\/v2\/posts\/321851\/revisions"}],"predecessor-version":[{"id":321853,"href":"https:\/\/diariodominicano.com\/index.php?rest_route=\/wp\/v2\/posts\/321851\/revisions\/321853"}],"wp:featuredmedia":[{"embeddable":true,"href":"https:\/\/diariodominicano.com\/index.php?rest_route=\/wp\/v2\/media\/321852"}],"wp:attachment":[{"href":"https:\/\/diariodominicano.com\/index.php?rest_route=%2Fwp%2Fv2%2Fmedia&parent=321851"}],"wp:term":[{"taxonomy":"category","embeddable":true,"href":"https:\/\/diariodominicano.com\/index.php?rest_route=%2Fwp%2Fv2%2Fcategories&post=321851"},{"taxonomy":"post_tag","embeddable":true,"href":"https:\/\/diariodominicano.com\/index.php?rest_route=%2Fwp%2Fv2%2Ftags&post=321851"}],"curies":[{"name":"wp","href":"https:\/\/api.w.org\/{rel}","templated":true}]}}