{"id":32184,"date":"2019-11-22T11:37:16","date_gmt":"2019-11-22T11:37:16","guid":{"rendered":"http:\/\/diariodominicano.ddns.net\/?p=32184"},"modified":"2019-11-22T11:37:16","modified_gmt":"2019-11-22T11:37:16","slug":"denuncian-proceder-de-fuerzas-policiales-en-chile-en-manifestaciones","status":"publish","type":"post","link":"https:\/\/diariodominicano.com\/?p=32184","title":{"rendered":"Denuncian proceder de fuerzas policiales en Chile en manifestaciones"},"content":{"rendered":"<p><body><\/p>\n<p><img decoding=\"async\" src=\"img3\/chil011.jpg\" \/>  <\/p>\n<p>Santiago de Chile, 22 nov (Prensa Latina) Numerosas denuncias se reportan hoy por el proceder del cuerpo de Carabineros, en medio de las manifestaciones que ya cumplen cinco semanas en Chile y que la v\u00edspera culminaron con graves hechos violentos.<\/p>\n<\/p>\n<p>Durante la tarde y noche del jueves ocurrieron no solo enfrentamientos entre manifestantes y carabineros, sino una serie de saqueos a centros comerciales y supermercados en esta capital y otras ciudades del pa\u00eds donde los delincuentes actuaron casi en total impunidad.<\/p>\n<\/p>\n<p>Por ese motivo, el alcalde de Valpara\u00edso, Jorge Sharp, cuestion\u00f3 a trav\u00e9s de su cuenta en Twitter la actitud del gobierno y se\u00f1al\u00f3 que &#8216;El libreto no cambia: se reprime manifestaciones pac\u00edficas, pero no se detienen saqueos e incendios. Funcionarios municipales, vecinos y comerciantes arriesgan su integridad para cuidar nuestra ciudad&#8217;.<\/p>\n<\/p>\n<p>Tras calificar de nefasta la jornada del jueves y como un fracaso las medidas para contener a quienes provocan los da\u00f1os, Sharp acus\u00f3 al gobierno de &#8216;abandonar a Valpara\u00edso&#8217; y anunci\u00f3 que la municipalidad estudia presentar una demanda contra el Estado &#8216;por falta de servicio en cumplimiento en sus obligaciones&#8217;.<\/p>\n<\/p>\n<p>Juan Carrasco, alcalde de la comuna capitalina de Quilicura, denunci\u00f3 igualmente la falta de resguardo policial ante los desmanes y dijo que este viernes presentar\u00e1 una querella judicial contra quienes resulten responsables de la detenci\u00f3n ilegal de dos adultos y un ni\u00f1o en un centro comercial de esa municipalidad.<\/p>\n<\/p>\n<p>Precisamente, ese establecimiento, Mall Arauco Quilicura, fue asaltado e incendiado tras conocerse una denuncia de que hab\u00eda sido utilizado ilegalmente como centro de detenci\u00f3n y tortura de varias personas.<\/p>\n<\/p>\n<p>El alcalde declar\u00f3 adem\u00e1s que cuando el presidente Sebasti\u00e1n Pi\u00f1era &#8216;ocupa una cadena nacional para decirle al pa\u00eds que no hay carabineros y que por favor vuelvan los que se fueron, est\u00e1 diciendo &#8216;mire, no tengo ninguna capacidad de gobernar&#8217;<\/p>\n<\/p>\n<p>Por su parte, el general Enrique Basaletti, del cuerpo de Carabineros, reconoci\u00f3 hoy el uso de escopetas antimotines por las fuerzas policiales durante una concentraci\u00f3n anoche en la Plaza de la Dignidad (Baquedano), en esta capital.<\/p>\n<\/p>\n<p>En esos hechos, entre otras personas que participaban en una manifestaci\u00f3n pac\u00edfica, fue herido uno de los miembros de un equipo de prensa de un canal de la televisi\u00f3n local, aun cuando el empleo de las escopetas antimotines hab\u00eda sido suspendido desde el martes, seg\u00fan anunci\u00f3 ese d\u00eda el jefe del cuerpo de Carabineros, general Mario Rozas.<\/p>\n<\/p>\n<p>Esa medida obedeci\u00f3 al uso indiscriminado de perdigones por las fuerzas policiales, violando los protocolos establecidos, lo cual ha provocado cientos de heridos, muchos de ellos con serias lesiones oculares al recibir los impactos directamente en el rostro.<\/p>\n<\/p>\n<p>tgj\/rc<\/p>\n<h6> 2019-11-22 11:37:16 <\/h6>\n<p><!--\n<link rel=\"stylesheet\" href=\"css\/bootstrap.min.css\">\n\n\n<ul class=\"pagination\">\n\t    \n\t\n\n<li >\n\t<a href='?page_no=1088'>Previous<\/a>\n\t<\/li>\n\n\n       \n    \n\n<li><a href='?page_no=1'>1<\/a><\/li>\n\n\n\n<li><a href='?page_no=2'>2<\/a><\/li>\n\n\n\n<li><a>...<\/a><\/li>\n\n\n\n<li><a href='?page_no=1087'>1087<\/a><\/li>\n\n\n\n<li><a href='?page_no=1088'>1088<\/a><\/li>\n\n\n\n<li class='active'><a>1089<\/a><\/li>\n\n\n\n<li><a href='?page_no=1090'>1090<\/a><\/li>\n\n\n\n<li><a href='?page_no=1091'>1091<\/a><\/li>\n\n\n\n<li><a>...<\/a><\/li>\n\n\n\n<li><a href='?page_no=1549'>1549<\/a><\/li>\n\n\n\n<li><a href='?page_no=1550'>1550<\/a><\/li>\n\n    \n\t\n\n<li >\n\t<a href='?page_no=1090'>Next<\/a>\n\t<\/li>\n\n\n    \n\n<li><a href='?page_no=1550'>Last &rsaquo;&rsaquo;<\/a><\/li>\n\n<\/ul>\n\n\n--><br \/>\n<\/body><\/p>\n","protected":false},"excerpt":{"rendered":"<p>Santiago de Chile, 22 nov (Prensa Latina) Numerosas denuncias se reportan hoy por el proceder del cuerpo de Carabineros, en medio de las manifestaciones que ya cumplen cinco semanas en Chile y que la v\u00edspera culminaron con graves hechos violentos. Durante la tarde y noche del jueves ocurrieron no solo enfrentamientos entre manifestantes y carabineros, [&hellip;]<\/p>\n","protected":false},"author":3,"featured_media":0,"comment_status":"open","ping_status":"open","sticky":false,"template":"","format":"standard","meta":{"footnotes":""},"categories":[19],"tags":[],"class_list":["post-32184","post","type-post","status-publish","format-standard","hentry","category-mi-voz"],"_links":{"self":[{"href":"https:\/\/diariodominicano.com\/index.php?rest_route=\/wp\/v2\/posts\/32184","targetHints":{"allow":["GET"]}}],"collection":[{"href":"https:\/\/diariodominicano.com\/index.php?rest_route=\/wp\/v2\/posts"}],"about":[{"href":"https:\/\/diariodominicano.com\/index.php?rest_route=\/wp\/v2\/types\/post"}],"author":[{"embeddable":true,"href":"https:\/\/diariodominicano.com\/index.php?rest_route=\/wp\/v2\/users\/3"}],"replies":[{"embeddable":true,"href":"https:\/\/diariodominicano.com\/index.php?rest_route=%2Fwp%2Fv2%2Fcomments&post=32184"}],"version-history":[{"count":0,"href":"https:\/\/diariodominicano.com\/index.php?rest_route=\/wp\/v2\/posts\/32184\/revisions"}],"wp:attachment":[{"href":"https:\/\/diariodominicano.com\/index.php?rest_route=%2Fwp%2Fv2%2Fmedia&parent=32184"}],"wp:term":[{"taxonomy":"category","embeddable":true,"href":"https:\/\/diariodominicano.com\/index.php?rest_route=%2Fwp%2Fv2%2Fcategories&post=32184"},{"taxonomy":"post_tag","embeddable":true,"href":"https:\/\/diariodominicano.com\/index.php?rest_route=%2Fwp%2Fv2%2Ftags&post=32184"}],"curies":[{"name":"wp","href":"https:\/\/api.w.org\/{rel}","templated":true}]}}