{"id":32175,"date":"2019-11-25T10:41:35","date_gmt":"2019-11-25T10:41:35","guid":{"rendered":"http:\/\/diariodominicano.ddns.net\/?p=32175"},"modified":"2019-11-25T10:41:35","modified_gmt":"2019-11-25T10:41:35","slug":"breve-reflexion-sobre-bolivia-del-golpe-de-estado-del-10-de-noviembre-de-2019","status":"publish","type":"post","link":"https:\/\/diariodominicano.com\/?p=32175","title":{"rendered":"Breve reflexi\u00f3n sobre Bolivia del golpe de estado del 10 de noviembre de 2019"},"content":{"rendered":"<p><body><\/p>\n<p><img decoding=\"async\" src=\"img3\/bolv011.jpg\" \/>  <\/p>\n<p>14:37:00      Barometro Latinoamericano      <\/p>\n<\/p>\n<p>Por Bruno Lima Rocha:<\/p>\n<p>Introducci\u00f3n:<\/p>\n<\/p>\n<p>Las siguientes palabras intentan arrojar algo de luz sobre el golpe de estado ocurrido el domingo 10 de noviembre, cuando el Alto Mando de las Fuerzas Armadas de Bolivia recomend\u00f3 la renuncia del presidente constitucional Evo Morales Ayma y su vice presidente, \u00c1lvaro Garc\u00eda Linera. Este no es un texto conmovedor, sino el intento continuo de generar algo de debate incluso en el calor del momento. Se\u00f1alo en forma de temas para facilitar la comprensi\u00f3n.<\/p>\n<\/p>\n<p>Tema: \u00bfQui\u00e9n envi\u00f3 a la OEA para hacer una auditor\u00eda vinculante? \u00bfNo fueron suficientes las elecciones manipuladas de Honduras en noviembre de 2017?<\/p>\n<\/p>\n<p>\u00bfHubo alg\u00fan grado de \u00abinocencia\u00bb en el supuesto de que la misma OEA se comportar\u00eda con la facilidad del comienzo de la crisis hondure\u00f1a en junio de 2019? Lo absurdo no es realmente indescriptible. Como iba a tener referencia en alguna instituci\u00f3n gringa, \u00bfpor qu\u00e9 no llam\u00f3 a la Fundaci\u00f3n Carter? (ver https:\/\/www.cartercenter.org\/countries\/bolivia.html).<\/p>\n<\/p>\n<p>El presidente interino \u00abindirectamente elegido\u00bb en la sesi\u00f3n sin qu\u00f3rum del Senado<\/p>\n<\/p>\n<p>El 12 de noviembre, la segunda vicepresidenta del Senado, la senadora Jeanine A\u00f1ez Ch\u00e1vez (elegida por el Partido del Progreso de Bolivia &#8211; Convergencia Nacional), m\u00e1s tarde perfilada en la alianza de la Uni\u00f3n Democr\u00e1tica, toma la l\u00ednea de sucesi\u00f3n presidencial en una sesi\u00f3n suspendida por falta de qu\u00f3rum. , tanto en la C\u00e1mara de Representantes como en el Senado. El banco MAS \/ IPSP (Movimiento por el Socialismo \/ Instrumento pol\u00edtico para la soberan\u00eda de los pueblos) equivale a 2\/3 de ambas c\u00e1maras legislativas y no asisti\u00f3.<\/p>\n<\/p>\n<p>Antes, este mismo banco se hizo p\u00fablico exigiendo garant\u00edas y castigos para el fascista Luis Fernando Camacho y sus seguidores. No pudieron satisfacer ninguna de las demandas y se retiraron. Por regla constitucional, el t\u00e9rmino de amortiguaci\u00f3n ser\u00eda 90 d\u00edas de gobierno y sin gobierno. Ser\u00eda el 13 de noviembre, la televisi\u00f3n boliviana, canal PAT (con sede en Santa Cruz de la Sierra y umbilicalmente vinculado a las capitales que dominan el Comit\u00e9 C\u00edvico Pro-Santa Cruz y las hordas fascistoides), pone un abogado constitucionalista y un polit\u00f3logo justificando  todo el proceso de elegir un presidente para un per\u00edodo de amortiguaci\u00f3n sin qu\u00f3rum en la C\u00e1mara de Representantes o en el Senado. Seg\u00fan lo que informan, en Alto, por encima de La Paz, y en Chapare, la zona tropical de Cochabamba, fuertes fortalezas Aymaras y MAS, estar\u00eda bajo la ocupaci\u00f3n militar conjunta del Ej\u00e9rcito y la Polic\u00eda Nacional. En 90 d\u00edas, la hermana senadora del pastor pentecostal tendr\u00e1 que organizar elecciones generales. Parece que Argentina despu\u00e9s de la \u00abrevoluci\u00f3n liberadora\u00bb de los oligarcas y militares gorilistas de junio de 1955, proponiendo una \u00abdemocracia\u00bb sin la mayor base popular. \u00bfPuede Jeanine ser sucedido por una \u00abjunta c\u00edvico-militar\u00bb? \u00bfPuedes continuar como t\u00edtere de empresarios y militares de cruce\u00f1os advenedizos?<\/p>\n<\/p>\n<p>\u00bfQu\u00e9 pasa si vienen las elecciones? \u00bfQu\u00e9 pasa si el MAS gana? \u00bfQu\u00e9 pasa si el MAS no compite? \u00bfC\u00f3mo evitar que MAS compita? \u00bfSolo criminalizando la fiesta?<\/p>\n<\/p>\n<p>Vale la pena traer un \u00abdetalle\u00bb. Bolivia ha estado creciendo durante m\u00e1s de 13 a\u00f1os, un promedio de 4% por a\u00f1o y tiene grandes inversiones de China, Rusia y otros pa\u00edses. \u00bfContinuar\u00e1 este capital extranjero en el pa\u00eds? Aparentemente no, y la atracci\u00f3n del capital ruso y chino es tan oportunista como el liderazgo del MAS ha demostrado ser irresponsable y recalcitrante. Estar\u00edamos en Bolivia a la derecha colonizada de alegr\u00eda. El derecho boliviano como la caricatura que habr\u00eda dejado de ser<\/p>\n<\/p>\n<p>La senadora que se hace cargo de Bolivia en una sesi\u00f3n de qu\u00f3rum en el Senado es la t\u00eda de Narco, hermana de Pick Shepherd, apoyada por fascistas con empresas de agronegocios y cuentas fantasmas en Panam\u00e1 y su primera reuni\u00f3n fue con la gorila milica y vende la patria que le dio estafa el domingo. Jeanine  toma posesi\u00f3n con la biblia en su mano ya blasfemando en el primer discurso. Es un momento de alegr\u00eda para los latinoamericanos que incorporan el complejo \u00absudaca\u00bb y \u00abcucaracha\u00bb. La maldita derecha pro miamera pro-estadounidense debe estar disfrutando m\u00faltiples en sus alucinaciones dominadas que dominan en su patio trasero.<\/p>\n<\/p>\n<p>M\u00e1s all\u00e1 de la caricatura, existen profundos lazos con la econom\u00eda pol\u00edtica del delito que el Departamento de Justicia a trav\u00e9s de la DEA pretende combatir. En el departamento de Beni, de donde proviene el presidente ileg\u00edtimo Jeanine \u00c1\u00f1ez Ch\u00e1vez, los v\u00ednculos pol\u00edtico-criminales son mucho m\u00e1s profundos de lo imaginado. Traduje el informe de la Red Erbol de octubre de 2017, despu\u00e9s del arresto de dos narcotraficantes bolivianos en suelo brasile\u00f1o que transportaban 480 kg de coca\u00edna en una avioneta. <\/p>\n<\/p>\n<p>\u00abF\u00e1bio Andrade Lima Lobo es hijo de la vicegobernadora del MAS Carmen Lima Lobo. Su padre es el capo narco colombiano C\u00e9limo Andrade (ex miembro del Cartel de Cali). La senadora Jeanine A\u00f1ez Ch\u00e1vez, seg\u00fan el ministro.<\/p>\n<\/p>\n<p>Hay otros dos miembros de la familia de Fabio Andrade con una conexi\u00f3n pol\u00edtica. En ese momento eran el alcalde de San Joaqu\u00edn y un ex candidato para la asamblea departamental del asamble\u00edsta departamental Beni, el primero por la alianza MNR-UD y el segundo por la UD. (ver tambi\u00e9n https:\/\/www.diariodocentrodomundo.com.br\/senadora-presidenta-da-bolivia-fousacusada-ligigao-com-trafico-apos-sobrinho-ser-preso-com-480-kg- de-cocaina-en-Brasil \/)<\/p>\n<\/p>\n<p>Mientras circulaban denuncias de este tipo (y de la experiencia acumulada, esto es solo el comienzo, ver Honduras y el caso del hermano del presidente arrestado en los Estados Unidos por tr\u00e1fico de drogas) el golpe de estado de la Polic\u00eda Nacional hizo un comunicado p\u00fablico. En la improvisada ceremonia, el sustituto del golpe que renunci\u00f3 el lunes despu\u00e9s del golpe dijo que la instituci\u00f3n respeta la bandera de Whipala, que representa a todo el pa\u00eds boliviano, occidental y oriental, ind\u00edgena y no ind\u00edgena y ya no tolerar\u00e1 la falta de respeto por el golpe. Bandera india La senadora Jeanine \u00c1\u00f1ez Ch\u00e1vez del Partido de la Unidad Democr\u00e1tica (UD) del Departamento de Beni, abogada y ex directora del conglomerado de comunicaci\u00f3n Totalvisi\u00f3n repiti\u00f3 el mismo gesto. Ella, la presidente de la reserva, \u00abelegida\u00bb en el Senado sin qu\u00f3rum, hizo el mismo gesto de falta de respeto por los s\u00edmbolos originales. \u00bfSe puede \u00abgobernar\u00bb sin esta lealtad, sin el respaldo de la mayor\u00eda de la poblaci\u00f3n del pa\u00eds?<\/p>\n<\/p>\n<p>Solidaridad con el pueblo de Bolivia y cr\u00edticas al MAS, sin objeciones.<\/p>\n<\/p>\n<p>S\u00e9 que el tema es delicado, pero no se puede negar que la direcci\u00f3n del MAS, desde su d\u00fao de gobierno, realmente empuj\u00f3 la barra. Fueron al refer\u00e9ndum en febrero de 2016 y perdieron. No deb\u00edan postularse para la cuarta reelecci\u00f3n y podr\u00edan producir un proceso gigantesco de consulta popular y participaci\u00f3n para indicar la nueva consigna del oficialismo en ese momento. Hicieron todo lo contrario, rompieron las bases sociales e ind\u00edgenas y crearon condiciones para un voto de protesta en el oligarca Carlos Mesa (\u00a1delante de un paraguas llamado Citizen Community y encima con un diputado con una maestr\u00eda en administraci\u00f3n p\u00fablica de Harvard!), El ex diputado de Goni (Gonzalo S\u00e1nchez de Lozada) que se postul\u00f3 en octubre de 2003 en la Guerra del Gas. Por absurdo que sea el oponente de Evo, hubo mucha subestimaci\u00f3n en el llamado a un \u00abvoto de protesta\u00bb.<\/p>\n<p>\u00ab<\/p>\n<p>Es un hecho. El personalismo radical es, sin embargo, personalismo. Un compa\u00f1ero profesor universitario en el campo de la geograf\u00eda, con muchas conexiones bolivianas, as\u00ed como experiencia directa en la regi\u00f3n, ha estado alertando sobre el tema y de manera adecuada. En los catorce a\u00f1os de Evo y su vicepresidente de maniobras, hubo muchas tensiones en la relaci\u00f3n de soberan\u00eda de los Territorios y el \u00e9nfasis en el modelo extractivista para vencer al efectivo, el super\u00e1vit, mantener las tasas de crecimiento y as\u00ed lograr los objetivos del gobierno fueron los males constantes de Evo. y Linera.<\/p>\n<\/p>\n<p>S\u00ed, gobernar es tomar decisiones, pero lo primero es adelantar los procesos de legitimaci\u00f3n de esas elecciones. Y, lo m\u00e1s importante, a trav\u00e9s de la consulta soberana, ya que la constituci\u00f3n Plurinacional misma lo garantiza.<\/p>\n<\/p>\n<p>Todo sali\u00f3 mal en la doble institucionalizaci\u00f3n incompleta. No se pierde nada, pero los racistas colonizados cambiaron las tornas y con sus altas \u00f3rdenes militares a su lado y ayudando. Debe revisarse la relaci\u00f3n con las Fuerzas Armadas, al menos las fuerzas electorales dedicadas a ganar poder en la votaci\u00f3n de la democracia liberal poscolonial. Muchas lecciones aprendidas de la calle, los asesinatos de Cochabamba y la rebeli\u00f3n de El Alto que est\u00e1 lejos de terminar<\/p>\n<p>.<\/p>\n<p>S\u00ed, fuerte y claro tienes que entender. La lucha en Bolivia no es por Evo o MAS, no solo. Va mucho m\u00e1s all\u00e1 de eso, supera las condenables maquinaciones de \u00c1lvaro Garc\u00eda Linera y tiene un significado concreto para toda Am\u00e9rica Latina y el Caribe.<\/p>\n<\/p>\n<p>Tal importancia puede afectar la apreciaci\u00f3n de nuestras sociedades de otros pa\u00edses. Los gobiernos \u00abamigos\u00bb como Rusia y China juegan un doble juego, \u00abde facto\u00bb reconocen al gobierno de Jeanine, el elegido en el Senado sin qu\u00f3rum, mientras dicen que hubo un golpe de estado. El juego en el Sistema Internacional no es sucio, es sucio y sucio.<\/p>\n<\/p>\n<p>La base del malentendido de los an\u00e1lisis \u00abprogresivos\u00bb: \u00a1sin tener en cuenta Whipala o nada!<\/p>\n<p>Hay un problema fundamental en muchos, muchos an\u00e1lisis de colegas izquierdistas (sin iron\u00edas ni inconvenientes) sobre la crisis institucional y el golpe de estado en Bolivia el domingo 10 de noviembre.<\/p>\n<\/p>\n<p>Por lo general, no aportan nada nuevo y, por el contrario, hay una tendencia a ignorar o ignorar (que es casi el mismo efecto). Al no tener en cuenta lo m\u00e1s importante, el Estado Plurinacional y el hecho de que, en general, en Bolivia, el ganador no lo hace, porque no hay capacidad estatal para gobernar si hay un m\u00ednimo de consenso de oposici\u00f3n de al menos la mitad de las naciones de origen<\/p>\n<\/p>\n<p>Adem\u00e1s de no querer leer lo que sucede en el territorio, por el contrario, existe una tendencia a ignorar o ignorar (que es casi el mismo efecto). \u00bfFalta una institucionalidad original y popular que pueda contrarrestar el aparato de represi\u00f3n estatal? S\u00ed, sin duda. Es decir, el problema no era el modelo en s\u00ed, sino la condici\u00f3n incompleta del modelo, bajo la tutela del MAS de Garc\u00eda Linera, enviando muy por encima del IPSP de los pueblos.<\/p>\n<\/p>\n<p>Es dif\u00edcil decir eso ahora, pero los hechos son los hechos. Desde aqu\u00ed en los Andes, hacemos un gran esfuerzo no solo para comprender la lucha de las 36 naciones nativas de la tierra de Juana Azurduy y Bartolina Sisa, o nunca mediremos las posibilidades reales de las luchas de los pueblos de Brasil, incluida la defensa incondicional. territorios ind\u00edgenas y quilombolas, as\u00ed como la urgente necesidad de promover el ecumenismo desde cero para contrarrestar el cristofascismo, as\u00ed retratado y denunciado por te\u00f3logos avanzados como Nancy Cardoso.<\/p>\n<\/p>\n<p>La evidencia concluyente<\/p>\n<p>Para nosotros los latinoamericanos solo podemos hacer como Jos\u00e9 Gerv\u00e1sio Atrigas, blancos o no, y sumergirnos en las ra\u00edces de las luchas de resistencia de este pedazo de mundo, aplicar un estado de igualdad absoluta, tanto en los reclamos como en el estado de legalidad y luchar por Andr\u00e9s Guazurar\u00ed (Andresito Guacurar\u00ed y Artigas) y Joaqu\u00edn Lenzina (el Negro Ansina). Solo entonces nos daremos cuenta de que \u00abno podemos esperar m\u00e1s que a nosotros mismos\u00bb.<\/p>\n<p>\u00abA la huella a la huella, de Bartolina Sisa y Juana Azurduy!\u00bb<\/p>\n<p>blimarocha@gmail.com<\/p>\n<\/p>\n<\/p>\n<p>Barometro Latinoamericano, Bruno Lima, Evo Morales, Fundaci\u00f3n Carter, instituci\u00f3n gringa, OEA, Presidente Constitucional, revoluci\u00f3n liberadora    <\/p>\n<h6> 2019-11-25 10:41:35 <\/h6>\n<p><!--\n<link rel=\"stylesheet\" href=\"css\/bootstrap.min.css\">\n\n\n<ul class=\"pagination\">\n\t    \n\t\n\n<li >\n\t<a href='?page_no=1079'>Previous<\/a>\n\t<\/li>\n\n\n       \n    \n\n<li><a href='?page_no=1'>1<\/a><\/li>\n\n\n\n<li><a href='?page_no=2'>2<\/a><\/li>\n\n\n\n<li><a>...<\/a><\/li>\n\n\n\n<li><a href='?page_no=1078'>1078<\/a><\/li>\n\n\n\n<li><a href='?page_no=1079'>1079<\/a><\/li>\n\n\n\n<li class='active'><a>1080<\/a><\/li>\n\n\n\n<li><a href='?page_no=1081'>1081<\/a><\/li>\n\n\n\n<li><a href='?page_no=1082'>1082<\/a><\/li>\n\n\n\n<li><a>...<\/a><\/li>\n\n\n\n<li><a href='?page_no=1549'>1549<\/a><\/li>\n\n\n\n<li><a href='?page_no=1550'>1550<\/a><\/li>\n\n    \n\t\n\n<li >\n\t<a href='?page_no=1081'>Next<\/a>\n\t<\/li>\n\n\n    \n\n<li><a href='?page_no=1550'>Last &rsaquo;&rsaquo;<\/a><\/li>\n\n<\/ul>\n\n\n--><br \/>\n<\/body><\/p>\n","protected":false},"excerpt":{"rendered":"<p>14:37:00 Barometro Latinoamericano Por Bruno Lima Rocha: Introducci\u00f3n: Las siguientes palabras intentan arrojar algo de luz sobre el golpe de estado ocurrido el domingo 10 de noviembre, cuando el Alto Mando de las Fuerzas Armadas de Bolivia recomend\u00f3 la renuncia del presidente constitucional Evo Morales Ayma y su vice presidente, \u00c1lvaro Garc\u00eda Linera. Este no [&hellip;]<\/p>\n","protected":false},"author":3,"featured_media":0,"comment_status":"open","ping_status":"open","sticky":false,"template":"","format":"standard","meta":{"footnotes":""},"categories":[19],"tags":[],"class_list":["post-32175","post","type-post","status-publish","format-standard","hentry","category-mi-voz"],"_links":{"self":[{"href":"https:\/\/diariodominicano.com\/index.php?rest_route=\/wp\/v2\/posts\/32175","targetHints":{"allow":["GET"]}}],"collection":[{"href":"https:\/\/diariodominicano.com\/index.php?rest_route=\/wp\/v2\/posts"}],"about":[{"href":"https:\/\/diariodominicano.com\/index.php?rest_route=\/wp\/v2\/types\/post"}],"author":[{"embeddable":true,"href":"https:\/\/diariodominicano.com\/index.php?rest_route=\/wp\/v2\/users\/3"}],"replies":[{"embeddable":true,"href":"https:\/\/diariodominicano.com\/index.php?rest_route=%2Fwp%2Fv2%2Fcomments&post=32175"}],"version-history":[{"count":0,"href":"https:\/\/diariodominicano.com\/index.php?rest_route=\/wp\/v2\/posts\/32175\/revisions"}],"wp:attachment":[{"href":"https:\/\/diariodominicano.com\/index.php?rest_route=%2Fwp%2Fv2%2Fmedia&parent=32175"}],"wp:term":[{"taxonomy":"category","embeddable":true,"href":"https:\/\/diariodominicano.com\/index.php?rest_route=%2Fwp%2Fv2%2Fcategories&post=32175"},{"taxonomy":"post_tag","embeddable":true,"href":"https:\/\/diariodominicano.com\/index.php?rest_route=%2Fwp%2Fv2%2Ftags&post=32175"}],"curies":[{"name":"wp","href":"https:\/\/api.w.org\/{rel}","templated":true}]}}